{"id":540,"date":"2026-09-02T11:00:17","date_gmt":"2026-09-02T14:00:17","guid":{"rendered":"https:\/\/www.ufsm.br\/cursos\/pos-graduacao\/santa-maria\/ppgsspp\/?p=540"},"modified":"2026-09-02T11:01:03","modified_gmt":"2026-09-02T14:01:03","slug":"docentes-do-ppgsspp-participam-de-congresso-internacional-e-fortalecem-parcerias-academicas-na-ibero-america","status":"publish","type":"post","link":"https:\/\/www.ufsm.br\/cursos\/pos-graduacao\/santa-maria\/ppgsspp\/2026\/09\/02\/docentes-do-ppgsspp-participam-de-congresso-internacional-e-fortalecem-parcerias-academicas-na-ibero-america","title":{"rendered":"Docentes do PPGSSPP participam de Congresso Internacional e fortalecem parcerias acad\u00eamicas na Ibero-Am\u00e9rica"},"content":{"rendered":"\t\t<div data-elementor-type=\"wp-post\" data-elementor-id=\"540\" class=\"elementor elementor-540\">\n\t\t\t\t\t\t<section class=\"elementor-section elementor-top-section elementor-element elementor-element-723983d3 elementor-section-boxed elementor-section-height-default elementor-section-height-default\" data-id=\"723983d3\" data-element_type=\"section\">\n\t\t\t\t\t\t<div class=\"elementor-container elementor-column-gap-default\">\n\t\t\t\t\t<div class=\"elementor-column elementor-col-100 elementor-top-column elementor-element elementor-element-154f17b7\" data-id=\"154f17b7\" data-element_type=\"column\">\n\t\t\t<div class=\"elementor-widget-wrap elementor-element-populated\">\n\t\t\t\t\t\t<div class=\"elementor-element elementor-element-36333854 elementor-widget elementor-widget-text-editor\" data-id=\"36333854\" data-element_type=\"widget\" data-widget_type=\"text-editor.default\">\n\t\t\t\t<div class=\"elementor-widget-container\">\n\t\t\t\t\t\t\t<!-- wp:tadv\/classic-paragraph -->\n<p data-start=\"1029\" data-end=\"1428\">\u00a0<\/p>\n<p class=\"PDq2pG_selectionAnchorContainer\" style=\"text-align: justify\" data-start=\"1029\" data-end=\"1428\"><img fetchpriority=\"high\" decoding=\"async\" class=\"alignleft  wp-image-541\" src=\"https:\/\/www.ufsm.br\/app\/uploads\/sites\/924\/2026\/09\/e183b852-ca88-442c-8b24-e32a49bbdaab.jpg\" alt=\"\" width=\"508\" height=\"381\" srcset=\"https:\/\/www.ufsm.br\/app\/uploads\/sites\/924\/2026\/09\/e183b852-ca88-442c-8b24-e32a49bbdaab.jpg 1600w, https:\/\/www.ufsm.br\/app\/uploads\/sites\/924\/2026\/09\/e183b852-ca88-442c-8b24-e32a49bbdaab-300x225.jpg 300w, https:\/\/www.ufsm.br\/app\/uploads\/sites\/924\/2026\/09\/e183b852-ca88-442c-8b24-e32a49bbdaab-1024x768.jpg 1024w, https:\/\/www.ufsm.br\/app\/uploads\/sites\/924\/2026\/09\/e183b852-ca88-442c-8b24-e32a49bbdaab-768x576.jpg 768w, https:\/\/www.ufsm.br\/app\/uploads\/sites\/924\/2026\/09\/e183b852-ca88-442c-8b24-e32a49bbdaab-1536x1152.jpg 1536w\" sizes=\"(max-width: 508px) 100vw, 508px\" \/><\/p>\n<p class=\"PDq2pG_selectionAnchorContainer\" style=\"text-align: justify\" data-start=\"1029\" data-end=\"1428\">Os professores <strong data-start=\"1044\" data-end=\"1087\">Sheila Kocourek e Jairo da Luz Oliveira<\/strong>, docentes do Programa de P\u00f3s-Gradua\u00e7\u00e3o em Servi\u00e7o Social e Pol\u00edticas P\u00fablicas (PPGSSPP) da Universidade Federal de Santa Maria (UFSM), participaram, entre os dias <strong data-start=\"1251\" data-end=\"1280\">26 e 28 de agosto de 2026<\/strong>, do <strong data-start=\"1285\" data-end=\"1427\">XXXVIII Congreso Internacional de la Asociaci\u00f3n Iberoamericana de Investigaci\u00f3n en Sociolog\u00eda de las Organizaciones y Comunicaci\u00f3n (AISOC)<\/strong>.<\/p>\n<p style=\"text-align: justify\" data-start=\"1430\" data-end=\"1765\">O evento foi realizado na <strong data-start=\"1456\" data-end=\"1542\">Universidad de la Rep\u00fablica (Udelar), Cenur Litoral Norte \u2013 Sede Salto, no Uruguai<\/strong>, e reuniu pesquisadoras e pesquisadores de diferentes pa\u00edses ibero-americanos, constituindo espa\u00e7o de interc\u00e2mbio cient\u00edfico, di\u00e1logo e constru\u00e7\u00e3o de redes de coopera\u00e7\u00e3o internacional.<\/p>\n<p style=\"text-align: justify\" data-start=\"1767\" data-end=\"2068\">Al\u00e9m da participa\u00e7\u00e3o nas atividades acad\u00eamicas e da apresenta\u00e7\u00e3o de pesquisas, a presen\u00e7a dos docentes do PPGSSPP possibilitou a amplia\u00e7\u00e3o e o fortalecimento de parcerias com pesquisadores e universidades da <strong data-start=\"1975\" data-end=\"2029\">Espanha, Costa Rica, Col\u00f4mbia, Argentina e Uruguai<\/strong>.<\/p>\n<p style=\"text-align: justify\" data-start=\"2070\" data-end=\"2484\">Os contatos e as articula\u00e7\u00f5es estabelecidos durante o Congresso abrem novas perspectivas para <strong data-start=\"2164\" data-end=\"2303\">interc\u00e2mbios, mobilidade acad\u00eamica, pesquisas e publica\u00e7\u00f5es conjuntas, realiza\u00e7\u00e3o de eventos e outras a\u00e7\u00f5es de coopera\u00e7\u00e3o internacional<\/strong>, contribuindo para o fortalecimento da internacionaliza\u00e7\u00e3o do PPGSSPP e para a amplia\u00e7\u00e3o de sua inser\u00e7\u00e3o em redes acad\u00eamicas ibero-americanas.<\/p>\n<!-- \/wp:tadv\/classic-paragraph -->\t\t\t\t\t\t<\/div>\n\t\t\t\t<\/div>\n\t\t\t\t\t<\/div>\n\t\t<\/div>\n\t\t\t\t\t<\/div>\n\t\t<\/section>\n\t\t\t\t<\/div>\n\t\t","protected":false},"excerpt":{"rendered":"<p>\u00a0 Os professores Sheila Kocourek e Jairo da Luz Oliveira, docentes do Programa de P\u00f3s-Gradua\u00e7\u00e3o em Servi\u00e7o Social e Pol\u00edticas P\u00fablicas (PPGSSPP) da Universidade Federal de Santa Maria (UFSM), participaram, entre os dias 26 e 28 de agosto de 2026, do XXXVIII Congreso Internacional de la Asociaci\u00f3n Iberoamericana de Investigaci\u00f3n en Sociolog\u00eda de las Organizaciones [&hellip;]<\/p>\n","protected":false},"author":905,"featured_media":0,"comment_status":"closed","ping_status":"closed","sticky":false,"template":"","format":"standard","meta":{"footnotes":""},"categories":[9,28,2,1],"tags":[],"class_list":["post-540","post","type-post","status-publish","format-standard","hentry","category-destaques","category-eventos","category-noticias","category-sem-categoria"],"acf":[],"_links":{"self":[{"href":"https:\/\/www.ufsm.br\/cursos\/pos-graduacao\/santa-maria\/ppgsspp\/wp-json\/wp\/v2\/posts\/540","targetHints":{"allow":["GET"]}}],"collection":[{"href":"https:\/\/www.ufsm.br\/cursos\/pos-graduacao\/santa-maria\/ppgsspp\/wp-json\/wp\/v2\/posts"}],"about":[{"href":"https:\/\/www.ufsm.br\/cursos\/pos-graduacao\/santa-maria\/ppgsspp\/wp-json\/wp\/v2\/types\/post"}],"author":[{"embeddable":true,"href":"https:\/\/www.ufsm.br\/cursos\/pos-graduacao\/santa-maria\/ppgsspp\/wp-json\/wp\/v2\/users\/905"}],"replies":[{"embeddable":true,"href":"https:\/\/www.ufsm.br\/cursos\/pos-graduacao\/santa-maria\/ppgsspp\/wp-json\/wp\/v2\/comments?post=540"}],"version-history":[{"count":0,"href":"https:\/\/www.ufsm.br\/cursos\/pos-graduacao\/santa-maria\/ppgsspp\/wp-json\/wp\/v2\/posts\/540\/revisions"}],"wp:attachment":[{"href":"https:\/\/www.ufsm.br\/cursos\/pos-graduacao\/santa-maria\/ppgsspp\/wp-json\/wp\/v2\/media?parent=540"}],"wp:term":[{"taxonomy":"category","embeddable":true,"href":"https:\/\/www.ufsm.br\/cursos\/pos-graduacao\/santa-maria\/ppgsspp\/wp-json\/wp\/v2\/categories?post=540"},{"taxonomy":"post_tag","embeddable":true,"href":"https:\/\/www.ufsm.br\/cursos\/pos-graduacao\/santa-maria\/ppgsspp\/wp-json\/wp\/v2\/tags?post=540"}],"curies":[{"name":"wp","href":"https:\/\/api.w.org\/{rel}","templated":true}]}}