{"id":542,"date":"2026-09-04T11:46:18","date_gmt":"2026-09-04T14:46:18","guid":{"rendered":"https:\/\/www.ufsm.br\/cursos\/pos-graduacao\/santa-maria\/ppgsspp\/?p=542"},"modified":"2026-09-04T11:55:54","modified_gmt":"2026-09-04T14:55:54","slug":"docente-do-ppgsspp-participa-do-pet-saude-digital-e-fortalece-aproximacoes-entre-servico-social-saude-e-tecnologias-digitais","status":"publish","type":"post","link":"https:\/\/www.ufsm.br\/cursos\/pos-graduacao\/santa-maria\/ppgsspp\/2026\/09\/04\/docente-do-ppgsspp-participa-do-pet-saude-digital-e-fortalece-aproximacoes-entre-servico-social-saude-e-tecnologias-digitais","title":{"rendered":"Docente do PPGSSPP participa do PET-Sa\u00fade Digital e fortalece aproxima\u00e7\u00f5es entre Servi\u00e7o Social, sa\u00fade e tecnologias digitais"},"content":{"rendered":"\t\t<div data-elementor-type=\"wp-post\" data-elementor-id=\"542\" class=\"elementor elementor-542\">\n\t\t\t\t\t\t<section class=\"elementor-section elementor-top-section elementor-element elementor-element-7736d0e8 elementor-section-boxed elementor-section-height-default elementor-section-height-default\" data-id=\"7736d0e8\" data-element_type=\"section\">\n\t\t\t\t\t\t<div class=\"elementor-container elementor-column-gap-default\">\n\t\t\t\t\t<div class=\"elementor-column elementor-col-100 elementor-top-column elementor-element elementor-element-3ae91719\" data-id=\"3ae91719\" data-element_type=\"column\">\n\t\t\t<div class=\"elementor-widget-wrap elementor-element-populated\">\n\t\t\t\t\t\t<div class=\"elementor-element elementor-element-8705048 elementor-widget elementor-widget-text-editor\" data-id=\"8705048\" data-element_type=\"widget\" data-widget_type=\"text-editor.default\">\n\t\t\t\t<div class=\"elementor-widget-container\">\n\t\t\t\t\t\t\t<!-- wp:tadv\/classic-paragraph -->\n<p class=\"PDq2pG_selectionAnchorContainer\" style=\"text-align: justify\" data-start=\"916\" data-end=\"1175\"><img fetchpriority=\"high\" decoding=\"async\" class=\"alignleft  wp-image-543\" src=\"https:\/\/www.ufsm.br\/app\/uploads\/sites\/924\/2026\/09\/WhatsApp-Image-2026-.jpeg\" alt=\"\" width=\"564\" height=\"705\" srcset=\"https:\/\/www.ufsm.br\/app\/uploads\/sites\/924\/2026\/09\/WhatsApp-Image-2026-.jpeg 1280w, https:\/\/www.ufsm.br\/app\/uploads\/sites\/924\/2026\/09\/WhatsApp-Image-2026--240x300.jpeg 240w, https:\/\/www.ufsm.br\/app\/uploads\/sites\/924\/2026\/09\/WhatsApp-Image-2026--819x1024.jpeg 819w, https:\/\/www.ufsm.br\/app\/uploads\/sites\/924\/2026\/09\/WhatsApp-Image-2026--768x960.jpeg 768w, https:\/\/www.ufsm.br\/app\/uploads\/sites\/924\/2026\/09\/WhatsApp-Image-2026--1229x1536.jpeg 1229w\" sizes=\"(max-width: 564px) 100vw, 564px\" \/><\/p>\n<p data-start=\"916\" data-end=\"1175\">\u00a0<\/p>\n<p class=\"PDq2pG_selectionAnchorContainer\" style=\"text-align: justify\" data-start=\"916\" data-end=\"1175\">A <strong data-start=\"918\" data-end=\"1042\">Profa. Eliana Mourgues Cogoy, docente do Programa de P\u00f3s-Gradua\u00e7\u00e3o em Servi\u00e7o Social e Pol\u00edticas P\u00fablicas (PPGSSPP\/UFSM)<\/strong>, participa do <strong data-start=\"1057\" data-end=\"1078\">PET-Sa\u00fade Digital<\/strong>, em uma experi\u00eancia que promove aproxima\u00e7\u00f5es entre Servi\u00e7o Social, sa\u00fade e tecnologias digitais.<\/p>\n<p style=\"text-align: justify\" data-start=\"1177\" data-end=\"1453\">A participa\u00e7\u00e3o no Programa tem se constitu\u00eddo como uma importante experi\u00eancia de integra\u00e7\u00e3o entre <strong data-start=\"1275\" data-end=\"1306\">ensino, pesquisa e extens\u00e3o<\/strong>, possibilitando maior aproxima\u00e7\u00e3o com os servi\u00e7os de sa\u00fade e com os desafios relacionados \u00e0 transforma\u00e7\u00e3o digital no Sistema \u00danico de Sa\u00fade (SUS).<\/p>\n<p style=\"text-align: justify\" data-start=\"1455\" data-end=\"1704\">As atividades desenvolvidas envolvem <strong data-start=\"1492\" data-end=\"1665\">a\u00e7\u00f5es formativas, reuni\u00f5es, visitas t\u00e9cnicas e discuss\u00f5es sobre processos de trabalho, sistemas de informa\u00e7\u00e3o e demandas identificadas nos diferentes cen\u00e1rios de pr\u00e1tica<\/strong>.<\/p>\n<p style=\"text-align: justify\" data-start=\"1706\" data-end=\"2155\">A atua\u00e7\u00e3o contempla tamb\u00e9m a participa\u00e7\u00e3o no <strong data-start=\"1751\" data-end=\"1768\">Comit\u00ea Gestor<\/strong> e no <strong data-start=\"1774\" data-end=\"1809\">N\u00facleo de Comunica\u00e7\u00e3o e Eventos<\/strong>, contribuindo para o fortalecimento da dimens\u00e3o interdisciplinar e coletiva do Programa. Nesse percurso, destaca-se a aproxima\u00e7\u00e3o entre <strong data-start=\"1946\" data-end=\"1994\">Servi\u00e7o Social, sa\u00fade e tecnologias digitais<\/strong>, especialmente a partir da reflex\u00e3o sobre comunica\u00e7\u00e3o, fluxos de informa\u00e7\u00e3o e processos de trabalho nos servi\u00e7os de sa\u00fade.<\/p>\n<p data-start=\"2157\" data-end=\"2427\">\u00a0<\/p>\n<p style=\"text-align: justify\" data-start=\"2157\" data-end=\"2427\">A experi\u00eancia favorece, ainda, a troca de conhecimentos entre <strong data-start=\"2219\" data-end=\"2272\">estudantes, docentes e profissionais dos servi\u00e7os<\/strong>, contribuindo para uma compreens\u00e3o cr\u00edtica da sa\u00fade digital e de suas possibilidades e desafios no cotidiano do SUS.<\/p>\n<!-- \/wp:tadv\/classic-paragraph -->\t\t\t\t\t\t<\/div>\n\t\t\t\t<\/div>\n\t\t\t\t\t<\/div>\n\t\t<\/div>\n\t\t\t\t\t<\/div>\n\t\t<\/section>\n\t\t\t\t<\/div>\n\t\t","protected":false},"excerpt":{"rendered":"<p>\u00a0 A Profa. Eliana Mourgues Cogoy, docente do Programa de P\u00f3s-Gradua\u00e7\u00e3o em Servi\u00e7o Social e Pol\u00edticas P\u00fablicas (PPGSSPP\/UFSM), participa do PET-Sa\u00fade Digital, em uma experi\u00eancia que promove aproxima\u00e7\u00f5es entre Servi\u00e7o Social, sa\u00fade e tecnologias digitais. A participa\u00e7\u00e3o no Programa tem se constitu\u00eddo como uma importante experi\u00eancia de integra\u00e7\u00e3o entre ensino, pesquisa e extens\u00e3o, possibilitando maior [&hellip;]<\/p>\n","protected":false},"author":905,"featured_media":0,"comment_status":"closed","ping_status":"closed","sticky":false,"template":"","format":"standard","meta":{"footnotes":""},"categories":[1],"tags":[],"class_list":["post-542","post","type-post","status-publish","format-standard","hentry","category-sem-categoria"],"acf":[],"_links":{"self":[{"href":"https:\/\/www.ufsm.br\/cursos\/pos-graduacao\/santa-maria\/ppgsspp\/wp-json\/wp\/v2\/posts\/542","targetHints":{"allow":["GET"]}}],"collection":[{"href":"https:\/\/www.ufsm.br\/cursos\/pos-graduacao\/santa-maria\/ppgsspp\/wp-json\/wp\/v2\/posts"}],"about":[{"href":"https:\/\/www.ufsm.br\/cursos\/pos-graduacao\/santa-maria\/ppgsspp\/wp-json\/wp\/v2\/types\/post"}],"author":[{"embeddable":true,"href":"https:\/\/www.ufsm.br\/cursos\/pos-graduacao\/santa-maria\/ppgsspp\/wp-json\/wp\/v2\/users\/905"}],"replies":[{"embeddable":true,"href":"https:\/\/www.ufsm.br\/cursos\/pos-graduacao\/santa-maria\/ppgsspp\/wp-json\/wp\/v2\/comments?post=542"}],"version-history":[{"count":0,"href":"https:\/\/www.ufsm.br\/cursos\/pos-graduacao\/santa-maria\/ppgsspp\/wp-json\/wp\/v2\/posts\/542\/revisions"}],"wp:attachment":[{"href":"https:\/\/www.ufsm.br\/cursos\/pos-graduacao\/santa-maria\/ppgsspp\/wp-json\/wp\/v2\/media?parent=542"}],"wp:term":[{"taxonomy":"category","embeddable":true,"href":"https:\/\/www.ufsm.br\/cursos\/pos-graduacao\/santa-maria\/ppgsspp\/wp-json\/wp\/v2\/categories?post=542"},{"taxonomy":"post_tag","embeddable":true,"href":"https:\/\/www.ufsm.br\/cursos\/pos-graduacao\/santa-maria\/ppgsspp\/wp-json\/wp\/v2\/tags?post=542"}],"curies":[{"name":"wp","href":"https:\/\/api.w.org\/{rel}","templated":true}]}}