{"id":481,"date":"2026-08-28T08:48:49","date_gmt":"2026-08-28T11:48:49","guid":{"rendered":"https:\/\/www.ufsm.br\/cursos\/pos-graduacao\/santa-maria\/profhistoria\/?p=481"},"modified":"2026-08-28T09:05:26","modified_gmt":"2026-08-28T12:05:26","slug":"selecao-para-mestrado-e-doutorado-do-profhistoria","status":"publish","type":"post","link":"https:\/\/www.ufsm.br\/cursos\/pos-graduacao\/santa-maria\/profhistoria\/2026\/08\/28\/selecao-para-mestrado-e-doutorado-do-profhistoria","title":{"rendered":"Editais de sele\u00e7\u00e3o para Mestrado e Doutorado do ProfHist\u00f3ria"},"content":{"rendered":"\t\t<div data-elementor-type=\"wp-post\" data-elementor-id=\"481\" class=\"elementor elementor-481\">\n\t\t\t\t\t\t<section class=\"elementor-section elementor-top-section elementor-element elementor-element-e161150 elementor-section-boxed elementor-section-height-default elementor-section-height-default\" data-id=\"e161150\" data-element_type=\"section\">\n\t\t\t\t\t\t<div class=\"elementor-container elementor-column-gap-default\">\n\t\t\t\t\t<div class=\"elementor-column elementor-col-100 elementor-top-column elementor-element elementor-element-3fd2d9b\" data-id=\"3fd2d9b\" data-element_type=\"column\">\n\t\t\t<div class=\"elementor-widget-wrap elementor-element-populated\">\n\t\t\t\t\t\t<div class=\"elementor-element elementor-element-84a646e elementor-widget elementor-widget-text-editor\" data-id=\"84a646e\" data-element_type=\"widget\" data-widget_type=\"text-editor.default\">\n\t\t\t\t<div class=\"elementor-widget-container\">\n\t\t\t\t\t\t\t<div>\n<p class=\"PDq2pG_selectionAnchorContainer\" data-start=\"0\" data-end=\"162\">J\u00e1 est\u00e3o publicados os <strong data-start=\"23\" data-end=\"80\">editais dos processos seletivos para ingresso em 2027<\/strong> no Mestrado e no Doutorado Profissional em Ensino de Hist\u00f3ria \u2013 <strong data-start=\"145\" data-end=\"161\">ProfHist\u00f3ria<\/strong>.<\/p>\n<ul>\n<li data-start=\"164\" data-end=\"211\"><strong data-start=\"164\" data-end=\"211\">Mestrado Profissional em Ensino de Hist\u00f3ria<\/strong><\/li>\n<\/ul>\n<p data-start=\"213\" data-end=\"280\">As inscri\u00e7\u00f5es estar\u00e3o abertas no per\u00edodo de <strong data-start=\"257\" data-end=\"279\">26\/08 a 17\/11\/2026<\/strong>.<\/p>\n<p data-start=\"282\" data-end=\"319\"><strong><span class=\"contents\" data-content-reference-start=\"282\" data-content-reference-end=\"441\"><span class=\"\" data-state=\"closed\"><a class=\"decorated-link\" href=\"https:\/\/econrio.com.br\/index.php\/course\/mestrado-profissional-em-ensino-de-historia-profhistoria-2027?utm_source=chatgpt.com\" target=\"_blank\" rel=\"noopener\">Acesse o edital e mais informa\u00e7\u00f5es sobre o Mestrado<\/a><\/span><\/span><\/strong><\/p>\n<p data-start=\"282\" data-end=\"319\">\u00a0<\/p>\n<ul>\n<li data-start=\"321\" data-end=\"369\"><strong data-start=\"321\" data-end=\"369\">Doutorado Profissional em Ensino de Hist\u00f3ria<\/strong><\/li>\n<\/ul>\n<p data-start=\"371\" data-end=\"438\">As inscri\u00e7\u00f5es estar\u00e3o abertas no per\u00edodo de <strong data-start=\"415\" data-end=\"437\">26\/08 a 09\/10\/2026<\/strong>.<\/p>\n<p data-start=\"440\" data-end=\"477\" data-is-last-node=\"\" data-is-only-node=\"\"><strong><span class=\"contents\" data-content-reference-start=\"562\" data-content-reference-end=\"724\"><span class=\"\" data-state=\"closed\"><a class=\"decorated-link\" href=\"https:\/\/econrio.com.br\/index.php\/course\/doutorado-profissional-em-ensino-de-historia-profhistoria-2027\/?utm_source=chatgpt.com\" target=\"_blank\" rel=\"noopener\">Acesse o edital e mais informa\u00e7\u00f5es sobre o Doutorado<\/a><\/span><\/span><\/strong><\/p>\n<\/div>\n<div>\u00a0<\/div>\t\t\t\t\t\t<\/div>\n\t\t\t\t<\/div>\n\t\t\t\t\t<\/div>\n\t\t<\/div>\n\t\t\t\t\t<\/div>\n\t\t<\/section>\n\t\t\t\t<\/div>\n\t\t","protected":false},"excerpt":{"rendered":"<p>J\u00e1 est\u00e3o publicados os editais dos processos seletivos para ingresso em 2027 no Mestrado e no Doutorado Profissional em Ensino de Hist\u00f3ria \u2013 ProfHist\u00f3ria. Mestrado Profissional em Ensino de Hist\u00f3ria As inscri\u00e7\u00f5es estar\u00e3o abertas no per\u00edodo de 26\/08 a 17\/11\/2026. Acesse o edital e mais informa\u00e7\u00f5es sobre o Mestrado Doutorado Profissional em Ensino de Hist\u00f3ria [&hellip;]<\/p>\n","protected":false},"author":8966,"featured_media":486,"comment_status":"closed","ping_status":"closed","sticky":false,"template":"","format":"standard","meta":{"footnotes":""},"categories":[88,9,2],"tags":[],"class_list":["post-481","post","type-post","status-publish","format-standard","has-post-thumbnail","hentry","category-banner","category-destaques","category-noticias"],"acf":[],"_links":{"self":[{"href":"https:\/\/www.ufsm.br\/cursos\/pos-graduacao\/santa-maria\/profhistoria\/wp-json\/wp\/v2\/posts\/481","targetHints":{"allow":["GET"]}}],"collection":[{"href":"https:\/\/www.ufsm.br\/cursos\/pos-graduacao\/santa-maria\/profhistoria\/wp-json\/wp\/v2\/posts"}],"about":[{"href":"https:\/\/www.ufsm.br\/cursos\/pos-graduacao\/santa-maria\/profhistoria\/wp-json\/wp\/v2\/types\/post"}],"author":[{"embeddable":true,"href":"https:\/\/www.ufsm.br\/cursos\/pos-graduacao\/santa-maria\/profhistoria\/wp-json\/wp\/v2\/users\/8966"}],"replies":[{"embeddable":true,"href":"https:\/\/www.ufsm.br\/cursos\/pos-graduacao\/santa-maria\/profhistoria\/wp-json\/wp\/v2\/comments?post=481"}],"version-history":[{"count":0,"href":"https:\/\/www.ufsm.br\/cursos\/pos-graduacao\/santa-maria\/profhistoria\/wp-json\/wp\/v2\/posts\/481\/revisions"}],"wp:featuredmedia":[{"embeddable":true,"href":"https:\/\/www.ufsm.br\/cursos\/pos-graduacao\/santa-maria\/profhistoria\/wp-json\/wp\/v2\/media\/486"}],"wp:attachment":[{"href":"https:\/\/www.ufsm.br\/cursos\/pos-graduacao\/santa-maria\/profhistoria\/wp-json\/wp\/v2\/media?parent=481"}],"wp:term":[{"taxonomy":"category","embeddable":true,"href":"https:\/\/www.ufsm.br\/cursos\/pos-graduacao\/santa-maria\/profhistoria\/wp-json\/wp\/v2\/categories?post=481"},{"taxonomy":"post_tag","embeddable":true,"href":"https:\/\/www.ufsm.br\/cursos\/pos-graduacao\/santa-maria\/profhistoria\/wp-json\/wp\/v2\/tags?post=481"}],"curies":[{"name":"wp","href":"https:\/\/api.w.org\/{rel}","templated":true}]}}