{"id":287,"date":"2022-10-11T19:40:10","date_gmt":"2022-10-11T22:40:10","guid":{"rendered":"https:\/\/www.ufsm.br\/cursos\/tecnico\/educacao-a-distancia\/fruticultura\/?p=287"},"modified":"2022-11-03T08:33:44","modified_gmt":"2022-11-03T11:33:44","slug":"tecnico-em-fruticultura-participa-da-2a-reuniao-de-atualizacao-tecnica-sobre-calagem-e-adubacao-em-frutiferas","status":"publish","type":"post","link":"https:\/\/www.ufsm.br\/cursos\/tecnico\/educacao-a-distancia\/fruticultura\/2022\/10\/11\/tecnico-em-fruticultura-participa-da-2a-reuniao-de-atualizacao-tecnica-sobre-calagem-e-adubacao-em-frutiferas","title":{"rendered":"T\u00e9cnico em Fruticultura participa da\u00a02\u00aa Reuni\u00e3o de Atualiza\u00e7\u00e3o T\u00e9cnica sobre Calagem e Aduba\u00e7\u00e3o em Frut\u00edferas"},"content":{"rendered":"\n<p class=\"wp-block-paragraph\">Durante os dias 4, 5 e 6 de outubro de 2022, estudantes do T\u00e9cnico em Fruticultura do Col\u00e9gio Polit\u00e9cnico da UFSM, participaram da\u00a02\u00aa Reuni\u00e3o de Atualiza\u00e7\u00e3o T\u00e9cnica sobre Calagem e Aduba\u00e7\u00e3o em Frut\u00edferas, que aconteceu em Ca\u00e7ador, Santa Catarina (SC). O Col\u00e9gio Polit\u00e9cnico da UFSM e o Grupo de Estudos de Predi\u00e7\u00e3o de Aduba\u00e7\u00e3o e Potencial de Contamina\u00e7\u00e3o de Elementos em Solos (GEPACES \u2013 UFSM) participaram na qualidade de apoiadores do evento.<\/p>\n\n\n\n<p class=\"wp-block-paragraph\">O Semin\u00e1rio tem como prop\u00f3sito discutir temas como calagem, aduba\u00e7\u00e3o e estado nutricional de frut\u00edferas, al\u00e9m de outros temas correlatos. O evento foi organizado na forma de palestras, apresenta\u00e7\u00e3o de trabalhos e visitas t\u00e9cnicas. Foram tratados os principais cultivos frut\u00edcolas da Regi\u00e3o Sul do Brasil, dentre os quais, oliveira, nogueira pecan, l\u00fapulo, macieira, maracuj\u00e1, citrus, videiras, pessegueiros e pitaia. Tamb\u00e9m houveram palestras referentes a temas importantes para a fruticultura, tais como a fertirriga\u00e7\u00e3o em frut\u00edferas, tend\u00eancias do tema da aduba\u00e7\u00e3o e calagem, aduba\u00e7\u00e3o para sistemas org\u00e2nicos, extens\u00e3o realizada pelas organiza\u00e7\u00f5es de ensino, dentre outros. Na tarde do dia 6 de outubro, o grupo teve a oportunidade de participar de uma visita t\u00e9cnica aos pomares e <em>packing house<\/em> da Fischer Agroindustrial em Fraiburgo, SC.<\/p>\n\n\n\n<p class=\"wp-block-paragraph\">O curso T\u00e9cnico em Fruticultura se insere nessa atividade pela participa\u00e7\u00e3o dos estudantes e docentes Gustavo Pinto da Silva e Renato Trevisan, bem como pela palestra proferida pelo Prof. Gustavo Brunetto. O professor Brunetto ministrar\u00e1 a disciplina de Manejo Nutricional de Frut\u00edferas do 4\u00ba semestre do curso T\u00e9cnico em Fruticultura. A participa\u00e7\u00e3o no evento representa uma oportunidade para promover o curso entre os profissionais da \u00e1rea, ampliando as possibilidades de divulga\u00e7\u00e3o.<\/p>\n\n\n\n<p class=\"wp-block-paragraph\">De outra parte representa uma oportunidade para os estudantes aprimorarem os seus conhecimentos de uma forma bastante aplicada, j\u00e1 que o evento conta com palestrantes com experi\u00eancia na \u00e1rea, estendendo as redes de contatos dos estudantes do curso com os participantes da cadeia produtiva da fruticultura, nacional e internacional.<\/p>\n\n\n\n<figure class=\"wp-block-image size-large\"><img fetchpriority=\"high\" decoding=\"async\" width=\"1024\" height=\"511\" src=\"https:\/\/www.ufsm.br\/app\/uploads\/sites\/582\/2022\/10\/WhatsApp-Image-2022-10-11-at-15.09.56-1024x511.jpeg\" alt=\"\" class=\"wp-image-288\" srcset=\"https:\/\/www.ufsm.br\/app\/uploads\/sites\/582\/2022\/10\/WhatsApp-Image-2022-10-11-at-15.09.56-1024x511.jpeg 1024w, https:\/\/www.ufsm.br\/app\/uploads\/sites\/582\/2022\/10\/WhatsApp-Image-2022-10-11-at-15.09.56-300x150.jpeg 300w, https:\/\/www.ufsm.br\/app\/uploads\/sites\/582\/2022\/10\/WhatsApp-Image-2022-10-11-at-15.09.56-768x383.jpeg 768w, https:\/\/www.ufsm.br\/app\/uploads\/sites\/582\/2022\/10\/WhatsApp-Image-2022-10-11-at-15.09.56.jpeg 1241w\" sizes=\"(max-width: 1024px) 100vw, 1024px\" \/><\/figure>\n\n\n\n<figure class=\"wp-block-gallery has-nested-images columns-default is-cropped wp-block-gallery-1 is-layout-flex wp-block-gallery-is-layout-flex\">\n<figure class=\"wp-block-image size-large\"><img decoding=\"async\" width=\"1024\" height=\"768\" data-id=\"291\" src=\"https:\/\/www.ufsm.br\/app\/uploads\/sites\/582\/2022\/10\/IMG_20221006_160018583-1024x768.jpg\" alt=\"\" class=\"wp-image-291\" srcset=\"https:\/\/www.ufsm.br\/app\/uploads\/sites\/582\/2022\/10\/IMG_20221006_160018583-1024x768.jpg 1024w, https:\/\/www.ufsm.br\/app\/uploads\/sites\/582\/2022\/10\/IMG_20221006_160018583-300x225.jpg 300w, https:\/\/www.ufsm.br\/app\/uploads\/sites\/582\/2022\/10\/IMG_20221006_160018583-768x576.jpg 768w, https:\/\/www.ufsm.br\/app\/uploads\/sites\/582\/2022\/10\/IMG_20221006_160018583-1536x1152.jpg 1536w, https:\/\/www.ufsm.br\/app\/uploads\/sites\/582\/2022\/10\/IMG_20221006_160018583.jpg 1920w\" sizes=\"(max-width: 1024px) 100vw, 1024px\" \/><\/figure>\n<\/figure>\n\n\n\n<figure class=\"wp-block-gallery has-nested-images columns-default is-cropped wp-block-gallery-2 is-layout-flex wp-block-gallery-is-layout-flex\">\n<figure class=\"wp-block-image size-large\"><img decoding=\"async\" width=\"1024\" height=\"768\" data-id=\"293\" src=\"https:\/\/www.ufsm.br\/app\/uploads\/sites\/582\/2022\/10\/IMG_20221006_170515326_HDR-1-1024x768.jpg\" alt=\"\" class=\"wp-image-293\" srcset=\"https:\/\/www.ufsm.br\/app\/uploads\/sites\/582\/2022\/10\/IMG_20221006_170515326_HDR-1-1024x768.jpg 1024w, https:\/\/www.ufsm.br\/app\/uploads\/sites\/582\/2022\/10\/IMG_20221006_170515326_HDR-1-300x225.jpg 300w, https:\/\/www.ufsm.br\/app\/uploads\/sites\/582\/2022\/10\/IMG_20221006_170515326_HDR-1-768x576.jpg 768w, https:\/\/www.ufsm.br\/app\/uploads\/sites\/582\/2022\/10\/IMG_20221006_170515326_HDR-1-1536x1152.jpg 1536w, https:\/\/www.ufsm.br\/app\/uploads\/sites\/582\/2022\/10\/IMG_20221006_170515326_HDR-1.jpg 1920w\" sizes=\"(max-width: 1024px) 100vw, 1024px\" \/><\/figure>\n\n\n\n<figure class=\"wp-block-image size-large\"><img loading=\"lazy\" decoding=\"async\" width=\"1024\" height=\"768\" data-id=\"294\" src=\"https:\/\/www.ufsm.br\/app\/uploads\/sites\/582\/2022\/10\/IMG_20221006_153028150-1024x768.jpg\" alt=\"\" class=\"wp-image-294\" srcset=\"https:\/\/www.ufsm.br\/app\/uploads\/sites\/582\/2022\/10\/IMG_20221006_153028150-1024x768.jpg 1024w, https:\/\/www.ufsm.br\/app\/uploads\/sites\/582\/2022\/10\/IMG_20221006_153028150-300x225.jpg 300w, https:\/\/www.ufsm.br\/app\/uploads\/sites\/582\/2022\/10\/IMG_20221006_153028150-768x576.jpg 768w, https:\/\/www.ufsm.br\/app\/uploads\/sites\/582\/2022\/10\/IMG_20221006_153028150-1536x1152.jpg 1536w, https:\/\/www.ufsm.br\/app\/uploads\/sites\/582\/2022\/10\/IMG_20221006_153028150.jpg 1920w\" sizes=\"(max-width: 1024px) 100vw, 1024px\" \/><\/figure>\n\n\n\n<figure class=\"wp-block-image size-large\"><img loading=\"lazy\" decoding=\"async\" width=\"950\" height=\"716\" data-id=\"295\" src=\"https:\/\/www.ufsm.br\/app\/uploads\/sites\/582\/2022\/10\/WhatsApp-Image-2022-10-11-at-19.49.01.jpeg\" alt=\"\" class=\"wp-image-295\" srcset=\"https:\/\/www.ufsm.br\/app\/uploads\/sites\/582\/2022\/10\/WhatsApp-Image-2022-10-11-at-19.49.01.jpeg 950w, https:\/\/www.ufsm.br\/app\/uploads\/sites\/582\/2022\/10\/WhatsApp-Image-2022-10-11-at-19.49.01-300x226.jpeg 300w, https:\/\/www.ufsm.br\/app\/uploads\/sites\/582\/2022\/10\/WhatsApp-Image-2022-10-11-at-19.49.01-768x579.jpeg 768w\" sizes=\"(max-width: 950px) 100vw, 950px\" \/><\/figure>\n<\/figure>\n\n\n\n<p class=\"wp-block-paragraph\">Texto e imagens: Prof. Gustavo Pinto<\/p>\n","protected":false},"excerpt":{"rendered":"<p>Durante os dias 4, 5 e 6 de outubro de 2022, estudantes do T\u00e9cnico em Fruticultura do Col\u00e9gio Polit\u00e9cnico da UFSM, participaram da\u00a02\u00aa Reuni\u00e3o de Atualiza\u00e7\u00e3o T\u00e9cnica sobre Calagem e Aduba\u00e7\u00e3o em Frut\u00edferas, que aconteceu em Ca\u00e7ador, Santa Catarina (SC). O Col\u00e9gio Polit\u00e9cnico da UFSM e o Grupo de Estudos de Predi\u00e7\u00e3o de Aduba\u00e7\u00e3o e [&hellip;]<\/p>\n","protected":false},"author":4064,"featured_media":0,"comment_status":"closed","ping_status":"closed","sticky":false,"template":"","format":"standard","meta":{"footnotes":""},"categories":[2],"tags":[],"class_list":["post-287","post","type-post","status-publish","format-standard","hentry","category-noticias"],"acf":[],"_links":{"self":[{"href":"https:\/\/www.ufsm.br\/cursos\/tecnico\/educacao-a-distancia\/fruticultura\/wp-json\/wp\/v2\/posts\/287","targetHints":{"allow":["GET"]}}],"collection":[{"href":"https:\/\/www.ufsm.br\/cursos\/tecnico\/educacao-a-distancia\/fruticultura\/wp-json\/wp\/v2\/posts"}],"about":[{"href":"https:\/\/www.ufsm.br\/cursos\/tecnico\/educacao-a-distancia\/fruticultura\/wp-json\/wp\/v2\/types\/post"}],"author":[{"embeddable":true,"href":"https:\/\/www.ufsm.br\/cursos\/tecnico\/educacao-a-distancia\/fruticultura\/wp-json\/wp\/v2\/users\/4064"}],"replies":[{"embeddable":true,"href":"https:\/\/www.ufsm.br\/cursos\/tecnico\/educacao-a-distancia\/fruticultura\/wp-json\/wp\/v2\/comments?post=287"}],"version-history":[{"count":0,"href":"https:\/\/www.ufsm.br\/cursos\/tecnico\/educacao-a-distancia\/fruticultura\/wp-json\/wp\/v2\/posts\/287\/revisions"}],"wp:attachment":[{"href":"https:\/\/www.ufsm.br\/cursos\/tecnico\/educacao-a-distancia\/fruticultura\/wp-json\/wp\/v2\/media?parent=287"}],"wp:term":[{"taxonomy":"category","embeddable":true,"href":"https:\/\/www.ufsm.br\/cursos\/tecnico\/educacao-a-distancia\/fruticultura\/wp-json\/wp\/v2\/categories?post=287"},{"taxonomy":"post_tag","embeddable":true,"href":"https:\/\/www.ufsm.br\/cursos\/tecnico\/educacao-a-distancia\/fruticultura\/wp-json\/wp\/v2\/tags?post=287"}],"curies":[{"name":"wp","href":"https:\/\/api.w.org\/{rel}","templated":true}]}}