{"id":304,"date":"2026-09-02T08:42:00","date_gmt":"2026-09-02T11:42:00","guid":{"rendered":"https:\/\/www.ufsm.br\/cursos\/tecnico\/santa-maria\/agropecuaria\/?p=304"},"modified":"2026-09-02T08:42:01","modified_gmt":"2026-09-02T11:42:01","slug":"trincheiras-revelam-o-impacto-das-praticas-de-manejo-na-saude-do-solo-em-dia-de-campo-agroresiliencia","status":"publish","type":"post","link":"https:\/\/www.ufsm.br\/cursos\/tecnico\/santa-maria\/agropecuaria\/2026\/09\/02\/trincheiras-revelam-o-impacto-das-praticas-de-manejo-na-saude-do-solo-em-dia-de-campo-agroresiliencia","title":{"rendered":"Trincheiras revelam o impacto das pr\u00e1ticas de manejo na sa\u00fade do solo em Dia de Campo AgroResili\u00eancia"},"content":{"rendered":"<div class=\"wp-block-image\">\n<figure class=\"aligncenter size-large is-resized\"><img fetchpriority=\"high\" decoding=\"async\" width=\"1024\" height=\"683\" src=\"https:\/\/www.ufsm.br\/app\/uploads\/sites\/575\/2026\/09\/01-1024x683.jpg\" alt=\"\" class=\"wp-image-305\" style=\"width:700px\" srcset=\"https:\/\/www.ufsm.br\/app\/uploads\/sites\/575\/2026\/09\/01-1024x683.jpg 1024w, https:\/\/www.ufsm.br\/app\/uploads\/sites\/575\/2026\/09\/01-300x200.jpg 300w, https:\/\/www.ufsm.br\/app\/uploads\/sites\/575\/2026\/09\/01-768x512.jpg 768w, https:\/\/www.ufsm.br\/app\/uploads\/sites\/575\/2026\/09\/01-1536x1024.jpg 1536w, https:\/\/www.ufsm.br\/app\/uploads\/sites\/575\/2026\/09\/01-272x182.jpg 272w, https:\/\/www.ufsm.br\/app\/uploads\/sites\/575\/2026\/09\/01.jpg 1920w\" sizes=\"(max-width: 1024px) 100vw, 1024px\" \/><\/figure>\n<\/div>\n\n\n<div style=\"height:50px\" aria-hidden=\"true\" class=\"wp-block-spacer\"><\/div>\n\n\n\n<p class=\"wp-block-paragraph\">Ver o que acontece dentro do solo foi o diferencial do Dia de Campo AgroResili\u00eancia, realizado na tarde de quinta-feira, dia 27 de agosto, na propriedade de Gilson Mazarro, na localidade de Rinc\u00e3o dos Pinheiros, em J\u00falio de Castilhos, RS. A abertura de duas trincheiras permitiu comparar \u00e1reas com diferentes hist\u00f3ricos de manejo e mostrar, na pr\u00e1tica, os efeitos dessas estrat\u00e9gias sobre o desenvolvimento das ra\u00edzes, a estrutura f\u00edsica e a atividade biol\u00f3gica do solo. Estudantes do Curso T\u00e9cnico em Agropecu\u00e1ria do Col\u00e9gio Polit\u00e9cnico da Universidade Federal de Santa Maria (UFSM) participaram da atividade.<\/p>\n\n\n\n<p class=\"wp-block-paragraph\">O evento foi realizado em uma Unidade de Refer\u00eancia T\u00e9cnica (URT) da Emater\/RS-Ascar em bovinocultura de leite e cereais de inverno para alimenta\u00e7\u00e3o animal. Na abertura, o vice-prefeito e secret\u00e1rio municipal de Agricultura, Jos\u00e9 Ant\u00f4nio Razia, destacou o trabalho desenvolvido pela Emater\/RS-Ascar junto aos agricultores de J\u00falio de Castilhos.<\/p>\n\n\n\n<p class=\"wp-block-paragraph\">A programa\u00e7\u00e3o foi organizada em tr\u00eas esta\u00e7\u00f5es tem\u00e1ticas. Na esta\u00e7\u00e3o sobre Constru\u00e7\u00e3o da Fertilidade dos Solos, com participa\u00e7\u00e3o da Embrapa Trigo, a trincheira foi aberta em uma \u00e1rea conduzida com pastagens anuais que ser\u00e1 corrigida e perenizada com a implanta\u00e7\u00e3o de T\u00edfton 85 e sobressemeadura de leguminosas. Foram abordados o diagn\u00f3stico do perfil do solo, a corre\u00e7\u00e3o da fertilidade e a import\u00e2ncia de eliminar limita\u00e7\u00f5es ao crescimento radicular antes da implanta\u00e7\u00e3o da pastagem perene.<\/p>\n\n\n\n<p class=\"wp-block-paragraph\">J\u00e1 na esta\u00e7\u00e3o sobre Bioinsumos, conduzida pela Emater\/RS-Ascar e pela Inocular Solu\u00e7\u00f5es Agr\u00edcolas, a trincheira foi aberta em uma \u00e1rea consolidada, j\u00e1 corrigida e implantada, manejada em Rotat\u00ednuo, com T\u00edfton 85, trevos, cevada e uso de inoculantes. Dentre os bioinsumos, destacaram-se o uso de Azospirillum brasilense no T\u00edfton 85, para estimular o desenvolvimento radicular, e de Riz\u00f3bio nas leguminosas, para fixa\u00e7\u00e3o biol\u00f3gica de nitrog\u00eanio, al\u00e9m de outras tecnologias biol\u00f3gicas voltadas \u00e0 efici\u00eancia dos sistemas produtivos. A compara\u00e7\u00e3o entre os dois perfis de solo demonstrou ra\u00edzes mais profundas e abundantes e melhor estrutura f\u00edsica, com maior atividade biol\u00f3gica na \u00e1rea manejada em Rotat\u00ednuo.<\/p>\n\n\n\n<p class=\"wp-block-paragraph\">Na esta\u00e7\u00e3o sobre planejamento da propriedade, o destaque foi para a integra\u00e7\u00e3o entre as estrat\u00e9gias de manejo das pastagens, fertilidade e conserva\u00e7\u00e3o do solo, produ\u00e7\u00e3o de forragem e resili\u00eancia clim\u00e1tica.<\/p>\n\n\n\n<p class=\"wp-block-paragraph\">Para os estudantes, a atividade representou a oportunidade de observar, in loco, as etapas de diagn\u00f3stico e planejamento que fundamentam a atua\u00e7\u00e3o do extensionista rural, conte\u00fado trabalhado em sala de aula ao longo do semestre. O contato direto com t\u00e9cnicos da Emater\/RS-Ascar, pesquisadores da Embrapa Trigo e o produtor Gilson Mazarro permitiu que a turma dialogasse sobre os desafios concretos da propriedade, relacionando teoria e pr\u00e1tica no campo da Extens\u00e3o Rural. A turma foi acompanhada pelo professor Ezequiel Redin, docente respons\u00e1vel pela disciplina de Extens\u00e3o Rural do Col\u00e9gio Polit\u00e9cnico da UFSM.<\/p>\n\n\n\n<p class=\"wp-block-paragraph\">Um agradecimento especial \u00e9 dirigido ao Extensionista Rural da Emater\/RS-Ascar, Leandro Ebert, respons\u00e1vel por proporcionar aos estudantes a oportunidade de participar da atividade, viabilizando mais uma experi\u00eancia de imers\u00e3o pr\u00e1tica entre a forma\u00e7\u00e3o t\u00e9cnica e a realidade da assist\u00eancia t\u00e9cnica e extens\u00e3o rural no territ\u00f3rio.<\/p>\n\n\n\n<p class=\"wp-block-paragraph\">O Dia de Campo AgroResili\u00eancia foi promovido pela Emater\/RS-Ascar em parceria com a Secretaria Municipal de Agricultura de J\u00falio de Castilhos, a Embrapa Trigo e a Inocular Solu\u00e7\u00f5es Agr\u00edcolas, com apoio do Banrisul, e reuniu cerca de 50 participantes.<\/p>\n\n\n\n<div style=\"height:50px\" aria-hidden=\"true\" class=\"wp-block-spacer\"><\/div>\n\n\n\n<figure class=\"wp-block-gallery has-nested-images columns-2 is-cropped wp-block-gallery-1 is-layout-flex wp-block-gallery-is-layout-flex\">\n<figure class=\"wp-block-image size-large\"><img decoding=\"async\" width=\"1024\" height=\"683\" data-id=\"306\" src=\"https:\/\/www.ufsm.br\/app\/uploads\/sites\/575\/2026\/09\/02-1024x683.jpg\" alt=\"\" class=\"wp-image-306\" srcset=\"https:\/\/www.ufsm.br\/app\/uploads\/sites\/575\/2026\/09\/02-1024x683.jpg 1024w, https:\/\/www.ufsm.br\/app\/uploads\/sites\/575\/2026\/09\/02-300x200.jpg 300w, https:\/\/www.ufsm.br\/app\/uploads\/sites\/575\/2026\/09\/02-768x512.jpg 768w, https:\/\/www.ufsm.br\/app\/uploads\/sites\/575\/2026\/09\/02-1536x1024.jpg 1536w, https:\/\/www.ufsm.br\/app\/uploads\/sites\/575\/2026\/09\/02-272x182.jpg 272w, https:\/\/www.ufsm.br\/app\/uploads\/sites\/575\/2026\/09\/02.jpg 1920w\" sizes=\"(max-width: 1024px) 100vw, 1024px\" \/><\/figure>\n\n\n\n<figure class=\"wp-block-image size-large\"><img decoding=\"async\" width=\"1024\" height=\"683\" data-id=\"307\" src=\"https:\/\/www.ufsm.br\/app\/uploads\/sites\/575\/2026\/09\/03-1024x683.jpg\" alt=\"\" class=\"wp-image-307\" srcset=\"https:\/\/www.ufsm.br\/app\/uploads\/sites\/575\/2026\/09\/03-1024x683.jpg 1024w, https:\/\/www.ufsm.br\/app\/uploads\/sites\/575\/2026\/09\/03-300x200.jpg 300w, https:\/\/www.ufsm.br\/app\/uploads\/sites\/575\/2026\/09\/03-768x512.jpg 768w, https:\/\/www.ufsm.br\/app\/uploads\/sites\/575\/2026\/09\/03-1536x1024.jpg 1536w, https:\/\/www.ufsm.br\/app\/uploads\/sites\/575\/2026\/09\/03-272x182.jpg 272w, https:\/\/www.ufsm.br\/app\/uploads\/sites\/575\/2026\/09\/03.jpg 1920w\" sizes=\"(max-width: 1024px) 100vw, 1024px\" \/><\/figure>\n\n\n\n<figure class=\"wp-block-image size-large\"><img loading=\"lazy\" decoding=\"async\" width=\"1024\" height=\"683\" data-id=\"308\" src=\"https:\/\/www.ufsm.br\/app\/uploads\/sites\/575\/2026\/09\/04-1024x683.jpg\" alt=\"\" class=\"wp-image-308\" srcset=\"https:\/\/www.ufsm.br\/app\/uploads\/sites\/575\/2026\/09\/04-1024x683.jpg 1024w, https:\/\/www.ufsm.br\/app\/uploads\/sites\/575\/2026\/09\/04-300x200.jpg 300w, https:\/\/www.ufsm.br\/app\/uploads\/sites\/575\/2026\/09\/04-768x512.jpg 768w, https:\/\/www.ufsm.br\/app\/uploads\/sites\/575\/2026\/09\/04-1536x1024.jpg 1536w, https:\/\/www.ufsm.br\/app\/uploads\/sites\/575\/2026\/09\/04-272x182.jpg 272w, https:\/\/www.ufsm.br\/app\/uploads\/sites\/575\/2026\/09\/04.jpg 1920w\" sizes=\"(max-width: 1024px) 100vw, 1024px\" \/><\/figure>\n\n\n\n<figure class=\"wp-block-image size-large\"><img loading=\"lazy\" decoding=\"async\" width=\"1024\" height=\"683\" data-id=\"309\" src=\"https:\/\/www.ufsm.br\/app\/uploads\/sites\/575\/2026\/09\/05-1024x683.jpg\" alt=\"\" class=\"wp-image-309\" srcset=\"https:\/\/www.ufsm.br\/app\/uploads\/sites\/575\/2026\/09\/05-1024x683.jpg 1024w, https:\/\/www.ufsm.br\/app\/uploads\/sites\/575\/2026\/09\/05-300x200.jpg 300w, https:\/\/www.ufsm.br\/app\/uploads\/sites\/575\/2026\/09\/05-768x512.jpg 768w, https:\/\/www.ufsm.br\/app\/uploads\/sites\/575\/2026\/09\/05-1536x1024.jpg 1536w, https:\/\/www.ufsm.br\/app\/uploads\/sites\/575\/2026\/09\/05-272x182.jpg 272w, https:\/\/www.ufsm.br\/app\/uploads\/sites\/575\/2026\/09\/05.jpg 1920w\" sizes=\"(max-width: 1024px) 100vw, 1024px\" \/><\/figure>\n<\/figure>\n\n\n\n<div style=\"height:100px\" aria-hidden=\"true\" class=\"wp-block-spacer\"><\/div>\n\n\n\n<p class=\"wp-block-paragraph\"><strong>Texto e fotos:<\/strong> Ezequiel Redin<\/p>\n","protected":false},"excerpt":{"rendered":"<p>Estudantes da disciplina de Extens\u00e3o rural do Curso T\u00e9cnico em Agropecu\u00e1ria da UFSM participam de atividade em J\u00falio de Castilhos<\/p>\n","protected":false},"author":6741,"featured_media":305,"comment_status":"closed","ping_status":"closed","sticky":false,"template":"","format":"standard","meta":{"footnotes":""},"categories":[2],"tags":[24],"class_list":["post-304","post","type-post","status-publish","format-standard","has-post-thumbnail","hentry","category-noticias","tag-destaques-politecnico"],"acf":[],"_links":{"self":[{"href":"https:\/\/www.ufsm.br\/cursos\/tecnico\/santa-maria\/agropecuaria\/wp-json\/wp\/v2\/posts\/304","targetHints":{"allow":["GET"]}}],"collection":[{"href":"https:\/\/www.ufsm.br\/cursos\/tecnico\/santa-maria\/agropecuaria\/wp-json\/wp\/v2\/posts"}],"about":[{"href":"https:\/\/www.ufsm.br\/cursos\/tecnico\/santa-maria\/agropecuaria\/wp-json\/wp\/v2\/types\/post"}],"author":[{"embeddable":true,"href":"https:\/\/www.ufsm.br\/cursos\/tecnico\/santa-maria\/agropecuaria\/wp-json\/wp\/v2\/users\/6741"}],"replies":[{"embeddable":true,"href":"https:\/\/www.ufsm.br\/cursos\/tecnico\/santa-maria\/agropecuaria\/wp-json\/wp\/v2\/comments?post=304"}],"version-history":[{"count":0,"href":"https:\/\/www.ufsm.br\/cursos\/tecnico\/santa-maria\/agropecuaria\/wp-json\/wp\/v2\/posts\/304\/revisions"}],"wp:featuredmedia":[{"embeddable":true,"href":"https:\/\/www.ufsm.br\/cursos\/tecnico\/santa-maria\/agropecuaria\/wp-json\/wp\/v2\/media\/305"}],"wp:attachment":[{"href":"https:\/\/www.ufsm.br\/cursos\/tecnico\/santa-maria\/agropecuaria\/wp-json\/wp\/v2\/media?parent=304"}],"wp:term":[{"taxonomy":"category","embeddable":true,"href":"https:\/\/www.ufsm.br\/cursos\/tecnico\/santa-maria\/agropecuaria\/wp-json\/wp\/v2\/categories?post=304"},{"taxonomy":"post_tag","embeddable":true,"href":"https:\/\/www.ufsm.br\/cursos\/tecnico\/santa-maria\/agropecuaria\/wp-json\/wp\/v2\/tags?post=304"}],"curies":[{"name":"wp","href":"https:\/\/api.w.org\/{rel}","templated":true}]}}