{"id":451,"date":"2022-05-02T11:05:33","date_gmt":"2022-05-02T14:05:33","guid":{"rendered":"https:\/\/www.ufsm.br\/cursos\/tecnico\/santa-maria\/informatica\/?p=451"},"modified":"2022-10-04T18:11:05","modified_gmt":"2022-10-04T21:11:05","slug":"xx-turma-do-curso-tecnico-em-informatica","status":"publish","type":"post","link":"https:\/\/www.ufsm.br\/cursos\/tecnico\/santa-maria\/informatica\/2022\/05\/02\/xx-turma-do-curso-tecnico-em-informatica","title":{"rendered":"XX Turma do Curso T\u00e9cnico em Inform\u00e1tica"},"content":{"rendered":"\n<figure class=\"wp-block-image size-large is-style-default\"><img fetchpriority=\"high\" decoding=\"async\" width=\"2362\" height=\"1329\" src=\"https:\/\/www.ufsm.br\/app\/uploads\/sites\/584\/2022\/05\/VC39422-edited.jpg\" alt=\"\" class=\"wp-image-453\" srcset=\"https:\/\/www.ufsm.br\/app\/uploads\/sites\/584\/2022\/05\/VC39422-edited.jpg 2362w, https:\/\/www.ufsm.br\/app\/uploads\/sites\/584\/2022\/05\/VC39422-edited-300x169.jpg 300w, https:\/\/www.ufsm.br\/app\/uploads\/sites\/584\/2022\/05\/VC39422-edited-1024x576.jpg 1024w, https:\/\/www.ufsm.br\/app\/uploads\/sites\/584\/2022\/05\/VC39422-edited-768x432.jpg 768w, https:\/\/www.ufsm.br\/app\/uploads\/sites\/584\/2022\/05\/VC39422-edited-1536x864.jpg 1536w, https:\/\/www.ufsm.br\/app\/uploads\/sites\/584\/2022\/05\/VC39422-edited-2048x1152.jpg 2048w\" sizes=\"(max-width: 2362px) 100vw, 2362px\" \/><\/figure>\n\n\n\n<p>O Col\u00e9gio Polit\u00e9cnico da Universidade Federal de Santa Maria realizou a cola\u00e7\u00e3o de grau dos cursos t\u00e9cnicos em Sess\u00e3o Solene na \u00faltima semana. A cerim\u00f4nia, presidida pela diretora do Col\u00e9gio Polit\u00e9cnico Marta Von Ende, ocorreu na sexta-feira (29) e contou com a participa\u00e7\u00e3o de 7 alunos do curso T\u00e9cnico em Inform\u00e1tica.<\/p>\n\n\n\n<p><strong>Patrono:<\/strong> Bruno Augusti Mozzaquatro<br><strong>Paraninfo:<\/strong> Giani Petri<br><strong>Professor Homenageado:<\/strong> Edgardo Gustavo Fern\u00e1ndez<br><strong>Professor Homenageado:<\/strong> Marcos Lu\u00eds Cassal<br><strong>Professora Homenageada:<\/strong> Rosiclei Aparecida Cavichioli Lauermann  <\/p>\n\n\n\n<p>A Coordena\u00e7\u00e3o do Curso T\u00e9cnico em Inform\u00e1tica parabeniza os formandos pela conquista e deseja muito sucesso na carreira profissional.<\/p>\n","protected":false},"excerpt":{"rendered":"<p>O Col\u00e9gio Polit\u00e9cnico da Universidade Federal de Santa Maria realizou a cola\u00e7\u00e3o de grau dos cursos t\u00e9cnicos em Sess\u00e3o Solene na \u00faltima semana. A cerim\u00f4nia, presidida pela diretora do Col\u00e9gio Polit\u00e9cnico Marta Von Ende, ocorreu na sexta-feira (29) e contou com a participa\u00e7\u00e3o de 7 alunos do curso T\u00e9cnico em Inform\u00e1tica. Patrono: Bruno Augusti MozzaquatroParaninfo: [&hellip;]<\/p>\n","protected":false},"author":931,"featured_media":455,"comment_status":"closed","ping_status":"closed","sticky":false,"template":"","format":"standard","meta":{"footnotes":""},"categories":[9,2],"tags":[70,47,68,69],"class_list":["post-451","post","type-post","status-publish","format-standard","has-post-thumbnail","hentry","category-banner","category-noticias","tag-20turma","tag-banner-informatica","tag-formatura","tag-solene"],"acf":[],"_links":{"self":[{"href":"https:\/\/www.ufsm.br\/cursos\/tecnico\/santa-maria\/informatica\/wp-json\/wp\/v2\/posts\/451","targetHints":{"allow":["GET"]}}],"collection":[{"href":"https:\/\/www.ufsm.br\/cursos\/tecnico\/santa-maria\/informatica\/wp-json\/wp\/v2\/posts"}],"about":[{"href":"https:\/\/www.ufsm.br\/cursos\/tecnico\/santa-maria\/informatica\/wp-json\/wp\/v2\/types\/post"}],"author":[{"embeddable":true,"href":"https:\/\/www.ufsm.br\/cursos\/tecnico\/santa-maria\/informatica\/wp-json\/wp\/v2\/users\/931"}],"replies":[{"embeddable":true,"href":"https:\/\/www.ufsm.br\/cursos\/tecnico\/santa-maria\/informatica\/wp-json\/wp\/v2\/comments?post=451"}],"version-history":[{"count":0,"href":"https:\/\/www.ufsm.br\/cursos\/tecnico\/santa-maria\/informatica\/wp-json\/wp\/v2\/posts\/451\/revisions"}],"wp:featuredmedia":[{"embeddable":true,"href":"https:\/\/www.ufsm.br\/cursos\/tecnico\/santa-maria\/informatica\/wp-json\/wp\/v2\/media\/455"}],"wp:attachment":[{"href":"https:\/\/www.ufsm.br\/cursos\/tecnico\/santa-maria\/informatica\/wp-json\/wp\/v2\/media?parent=451"}],"wp:term":[{"taxonomy":"category","embeddable":true,"href":"https:\/\/www.ufsm.br\/cursos\/tecnico\/santa-maria\/informatica\/wp-json\/wp\/v2\/categories?post=451"},{"taxonomy":"post_tag","embeddable":true,"href":"https:\/\/www.ufsm.br\/cursos\/tecnico\/santa-maria\/informatica\/wp-json\/wp\/v2\/tags?post=451"}],"curies":[{"name":"wp","href":"https:\/\/api.w.org\/{rel}","templated":true}]}}