{"id":67,"date":"2019-05-02T16:28:35","date_gmt":"2019-05-02T19:28:35","guid":{"rendered":"https:\/\/www.ufsm.br\/editoras\/ppgart\/2019\/05\/02\/catalogo-de-exposicao-do-outro-lado-do-silencio-de-carlos-donaduzzi\/"},"modified":"2019-11-08T08:53:11","modified_gmt":"2019-11-08T11:53:11","slug":"catalogo-de-exposicao-do-outro-lado-do-silencio-de-carlos-donaduzzi","status":"publish","type":"post","link":"https:\/\/www.ufsm.br\/editoras\/editorappgart\/2019\/05\/02\/catalogo-de-exposicao-do-outro-lado-do-silencio-de-carlos-donaduzzi","title":{"rendered":"Cat\u00e1logo  de exposi\u00e7\u00e3o &#8220;do outro lado do sil\u00eancio&#8221; de Carlos Donaduzzi"},"content":{"rendered":"\t\t<div data-elementor-type=\"wp-post\" data-elementor-id=\"67\" class=\"elementor elementor-67\">\n\t\t\t\t\t\t<section class=\"elementor-section elementor-top-section elementor-element elementor-element-1436298 elementor-section-boxed elementor-section-height-default elementor-section-height-default\" data-id=\"1436298\" data-element_type=\"section\">\n\t\t\t\t\t\t<div class=\"elementor-container elementor-column-gap-default\">\n\t\t\t\t\t<div class=\"elementor-column elementor-col-100 elementor-top-column elementor-element elementor-element-c09cc01\" data-id=\"c09cc01\" data-element_type=\"column\">\n\t\t\t<div class=\"elementor-widget-wrap elementor-element-populated\">\n\t\t\t\t\t\t<div class=\"elementor-element elementor-element-2560c3e elementor-position-top elementor-widget elementor-widget-image-box\" data-id=\"2560c3e\" data-element_type=\"widget\" data-widget_type=\"image-box.default\">\n\t\t\t\t<div class=\"elementor-widget-container\">\n\t\t\t<div class=\"elementor-image-box-wrapper\"><figure class=\"elementor-image-box-img\"><img fetchpriority=\"high\" decoding=\"async\" width=\"1920\" height=\"2555\" src=\"https:\/\/www.ufsm.br\/app\/uploads\/sites\/740\/2019\/11\/Cat\u00e1logo-do-outro-lado-do-sil\u00eancio_Carlos-Donaduzzi-Capa-1.jpg\" class=\"attachment-full size-full wp-image-121\" alt=\"\" srcset=\"https:\/\/www.ufsm.br\/app\/uploads\/sites\/740\/2019\/11\/Cat\u00e1logo-do-outro-lado-do-sil\u00eancio_Carlos-Donaduzzi-Capa-1.jpg 1920w, https:\/\/www.ufsm.br\/app\/uploads\/sites\/740\/2019\/11\/Cat\u00e1logo-do-outro-lado-do-sil\u00eancio_Carlos-Donaduzzi-Capa-1-225x300.jpg 225w, https:\/\/www.ufsm.br\/app\/uploads\/sites\/740\/2019\/11\/Cat\u00e1logo-do-outro-lado-do-sil\u00eancio_Carlos-Donaduzzi-Capa-1-768x1022.jpg 768w, https:\/\/www.ufsm.br\/app\/uploads\/sites\/740\/2019\/11\/Cat\u00e1logo-do-outro-lado-do-sil\u00eancio_Carlos-Donaduzzi-Capa-1-770x1024.jpg 770w\" sizes=\"(max-width: 1920px) 100vw, 1920px\" \/><\/figure><div class=\"elementor-image-box-content\"><p class=\"elementor-image-box-description\">Editora PPGART tem a satisfa\u00e7\u00e3o\u00a0 de comunicar o lan\u00e7amento do cat\u00e1logo da exposi\u00e7\u00e3o\u00a0\u201cdo outro lado do sil\u00eancio\u201d, de Carlos Donaduzzi e curadoria de Sandra\u00a0 Rey. A mostra foi realizada\u00a0na Sala de Exposi\u00e7\u00f5es Cl\u00e1udio Carriconde do Centro de Artes e Letras, de 21 de maio a 06 de junho de 2018.<\/p><\/div><\/div>\t\t<\/div>\n\t\t\t\t<\/div>\n\t\t\t\t\t<\/div>\n\t\t<\/div>\n\t\t\t\t\t<\/div>\n\t\t<\/section>\n\t\t\t\t<\/div>\n\t\t","protected":false},"excerpt":{"rendered":"<p>Editora PPGART tem a satisfa\u00e7\u00e3o\u00a0 de comunicar o lan\u00e7amento do cat\u00e1logo da exposi\u00e7\u00e3o\u00a0\u201cdo outro lado do sil\u00eancio\u201d, de Carlos Donaduzzi e curadoria de Sandra\u00a0 Rey. A mostra foi realizada\u00a0na Sala de Exposi\u00e7\u00f5es Cl\u00e1udio Carriconde do Centro de Artes e Letras, de 21 de maio a 06 de junho de 2018.<\/p>\n","protected":false},"author":46,"featured_media":0,"comment_status":"closed","ping_status":"closed","sticky":false,"template":"","format":"standard","meta":{"footnotes":""},"categories":[11],"tags":[],"class_list":["post-67","post","type-post","status-publish","format-standard","hentry","category-noticias"],"acf":[],"_links":{"self":[{"href":"https:\/\/www.ufsm.br\/editoras\/editorappgart\/wp-json\/wp\/v2\/posts\/67","targetHints":{"allow":["GET"]}}],"collection":[{"href":"https:\/\/www.ufsm.br\/editoras\/editorappgart\/wp-json\/wp\/v2\/posts"}],"about":[{"href":"https:\/\/www.ufsm.br\/editoras\/editorappgart\/wp-json\/wp\/v2\/types\/post"}],"author":[{"embeddable":true,"href":"https:\/\/www.ufsm.br\/editoras\/editorappgart\/wp-json\/wp\/v2\/users\/46"}],"replies":[{"embeddable":true,"href":"https:\/\/www.ufsm.br\/editoras\/editorappgart\/wp-json\/wp\/v2\/comments?post=67"}],"version-history":[{"count":0,"href":"https:\/\/www.ufsm.br\/editoras\/editorappgart\/wp-json\/wp\/v2\/posts\/67\/revisions"}],"wp:attachment":[{"href":"https:\/\/www.ufsm.br\/editoras\/editorappgart\/wp-json\/wp\/v2\/media?parent=67"}],"wp:term":[{"taxonomy":"category","embeddable":true,"href":"https:\/\/www.ufsm.br\/editoras\/editorappgart\/wp-json\/wp\/v2\/categories?post=67"},{"taxonomy":"post_tag","embeddable":true,"href":"https:\/\/www.ufsm.br\/editoras\/editorappgart\/wp-json\/wp\/v2\/tags?post=67"}],"curies":[{"name":"wp","href":"https:\/\/api.w.org\/{rel}","templated":true}]}}