{"id":84,"date":"2020-08-28T17:25:49","date_gmt":"2020-08-28T20:25:49","guid":{"rendered":"https:\/\/www.ufsm.br\/editoras\/facos\/?p=84"},"modified":"2020-08-28T18:31:57","modified_gmt":"2020-08-28T21:31:57","slug":"minimanual-para-cobertura-jornalistica-de-mudancas-climaticas-sera-lancado-na-proxima-segunda-31-08","status":"publish","type":"post","link":"https:\/\/www.ufsm.br\/editoras\/facos\/2020\/08\/28\/minimanual-para-cobertura-jornalistica-de-mudancas-climaticas-sera-lancado-na-proxima-segunda-31-08","title":{"rendered":"\u201cMinimanual para cobertura jornal\u00edstica de mudan\u00e7as clim\u00e1ticas\u201d ser\u00e1 lan\u00e7ado na pr\u00f3xima segunda (31\/08)"},"content":{"rendered":"\n<p><img fetchpriority=\"high\" decoding=\"async\" class=\"alignleft wp-image-85 size-medium\" src=\"https:\/\/www.ufsm.br\/app\/uploads\/sites\/746\/2020\/08\/manual-300x250.jpg\" alt=\"Minimanual para a cobertura jornal\u00edstica das mudan\u00e7as clim\u00e1ticas\" width=\"300\" height=\"250\" srcset=\"https:\/\/www.ufsm.br\/app\/uploads\/sites\/746\/2020\/08\/manual-300x250.jpg 300w, https:\/\/www.ufsm.br\/app\/uploads\/sites\/746\/2020\/08\/manual.jpg 600w\" sizes=\"(max-width: 300px) 100vw, 300px\" \/>Na pr\u00f3xima segunda-feira (31), ocorrer\u00e1 o lan\u00e7amento virtual do \u201c<a href=\"https:\/\/repositorio.ufsm.br\/handle\/1\/19971\">Minimanual para cobertura jornal\u00edstica de mudan\u00e7as clim\u00e1ticas<\/a>\u201d, publica\u00e7\u00e3o da Editora FACOS-UFSM e dispon\u00edvel gratuitamente para download. A atividade ser\u00e1 realizada \u00e0s 18 horas por transmiss\u00e3o ao vivo na p\u00e1gina do Facebook do Observat\u00f3rio do Clima (OC) e ter\u00e1 participa\u00e7\u00e3o da jornalista e autora do livro Di\u00e1rio do Clima, <strong>S\u00f4nia Bridi<\/strong>, e da Secret\u00e1ria Executiva do Painel Brasileiro de Mudan\u00e7as Clim\u00e1ticas,\u00a0<strong>Andrea Santos<\/strong>. A media\u00e7\u00e3o ser\u00e1 do coordenador de Comunica\u00e7\u00e3o do Observat\u00f3rio do Clima,\u00a0<strong>Claudio \u00c2ngelo<\/strong>. O minimanual tem organiza\u00e7\u00e3o das pesquisadoras\u00a0<strong>M\u00e1rcia Franz Amaral<\/strong>,\u00a0<strong>Eloisa Beling Loose<\/strong>\u00a0e\u00a0<strong>Ilza Maria Tourinho Girardi<\/strong>. A publica\u00e7\u00e3o tem como objetivo evidenciar a urg\u00eancia e necessidade de discutir a cobertura da crise clim\u00e1tica. Destinado a jornalistas, acad\u00eamicos e estudantes, o guia re\u00fane uma s\u00e9rie de recomenda\u00e7\u00f5es e dicas para contribuir com a dissemina\u00e7\u00e3o e qualifica\u00e7\u00e3o da pauta ambiental no Brasil.<\/p>\n<p>Resultado de uma parceria entre o Grupo de Pesquisa Estudos de Jornalismo (UFSM) e o Grupo de Investigaci\u00f3n Mediaci\u00f3n Dial\u00e9ctica de la Comunicaci\u00f3n Social da Universidad Complutense de Madrid (MDCS, Espanha), a publica\u00e7\u00e3o \u00e9 uma vers\u00e3o ampliada e em portugu\u00eas do dec\u00e1logo \u201cLos Medios de Comunicaci\u00f3n y el Cambio Clim\u00e1tico publicado na Espanha pelo MDCS e Ecodes (Fundaci\u00f3n Ecologia y Desarrollo) [Link para acessar\u00a0 o dec\u00e1logo:\u00a0<a href=\"https:\/\/ecodes.org\/hacemos\/cambio-climatico\/movilizacion\/medios-de-comunicacion-y-cambio-climatico\" data-saferedirecturl=\"https:\/\/www.google.com\/url?q=https:\/\/ecodes.org\/hacemos\/cambio-climatico\/movilizacion\/medios-de-comunicacion-y-cambio-climatico&amp;source=gmail&amp;ust=1598723154120000&amp;usg=AFQjCNGuBQKqpkwy_X6IZtpT0V--yHNW6g\">https:\/\/ecodes.org\/hacemos\/cambio-climatico\/movilizacion\/medios-de-comunicacion-y-cambio-climatico<\/a>].<\/p>\n<p>O dec\u00e1logo foi subscrito por cerca de 100 meios de comunica\u00e7\u00e3o espanh\u00f3is que se comprometeram a cumprir os pontos do documento (entre eles El Pais, La Vanguardia, RTVE, Cadena SER e\u00a0<u><a href=\"http:\/\/eltiempo.es\/\" data-saferedirecturl=\"https:\/\/www.google.com\/url?q=http:\/\/eltiempo.es&amp;source=gmail&amp;ust=1598723154120000&amp;usg=AFQjCNHfiooJNpQIKZvhm89IgfjRiE5Wjw\">eltiempo.es<\/a><\/u>), e acaba de ser editado no Brasil por uma iniciativa da pesquisadora M\u00e1rcia Franz Amaral, que em miss\u00e3o pelo CAPES Print (Projeto Institucional de Internacionaliza\u00e7\u00e3o) apresentou a proposta na reuni\u00e3o do Observatorio de la Comunicaci\u00f3n del Cambio Clim\u00e1tico na Universidade Complutense de Madrid. A vers\u00e3o brasileira foi editada em parceria com o Grupo de Pesquisa Jornalismo Ambiental (UFRGS\/CNPq) e, al\u00e9m das recomenda\u00e7\u00f5es inspiradas no documento espanhol, traz verbetes t\u00e9cnicos ligados ao tema. \u00a0<\/p>\n<p>Para a professora M\u00e1rcia Franz Amaral, entre os desafios da cobertura sobre mudan\u00e7as clim\u00e1ticas est\u00e1 o de aproximar o tema das pessoas, mostrando, por exemplo suas rela\u00e7\u00f5es com alguns desastres que o Brasil vivencia periodicamente. Al\u00e9m disso, temas muito importantes no pa\u00eds como o desmatamento e a as desigualdades sociais tamb\u00e9m integram o debate. \u201cOs jornalistas precisam de apoio para fazer um jornalismo cr\u00edtico tanto em iniciativas mais especializadas, quanto em produtos noticiosos que visam \u00e0 populariza\u00e7\u00e3o dos termos t\u00e9cnicos sobre as mudan\u00e7as clim\u00e1ticas e o manual tem esta inten\u00e7\u00e3o\u201d, explica M\u00e1rcia.<\/p>\n<p>A professora Eloisa Beling Loose, especialista na \u00e1rea de Comunica\u00e7\u00e3o e Clima, afirma que a cobertura sobre o tema ainda \u00e9 restrita no pa\u00eds, sendo focada sobretudo em consequ\u00eancias, e n\u00e3o nas solu\u00e7\u00f5es ou respostas \u00e0 emerg\u00eancia clim\u00e1tica. \u201c\u00c9 preciso descentralizar o debate clim\u00e1tico, que \u00e9 urgente, e apontar suas interfaces com sa\u00fade, economia e estilo de vida, por exemplo. O jornalismo desempenha um papel relevante para agendar o debate p\u00fablico e at\u00e9 influenciar na governan\u00e7a ambiental\u201d, pontua.<\/p>\n<p>J\u00e1 para a professora e l\u00edder do Grupo de Pesquisa Jornalismo Ambiental, Ilza Girardi, a publica\u00e7\u00e3o do minimanual surge num momento crucial em que a humanidade precisa repensar seus rumos para o enfrentamento das mudan\u00e7as clim\u00e1ticas, que \u00e9 um processo que est\u00e1 em curso gra\u00e7as \u00e0s pol\u00edticas desenvolvimentistas adotadas pelos pa\u00edses, em especial os mais ricos. Nesse contexto, o papel do jornalismo \u00e9 fundamental para informar corretamente e alimentar a sociedade com informa\u00e7\u00f5es que v\u00e3o subsidiar as a\u00e7\u00f5es de luta por pol\u00edticas pensadas a partir da natureza.<\/p>\n<p>Tamb\u00e9m participaram da produ\u00e7\u00e3o de conte\u00fado e da edi\u00e7\u00e3o do minimanual alunos de mestrado e doutorado dos dois grupos de pesquisa. O projeto gr\u00e1fico e editora\u00e7\u00e3o do e-book foram executados pela acad\u00eamica de Desenho Industrial Tayane Senna, e as ilustra\u00e7\u00f5es pela tamb\u00e9m acad\u00eamica de Desenho Industrial, Polyana Santoro, do Laborat\u00f3rio de Experimenta\u00e7\u00e3o em Jornalismo da UFSM (LEX), coordenado pela professora Laura Storch e pelo jornalista Lucas Missau.\u00a0<strong>\u00a0<\/strong><\/p>\n<p>\u00a0<\/p>\n<p><strong>Agenda<\/strong><\/p>\n<p><strong>O qu\u00ea:\u00a0<\/strong>lan\u00e7amento do \u201cMinimanual para cobertura jornal\u00edstica de mudan\u00e7as clim\u00e1ticas\u201d<\/p>\n<p><strong>Quando:<\/strong> 31\/08\/2020 (segunda-feira)<\/p>\n<p><strong>Local:<\/strong>\u00a0p\u00e1gina do Facebook do Observat\u00f3rio do Clima (OC)\u00a0<u><a href=\"https:\/\/www.facebook.com\/ObservatorioClima\" data-saferedirecturl=\"https:\/\/www.google.com\/url?q=https:\/\/www.facebook.com\/ObservatorioClima&amp;source=gmail&amp;ust=1598723154120000&amp;usg=AFQjCNExI4Dv0TQ_4oONSJRGQ5ITYeDm3w\">https:\/\/www.facebook.com\/ObservatorioClima<\/a><\/u><\/p>\n<p><strong>Hor\u00e1rio:\u00a0<\/strong>18 horas\u00a0<strong>\u00a0<\/strong><\/p>\n<p><strong>Media\u00e7\u00e3o:<\/strong>\u00a0Claudio \u00c2ngelo, coordenador de Comunica\u00e7\u00e3o do OC<\/p>\n<p><strong>Convidadas:<\/strong>\u00a0S\u00f4nia Bridi, jornalista e autora do livro Di\u00e1rio do Clima;<\/p>\n<p>Andrea Santos, Secret\u00e1ria Executiva do Painel Brasileiro de Mudan\u00e7as Clim\u00e1ticas<\/p>\n<p><strong>Apresenta\u00e7\u00e3o do manual<\/strong>: Eloisa Beling Loose, uma das organizadoras da publica\u00e7\u00e3o, pesquisadora na \u00e1rea de Comunica\u00e7\u00e3o e Clima (UFRGS)\u00a0 \u00a0\u00a0<\/p>\n","protected":false},"excerpt":{"rendered":"<p>Na pr\u00f3xima segunda-feira (31), ocorrer\u00e1 o lan\u00e7amento virtual do \u201cMinimanual para cobertura jornal\u00edstica de mudan\u00e7as clim\u00e1ticas\u201d, publica\u00e7\u00e3o da Editora FACOS-UFSM.<\/p>\n","protected":false},"author":68,"featured_media":0,"comment_status":"closed","ping_status":"closed","sticky":false,"template":"","format":"standard","meta":{"footnotes":""},"categories":[11],"tags":[],"class_list":["post-84","post","type-post","status-publish","format-standard","hentry","category-noticias"],"acf":[],"_links":{"self":[{"href":"https:\/\/www.ufsm.br\/editoras\/facos\/wp-json\/wp\/v2\/posts\/84","targetHints":{"allow":["GET"]}}],"collection":[{"href":"https:\/\/www.ufsm.br\/editoras\/facos\/wp-json\/wp\/v2\/posts"}],"about":[{"href":"https:\/\/www.ufsm.br\/editoras\/facos\/wp-json\/wp\/v2\/types\/post"}],"author":[{"embeddable":true,"href":"https:\/\/www.ufsm.br\/editoras\/facos\/wp-json\/wp\/v2\/users\/68"}],"replies":[{"embeddable":true,"href":"https:\/\/www.ufsm.br\/editoras\/facos\/wp-json\/wp\/v2\/comments?post=84"}],"version-history":[{"count":0,"href":"https:\/\/www.ufsm.br\/editoras\/facos\/wp-json\/wp\/v2\/posts\/84\/revisions"}],"wp:attachment":[{"href":"https:\/\/www.ufsm.br\/editoras\/facos\/wp-json\/wp\/v2\/media?parent=84"}],"wp:term":[{"taxonomy":"category","embeddable":true,"href":"https:\/\/www.ufsm.br\/editoras\/facos\/wp-json\/wp\/v2\/categories?post=84"},{"taxonomy":"post_tag","embeddable":true,"href":"https:\/\/www.ufsm.br\/editoras\/facos\/wp-json\/wp\/v2\/tags?post=84"}],"curies":[{"name":"wp","href":"https:\/\/api.w.org\/{rel}","templated":true}]}}