{"id":182,"date":"2018-05-09T12:43:37","date_gmt":"2018-05-09T15:43:37","guid":{"rendered":"https:\/\/www.ufsm.br\/editoras\/pecom\/?p=182"},"modified":"2019-09-03T12:44:43","modified_gmt":"2019-09-03T15:44:43","slug":"atividades-dia-11-de-maio-na-feira-do-livro-de-santa-maria","status":"publish","type":"post","link":"https:\/\/www.ufsm.br\/editoras\/pecom\/2018\/05\/09\/atividades-dia-11-de-maio-na-feira-do-livro-de-santa-maria","title":{"rendered":"Atividades dia 11 de Maio na Feira do Livro de Santa Maria"},"content":{"rendered":"\n<p>Dia 11 de Maio, sexta-feira, o curso de Produ\u00e7\u00e3o Editorial estar\u00e1 em peso na Feira do Livro de Santa Maria com diversas atividades imperd\u00edveis:<\/p>\n<p>OFICINAS (na casa de Leitura)<\/p>\n<p>Black Poetry \u2013 crie seu texto (14h-15h30)<br \/>Atividade com arte e literatura. O objetivo \u00e9 estimular a cria\u00e7\u00e3o de textos pr\u00f3prios atrav\u00e9s de outros j\u00e1 existentes, por meio da pintura.<br \/>Ministrantes: Andressa Ferr\u00e3o, La\u00eds Carafini e Lav\u00ednia Neres.<\/p>\n<p>Encaderna\u00e7\u00e3o (16h-17h)<br \/>T\u00e9cnica para produzir encaderna\u00e7\u00f5es artesanais (bloquinhos de anota\u00e7\u00f5es). Despertar o senso criativo, l\u00fadico e imaginativo.\u00a0<br \/>Ministrantes: Achley Junges, Julia Gomes, Marcos Oliveira, Katiele dos Santos, Tainan Oliveira, Maria Tereza Tassinari.<\/p>\n<p>AUT\u00d3GRAFOS (estande de aut\u00f3grafos) (17h)<\/p>\n<p>Livro Desafios: Editora\u00e7\u00e3o em tempos de converg\u00eancia<\/p>\n<p>Cl\u00e1udia Regina Ziliotto Bomf\u00e1 | Editora\u00a0pE.com\u00a0&#8211; UFSM<\/p>\n<p>Livro Cartas ao meu Beb\u00ea<br \/>Mari\u00e1h Oyarzabal da Luz | Editora ComArte| &#8211; USP\u00a0<br \/>Parceria &#8211; pE.comUFSM<\/p>\n<p>BATE- PAPO: Maternidade na ponta da l\u00edngua! (18h)<br \/>Com a autora Mari\u00e1h Oyarzabal da Luz<\/p>\n<p>INTERVEN\u00c7\u00c3O ITINERANTE (no turno da tarde)<br \/>Na pra\u00e7a Saldanha Marinho<br \/>Dossi\u00ea Revista O QI &#8211; O que voc\u00ea entende por Cultura?<\/p>\n<p><img fetchpriority=\"high\" decoding=\"async\" class=\"alignnone size-medium wp-image-183\" src=\"https:\/\/www.ufsm.br\/editoras\/pecom\/wp-content\/uploads\/sites\/747\/2019\/09\/pe_na_feira_do_livro_1-285x300.jpg\" alt=\"\" width=\"285\" height=\"300\" srcset=\"https:\/\/www.ufsm.br\/app\/uploads\/sites\/747\/2019\/09\/pe_na_feira_do_livro_1-285x300.jpg 285w, https:\/\/www.ufsm.br\/app\/uploads\/sites\/747\/2019\/09\/pe_na_feira_do_livro_1-768x809.jpg 768w, https:\/\/www.ufsm.br\/app\/uploads\/sites\/747\/2019\/09\/pe_na_feira_do_livro_1-972x1024.jpg 972w, https:\/\/www.ufsm.br\/app\/uploads\/sites\/747\/2019\/09\/pe_na_feira_do_livro_1.jpg 1920w\" sizes=\"(max-width: 285px) 100vw, 285px\" \/><\/p>\n","protected":false},"excerpt":{"rendered":"<p>Dia 11 de Maio, sexta-feira, o curso de Produ\u00e7\u00e3o Editorial estar\u00e1 em peso na Feira do Livro de Santa Maria com diversas atividades imperd\u00edveis:<\/p>\n<p>OFICINAS (na casa de Leitura)<\/p>\n<p>Black Poetry \u2013 crie seu texto (14h-15h30)<br \/>\nAtividade com arte e literatura. O objetivo \u00e9 estimular a cria\u00e7\u00e3o de textos pr\u00f3prios atrav\u00e9s de outros j\u00e1 existentes, por meio da pintura.<br \/>\nMinistrantes: Andressa Ferr\u00e3o, La\u00eds Carafini e Lav\u00ednia Neres.<\/p>\n","protected":false},"author":115,"featured_media":0,"comment_status":"closed","ping_status":"closed","sticky":false,"template":"","format":"standard","meta":{"footnotes":""},"categories":[11],"tags":[],"class_list":["post-182","post","type-post","status-publish","format-standard","hentry","category-noticias"],"acf":[],"_links":{"self":[{"href":"https:\/\/www.ufsm.br\/editoras\/pecom\/wp-json\/wp\/v2\/posts\/182","targetHints":{"allow":["GET"]}}],"collection":[{"href":"https:\/\/www.ufsm.br\/editoras\/pecom\/wp-json\/wp\/v2\/posts"}],"about":[{"href":"https:\/\/www.ufsm.br\/editoras\/pecom\/wp-json\/wp\/v2\/types\/post"}],"author":[{"embeddable":true,"href":"https:\/\/www.ufsm.br\/editoras\/pecom\/wp-json\/wp\/v2\/users\/115"}],"replies":[{"embeddable":true,"href":"https:\/\/www.ufsm.br\/editoras\/pecom\/wp-json\/wp\/v2\/comments?post=182"}],"version-history":[{"count":0,"href":"https:\/\/www.ufsm.br\/editoras\/pecom\/wp-json\/wp\/v2\/posts\/182\/revisions"}],"wp:attachment":[{"href":"https:\/\/www.ufsm.br\/editoras\/pecom\/wp-json\/wp\/v2\/media?parent=182"}],"wp:term":[{"taxonomy":"category","embeddable":true,"href":"https:\/\/www.ufsm.br\/editoras\/pecom\/wp-json\/wp\/v2\/categories?post=182"},{"taxonomy":"post_tag","embeddable":true,"href":"https:\/\/www.ufsm.br\/editoras\/pecom\/wp-json\/wp\/v2\/tags?post=182"}],"curies":[{"name":"wp","href":"https:\/\/api.w.org\/{rel}","templated":true}]}}