{"id":136,"date":"2020-02-13T10:36:04","date_gmt":"2020-02-13T13:36:04","guid":{"rendered":"https:\/\/www.ufsm.br\/laboratorios\/biorep\/?p=136"},"modified":"2025-07-11T14:49:28","modified_gmt":"2025-07-11T17:49:28","slug":"capela-de-fluxo","status":"publish","type":"post","link":"https:\/\/www.ufsm.br\/laboratorios\/biorep\/2020\/02\/13\/capela-de-fluxo","title":{"rendered":"Capela de fluxo"},"content":{"rendered":"\t\t<div data-elementor-type=\"wp-post\" data-elementor-id=\"136\" class=\"elementor elementor-136\">\n\t\t\t\t\t\t<section class=\"elementor-section elementor-top-section elementor-element elementor-element-46ff4a63 elementor-section-boxed elementor-section-height-default elementor-section-height-default\" data-id=\"46ff4a63\" data-element_type=\"section\">\n\t\t\t\t\t\t<div class=\"elementor-container elementor-column-gap-default\">\n\t\t\t\t\t<div class=\"elementor-column elementor-col-100 elementor-top-column elementor-element elementor-element-5e10e62c\" data-id=\"5e10e62c\" data-element_type=\"column\">\n\t\t\t<div class=\"elementor-widget-wrap elementor-element-populated\">\n\t\t\t\t\t\t<div class=\"elementor-element elementor-element-68d5591 elementor-widget elementor-widget-text-editor\" data-id=\"68d5591\" data-element_type=\"widget\" data-widget_type=\"text-editor.default\">\n\t\t\t\t<div class=\"elementor-widget-container\">\n\t\t\t\t\t\t\t<p><strong><span style=\"text-decoration: underline\">Capela de fluxo laminar TROX<\/span><\/strong>\u00a0&#8211;\u00a0Projetada para criar \u00e1reas de trabalho est\u00e9reis para a manipula\u00e7\u00e3o de materiais biol\u00f3gicos que n\u00e3o possam sofrer contamina\u00e7\u00e3o do meio ambiente, garantindo a seguran\u00e7a da manipula\u00e7\u00e3o.<\/p>\n<div class=\"col-md-12\">\n<div class=\"item-page\"><hr \/>\n<p><span style=\"text-decoration: underline\"><b>NORMAS DE USO<\/b><\/span><\/p>\n<p>Antes de utilizar este equipamento, favor consultar as &#8220;<a href=\"https:\/\/www.ufsm.br\/laboratorios\/biorep\/normas-gerais-de-uso\/\" target=\"_blank\" rel=\"noopener\">normas gerais de uso<\/a>&#8220;.<\/p>\n<p><b><span style=\"text-decoration: underline\">Aten\u00e7\u00e3o:<\/span> \u00c9 obrigat\u00f3rio o uso de equipamentos de prote\u00e7\u00e3o individual nas depend\u00eancias do BioRep.<\/b><\/p>\n<p>1. Os usu\u00e1rios s\u00e3o respons\u00e1veis pelo experimento, principalmente no que se refere ao m\u00e9todo e \u00e0 verifica\u00e7\u00e3o da operacionalidade do equipamento.<\/p>\n<p>2. Os materiais e os reagentes que ser\u00e3o necess\u00e1rios para a realiza\u00e7\u00e3o do experimento s\u00e3o de responsabilidade, \u00fanica e exclusiva, do usu\u00e1rio.\u00a0<\/p>\n<p>3. Por quest\u00e3o de espa\u00e7o f\u00edsico, somente ser\u00e1 permitida a perman\u00eancia de dois usu\u00e1rios no equipamento. Caso haja necessidade de um n\u00famero maior de pessoas acompanharem o experimento, ser\u00e1 necess\u00e1ria a autoriza\u00e7\u00e3o pelo Corpo T\u00e9cnico do BioRep.<\/p>\n<p>4. Atrasos para o in\u00edcio do experimento, quando implicarem em preju\u00edzos no hor\u00e1rio subsequente, N\u00c3O ser\u00e3o tolerados. Nesses casos, o usu\u00e1rio atrasado ser\u00e1 advertido e perder\u00e1 o direito ao hor\u00e1rio reservado. Um novo agendamento de reserva poder\u00e1 ser feito de acordo com a disponibilidade de hor\u00e1rios na agenda do equipamento.<\/p>\n<p>5. Em caso de desrespeito injustificado aos hor\u00e1rios das reservas (falta ou atraso) e\/ou o n\u00e3o cumprimento das normas de uso do equipamento, o usu\u00e1rio ser\u00e1 advertido Corpo T\u00e9cnico do BioRep, podendo ter restrito ou suspenso o seu acesso ao laborat\u00f3rio.<\/p>\n<p>6. Qualquer erro ou problema que venha ocorrer com o equipamento, dever\u00e1 ser obrigatoriamente informado ao Corpo T\u00e9cnico do BioRep.<\/p>\n<p>7. Ao t\u00e9rmino da utiliza\u00e7\u00e3o da capela, \u00e9\u00a0de responsabilidade do usu\u00e1rio desligar todas as fun\u00e7\u00f5es (ventila\u00e7\u00e3o, ilumina\u00e7\u00e3o e l\u00e2mpada germicida UV). Obs: manter a capela limpa.<\/p>\n<hr \/>\n<figure id=\"attachment_87\" aria-describedby=\"caption-attachment-87\" style=\"width: 1024px\" class=\"wp-caption aligncenter\"><a href=\"https:\/\/portal.ufsm.br\/agendamento\/usuario\/espaco\/agenda.html?idEspaco=2811&amp;dia=\" target=\"_blank\" rel=\"noopener\"><img fetchpriority=\"high\" decoding=\"async\" class=\"wp-image-87 size-large\" src=\"https:\/\/www.ufsm.br\/app\/uploads\/sites\/672\/2019\/07\/Capela-1024x768.jpg\" alt=\"\" width=\"1024\" height=\"768\" srcset=\"https:\/\/www.ufsm.br\/app\/uploads\/sites\/672\/2019\/07\/Capela-1024x768.jpg 1024w, https:\/\/www.ufsm.br\/app\/uploads\/sites\/672\/2019\/07\/Capela-300x225.jpg 300w, https:\/\/www.ufsm.br\/app\/uploads\/sites\/672\/2019\/07\/Capela-768x576.jpg 768w, https:\/\/www.ufsm.br\/app\/uploads\/sites\/672\/2019\/07\/Capela.jpg 1632w\" sizes=\"(max-width: 1024px) 100vw, 1024px\" \/><\/a><figcaption id=\"caption-attachment-87\" class=\"wp-caption-text\">Capela de fluxo<\/figcaption><\/figure>\n<hr \/><\/div>\n<\/div>\n<p><!--nextpage--><\/p>\n<p><!-- \/wp:html --><!-- wp:tadv\/classic-paragraph \/--><\/p>\t\t\t\t\t\t<\/div>\n\t\t\t\t<\/div>\n\t\t\t\t\t<\/div>\n\t\t<\/div>\n\t\t\t\t\t<\/div>\n\t\t<\/section>\n\t\t\t\t<section class=\"elementor-section elementor-top-section elementor-element elementor-element-48c8b41 elementor-section-boxed elementor-section-height-default elementor-section-height-default\" data-id=\"48c8b41\" data-element_type=\"section\">\n\t\t\t\t\t\t<div class=\"elementor-container elementor-column-gap-default\">\n\t\t\t\t\t<div class=\"elementor-column elementor-col-100 elementor-top-column elementor-element elementor-element-ed0f595\" data-id=\"ed0f595\" data-element_type=\"column\">\n\t\t\t<div class=\"elementor-widget-wrap elementor-element-populated\">\n\t\t\t\t\t\t<div class=\"elementor-element elementor-element-04343fb elementor-align-justify elementor-widget elementor-widget-button\" data-id=\"04343fb\" data-element_type=\"widget\" data-widget_type=\"button.default\">\n\t\t\t\t<div class=\"elementor-widget-container\">\n\t\t\t\t\t\t\t<div class=\"elementor-button-wrapper\">\n\t\t\t\t\t<a class=\"elementor-button elementor-button-link elementor-size-sm\" href=\"https:\/\/portal.ufsm.br\/agendamento\/usuario\/espaco\/agenda.html?idEspaco=2811&#038;dia=\" target=\"_blank\">\n\t\t\t\t\t\t<span class=\"elementor-button-content-wrapper\">\n\t\t\t\t\t\t\t\t\t<span class=\"elementor-button-text\">Clique aqui para agendar a Capela de Fluxo<\/span>\n\t\t\t\t\t<\/span>\n\t\t\t\t\t<\/a>\n\t\t\t\t<\/div>\n\t\t\t\t\t\t<\/div>\n\t\t\t\t<\/div>\n\t\t\t\t\t<\/div>\n\t\t<\/div>\n\t\t\t\t\t<\/div>\n\t\t<\/section>\n\t\t\t\t<section class=\"elementor-section elementor-top-section elementor-element elementor-element-7c51eec elementor-section-boxed elementor-section-height-default elementor-section-height-default\" data-id=\"7c51eec\" data-element_type=\"section\">\n\t\t\t\t\t\t<div class=\"elementor-container elementor-column-gap-default\">\n\t\t\t\t\t<div class=\"elementor-column elementor-col-100 elementor-top-column elementor-element elementor-element-ab32544\" data-id=\"ab32544\" data-element_type=\"column\">\n\t\t\t<div class=\"elementor-widget-wrap elementor-element-populated\">\n\t\t\t\t\t\t<div class=\"elementor-element elementor-element-fe4a70d elementor-widget elementor-widget-text-editor\" data-id=\"fe4a70d\" data-element_type=\"widget\" data-widget_type=\"text-editor.default\">\n\t\t\t\t<div class=\"elementor-widget-container\">\n\t\t\t\t\t\t\t<iframe src=\"https:\/\/portal.ufsm.br\/agendamento\/publico\/painel\/predio.html?idPredio=110687&amp;idEspaco=2816\" width=\"100%\" height=\"650\"><\/iframe>\t\t\t\t\t\t<\/div>\n\t\t\t\t<\/div>\n\t\t\t\t\t<\/div>\n\t\t<\/div>\n\t\t\t\t\t<\/div>\n\t\t<\/section>\n\t\t\t\t<\/div>\n\t\t","protected":false},"excerpt":{"rendered":"<p>Capela de fluxo laminar TROX\u00a0&#8211;\u00a0Projetada para criar \u00e1reas de trabalho est\u00e9reis para a manipula\u00e7\u00e3o de materiais biol\u00f3gicos que n\u00e3o possam sofrer contamina\u00e7\u00e3o do meio ambiente, garantindo a seguran\u00e7a da manipula\u00e7\u00e3o. NORMAS DE USO Antes de utilizar este equipamento, favor consultar as &#8220;normas gerais de uso&#8220;. Aten\u00e7\u00e3o: \u00c9 obrigat\u00f3rio o uso de equipamentos de prote\u00e7\u00e3o individual [&hellip;]<\/p>\n","protected":false},"author":8,"featured_media":87,"comment_status":"closed","ping_status":"closed","sticky":false,"template":"","format":"standard","meta":{"footnotes":""},"categories":[17],"tags":[],"class_list":["post-136","post","type-post","status-publish","format-standard","has-post-thumbnail","hentry","category-equipamentos"],"acf":[],"_links":{"self":[{"href":"https:\/\/www.ufsm.br\/laboratorios\/biorep\/wp-json\/wp\/v2\/posts\/136","targetHints":{"allow":["GET"]}}],"collection":[{"href":"https:\/\/www.ufsm.br\/laboratorios\/biorep\/wp-json\/wp\/v2\/posts"}],"about":[{"href":"https:\/\/www.ufsm.br\/laboratorios\/biorep\/wp-json\/wp\/v2\/types\/post"}],"author":[{"embeddable":true,"href":"https:\/\/www.ufsm.br\/laboratorios\/biorep\/wp-json\/wp\/v2\/users\/8"}],"replies":[{"embeddable":true,"href":"https:\/\/www.ufsm.br\/laboratorios\/biorep\/wp-json\/wp\/v2\/comments?post=136"}],"version-history":[{"count":0,"href":"https:\/\/www.ufsm.br\/laboratorios\/biorep\/wp-json\/wp\/v2\/posts\/136\/revisions"}],"wp:featuredmedia":[{"embeddable":true,"href":"https:\/\/www.ufsm.br\/laboratorios\/biorep\/wp-json\/wp\/v2\/media\/87"}],"wp:attachment":[{"href":"https:\/\/www.ufsm.br\/laboratorios\/biorep\/wp-json\/wp\/v2\/media?parent=136"}],"wp:term":[{"taxonomy":"category","embeddable":true,"href":"https:\/\/www.ufsm.br\/laboratorios\/biorep\/wp-json\/wp\/v2\/categories?post=136"},{"taxonomy":"post_tag","embeddable":true,"href":"https:\/\/www.ufsm.br\/laboratorios\/biorep\/wp-json\/wp\/v2\/tags?post=136"}],"curies":[{"name":"wp","href":"https:\/\/api.w.org\/{rel}","templated":true}]}}