{"id":1063,"date":"2017-05-22T20:54:21","date_gmt":"2017-05-22T23:54:21","guid":{"rendered":"https:\/\/www.ufsm.br\/laboratorios\/corpus\/2017\/05\/22\/integrantes-do-laboratorio-corpus-participam-de-evento-na-universidade-federal-do-rio-grande-do-sul\/"},"modified":"2017-05-22T20:54:21","modified_gmt":"2017-05-22T23:54:21","slug":"integrantes-do-laboratorio-corpus-participam-de-evento-na-universidade-federal-do-rio-grande-do-sul","status":"publish","type":"post","link":"https:\/\/www.ufsm.br\/laboratorios\/corpus\/2017\/05\/22\/integrantes-do-laboratorio-corpus-participam-de-evento-na-universidade-federal-do-rio-grande-do-sul","title":{"rendered":"Integrantes do Laborat\u00f3rio Corpus participam de evento na UFRGS"},"content":{"rendered":"<p style=\"text-align: justify;\"><span style=\"font-family: arial, helvetica, sans-serif;\">No pr\u00f3ximo dia 26 de maio, integrantes do Laborat\u00f3rio Corpus estar\u00e3o participando do&nbsp;<span style=\"font-size: 12.8px;\">evento aberto para alunos de p\u00f3s-gradua\u00e7\u00e3o denominado <em>I Jornada e 2\u00ba Encontro Nacional Hist\u00f3ria das Ideias: a pesquisa no Curso de P\u00f3s-Gradua\u00e7\u00e3o em Letras.<\/em><\/span><em>&nbsp;<\/em><\/span><\/p>\n<p style=\"text-align: justify;\"><span style=\"font-family: arial, helvetica, sans-serif;\"><em><span style=\"font-size: small;\"><\/span><\/em><span style=\"font-size: small;\">Na oportunidade, que contar\u00e1 com mesas-redondas e debates, a&nbsp;<span style=\"font-size: 12.16px;\">Profa. Dra. Verli Petri (UFSM) apresentar\u00e1 a fala&nbsp;<\/span><\/span>\u201cA Produ\u00e7\u00e3o do Conhecimento Ling\u00fc\u00edstico <\/span><st1:personname productid=\"em Diferentes Momentos Hist\ufff3ricos\">em Diferentes Momentos Hist\u00f3ricos<\/st1:personname><span style=\"font-family: arial, helvetica, sans-serif;\">\u201d e a&nbsp;<span style=\"font-size: 12.16px;\">Profa Doutoranda Natieli Luiza Branco (PPGL\/UFSM)&nbsp;<span style=\"font-size: 12.16px;\">apresentar\u00e1 a fala&nbsp;<\/span><\/span>\u201cA Continuidade e a Descontinuidade em Pesquisa: desafios para a elabora\u00e7\u00e3o da tese&#8221;.<\/span><\/p>\n<p style=\"text-align: justify;\"><span style=\"font-family: arial, helvetica, sans-serif;\"><span style=\"font-family: arial, helvetica, sans-serif; font-size: 12.16px; text-align: justify;\">Conforme proposta do evento, essa s<\/span>er\u00e1 uma \u00f3tima oportunidade para discuss\u00f5es sobre a pesquisa no Mestrado, no Doutorado e no P\u00f3s-Doutorado!<\/span><\/p>\n<p style=\"text-align: justify;\"><span style=\"font-family: arial, helvetica, sans-serif;\">&#8212;&#8212;&#8212;&#8212;&#8212;&#8212;&#8212;&#8212;<\/span><\/p>\n<p><span style=\"font-family: arial, helvetica, sans-serif;\">A SEGUIR, INFORMA\u00c7\u00d5ES COMPLETAS SOBRE O EVENTO:<\/span><\/p>\n<p><span style=\"font-family: arial, helvetica, sans-serif;\"><strong><span style=\"font-size: 14pt;\">I JORNADA E 2\u00ba ENCONTRO NACIONAL \u2018HIST\u00d3RIA DAS IDEIAS: a Pesquisa no Curso de P\u00f3s-Gradua\u00e7\u00e3o em Letras<\/span><\/strong><\/span><\/p>\n<p><span style=\"font-size: 14pt; font-family: arial, helvetica, sans-serif;\">Data: 26 de maio de 2017&nbsp;&nbsp;&nbsp; Local Audit\u00f3rio do ILEA-&nbsp; Campus da Agronomia&nbsp; <\/span><\/p>\n<p><span style=\"font-family: arial, helvetica, sans-serif;\"><strong><span style=\"font-size: 14pt;\">&nbsp;<\/span><\/strong><\/span><\/p>\n<p><span style=\"font-family: arial, helvetica, sans-serif;\"><strong><span style=\"font-size: 14pt;\">PROGRAMA<\/span><\/strong><\/span><\/p>\n<p><span style=\"font-family: arial, helvetica, sans-serif;\"><strong>&nbsp;<\/strong><\/span><\/p>\n<p><span style=\"font-family: arial, helvetica, sans-serif;\">26.05.2017<\/span><\/p>\n<p style=\"line-height: 150%;\"><span style=\"font-family: arial, helvetica, sans-serif;\">9hs Abertura com a participa\u00e7\u00e3o da Coordena\u00e7\u00e3o do PPGLET-UFRGS<\/span><\/p>\n<p style=\"line-height: 150%;\"><span style=\"font-family: arial, helvetica, sans-serif;\">9.10min<\/span><\/p>\n<p style=\"line-height: 150%;\"><span style=\"font-family: arial, helvetica, sans-serif;\">Mesa Redonda 1 : &nbsp;&nbsp;&nbsp;&nbsp;A PESQUISA NO MESTRADO<\/span><\/p>\n<p style=\"line-height: 150%;\"><span style=\"font-family: arial, helvetica, sans-serif;\">Participantes:<\/span><\/p>\n<p style=\"line-height: 150%;\"><span style=\"font-family: arial, helvetica, sans-serif;\">\u201dRela\u00e7\u00f5es Entre L\u00edngua, Ideologia e Subjetividade\u201d &nbsp;Profa. Mestre Cristiane Lenz \u2013 PPGLET\/UFRGS <\/span><\/p>\n<p style=\"line-height: 150%;\"><span style=\"font-family: arial, helvetica, sans-serif;\">\u201cO Poder Simb\u00f3lico do Lixo: a (re)emerg\u00eancia do sujeito exclu\u00eddo pelo projeto urbano\u201d Profa. Mestre R\u00fabia Pasinatto&nbsp; PPGLET\/UFRGS&nbsp; IFRS<\/span><\/p>\n<p style=\"line-height: 150%;\"><span style=\"font-family: arial, helvetica, sans-serif;\">\u201c Discurso e Doc\u00eancia: efeitos de sentidos de perman\u00eancia\u201d&nbsp; Mestrando : Marcos Salmo&nbsp;&nbsp;&nbsp; PPG\/EDU &#8211; UFRGS\/<\/span><\/p>\n<p style=\"line-height: 150%;\"><span style=\"font-family: arial, helvetica, sans-serif;\">&nbsp;\u201cO Funcionamento Discursivo do G\u00eanero de Divulga\u00e7\u00e3o Cient\u00edfica: o tema do uso de animais n\u00e3o humanos em experimentos\u201d &nbsp;Profa. Mestre&nbsp; Ver\u00f4nica Seidel \u2013 PPGLET &#8211; UFRGS<\/span><\/p>\n<p style=\"line-height: 150%;\"><span style=\"font-family: arial, helvetica, sans-serif;\">Debatedora: &nbsp;Profa. Dra.Florence Carboni PPGLET-UFRGS<\/span><\/p>\n<p style=\"line-height: 150%;\"><span style=\"font-family: arial, helvetica, sans-serif;\">&nbsp;10.30min<\/span><\/p>\n<p style=\"line-height: 150%;\"><span style=\"font-family: arial, helvetica, sans-serif;\">Mesa-Redonda 2&nbsp;&nbsp;&nbsp;&nbsp; A PESQUISA NO DOUTORADO<\/span><\/p>\n<p style=\"line-height: 150%;\"><span style=\"font-family: arial, helvetica, sans-serif;\">Participantes:&nbsp;&nbsp;&nbsp;<\/span><\/p>\n<p style=\"line-height: 150%;\"><span style=\"font-family: arial, helvetica, sans-serif;\">\u201cA Cultura Digital Como Acontecimento: movimentos na rede dos sentidos\u201d&nbsp; &nbsp;Profa. Dra. Paula Daniele Pavan&nbsp;&nbsp;&nbsp; PPGLET-UFRGS<\/span><\/p>\n<p style=\"line-height: 150%;\"><span style=\"font-family: arial, helvetica, sans-serif;\">\u201cA Loucura Como Constructo Discursivo e Sintoma Social: uma an\u00e1lise do funcionamento da ideologia e do inconsciente na constitui\u00e7\u00e3o dos sujeitos.\u201d&nbsp;&nbsp; Profa. Dra. Ana Boff de Godoy.&nbsp;&nbsp; UFCSPA&#8230;&#8230;&#8230;&#8230;&#8230;&#8230;&#8230;&#8230;&#8230;&#8230;&#8230;&#8230;&#8230;&#8230;.<\/span><\/p>\n<p style=\"line-height: 150%;\"><span style=\"font-family: arial, helvetica, sans-serif;\">\u201cA Continuidade e a Descontinuidade em Pesquisa: desafios para a elabora\u00e7\u00e3o da tese Profa Doutoranda. Natieli Luiza Branco \u2013PPGLET UFSM&#8230;&#8230;&#8230;&#8230;&#8230;&#8230;&#8230;&#8230;&#8230;&#8230;&#8230;&#8230;&#8230;&#8230;.<\/span><\/p>\n<p style=\"line-height: 150%;\"><span style=\"font-family: arial, helvetica, sans-serif;\">Debatedora: Profa. Dra.D\u00f3ris Luzzardi Fiss \u2013 PPG-EDU<\/span><\/p>\n<p style=\"line-height: 150%;\"><span style=\"font-family: arial, helvetica, sans-serif;\">13..45min<\/span><\/p>\n<p style=\"line-height: 150%;\"><span style=\"font-family: arial, helvetica, sans-serif;\">Mesa-Redonda 3&nbsp;&nbsp; A PESQUISA NO P\u00d3S-DOUTORADO<\/span><\/p>\n<p style=\"line-height: 150%;\"><span style=\"font-family: arial, helvetica, sans-serif;\">Participantes:<\/span><\/p>\n<p style=\"line-height: 150%;\"><span style=\"font-family: arial, helvetica, sans-serif;\">\u201cO Ensino de L\u00edngua Portuguesa no Brasil e as Concep\u00e7\u00f5es de l\u00edngua(gem) e de Texto nos Anos 1970 : condi\u00e7\u00f5es s\u00f3cio-hist\u00f3ricas de inser\u00e7\u00e3o do pensamento do C\u00edrculo de Bakhtin no contexto pol\u00edtico-educacional brasileiro\u201d&nbsp;&nbsp; Prof. Dr. Luciano Vidon \u2013Universidade Federal do Esp\u00edrito Santo (UFES<\/span><\/p>\n<p style=\"line-height: 150%;\"><span style=\"font-family: arial, helvetica, sans-serif;\">\u201cA Dimens\u00e3o Filos\u00f3fico-Discursiva da Pergunta No Espa\u00e7o Gramatical\u201d&nbsp; Profa. Dra. Gesualda dos Santos Rasia \u2013 Universidade Federal do Paran\u00e1 (UFPR)<\/span><\/p>\n<p style=\"line-height: 150%;\"><span style=\"font-family: arial, helvetica, sans-serif;\">\u201cManuais Escolares Na Ditadura Militar: onde est\u00e1 a palavra do outro?\u201d &nbsp;Profa. Dra. Maria In\u00eas Batista Campos \u2013Universidade de S\u00e3o Paulo (USP)<\/span><\/p>\n<p style=\"line-height: 150%;\"><span style=\"font-family: arial, helvetica, sans-serif;\">\u201c A Produ\u00e7\u00e3o do Conhecimento Ling\u00fc\u00edstico <\/span><st1:personname productid=\"em Diferentes Momentos Hist\ufff3ricos\">em Diferentes Momentos Hist\u00f3ricos<\/st1:personname><span style=\"font-family: arial, helvetica, sans-serif;\">\u201dProfa. Dra. Verli Petri (UFSM)<\/span><\/p>\n<p style=\"line-height: 150%;\"><span style=\"font-family: arial, helvetica, sans-serif;\">Debatedora: Profa. Dra. Ana Zandwais \u2013 PPGLET -UFGS<\/span><\/p>\n<p style=\"line-height: 150%;\"><span style=\"font-family: arial, helvetica, sans-serif;\">&#8212;&#8212;&#8212;&#8212;&#8212;&#8211;<\/span><\/p>\n<p style=\"line-height: 150%; text-align: left;\"><span style=\"font-family: arial, helvetica, sans-serif;\"><strong><span style=\"font-size: medium;\">As inscri\u00e7\u00f5es podem ser realizadas atrav\u00e9s dos e-mails:&nbsp;<\/span><\/strong><span face=\"Calibri\">caroline.nazario@outlook.com&nbsp;ou&nbsp;&nbsp;ilanasand@gmail.com<\/span><\/span><\/p>\n<p style=\"line-height: 150%;\">&nbsp;<\/p>\n","protected":false},"excerpt":{"rendered":"<p>No pr\u00f3ximo dia 26 de maio, integrantes do Laborat\u00f3rio Corpus estar\u00e3o participando do&nbsp;evento aberto para alunos de p\u00f3s-gradua\u00e7\u00e3o denominado I Jornada e 2\u00ba Encontro Nacional Hist\u00f3ria das Ideias: a pesquisa no Curso de P\u00f3s-Gradua\u00e7\u00e3o em Letras.&nbsp; Na oportunidade, que contar\u00e1 com mesas-redondas e debates, a&nbsp;Profa. Dra. Verli Petri (UFSM) apresentar\u00e1 a fala&nbsp;\u201cA Produ\u00e7\u00e3o do Conhecimento [&hellip;]<\/p>\n","protected":false},"author":8,"featured_media":0,"comment_status":"closed","ping_status":"closed","sticky":false,"template":"","format":"standard","meta":{"footnotes":""},"categories":[11],"tags":[],"class_list":["post-1063","post","type-post","status-publish","format-standard","hentry","category-noticias"],"acf":[],"_links":{"self":[{"href":"https:\/\/www.ufsm.br\/laboratorios\/corpus\/wp-json\/wp\/v2\/posts\/1063","targetHints":{"allow":["GET"]}}],"collection":[{"href":"https:\/\/www.ufsm.br\/laboratorios\/corpus\/wp-json\/wp\/v2\/posts"}],"about":[{"href":"https:\/\/www.ufsm.br\/laboratorios\/corpus\/wp-json\/wp\/v2\/types\/post"}],"author":[{"embeddable":true,"href":"https:\/\/www.ufsm.br\/laboratorios\/corpus\/wp-json\/wp\/v2\/users\/8"}],"replies":[{"embeddable":true,"href":"https:\/\/www.ufsm.br\/laboratorios\/corpus\/wp-json\/wp\/v2\/comments?post=1063"}],"version-history":[{"count":0,"href":"https:\/\/www.ufsm.br\/laboratorios\/corpus\/wp-json\/wp\/v2\/posts\/1063\/revisions"}],"wp:attachment":[{"href":"https:\/\/www.ufsm.br\/laboratorios\/corpus\/wp-json\/wp\/v2\/media?parent=1063"}],"wp:term":[{"taxonomy":"category","embeddable":true,"href":"https:\/\/www.ufsm.br\/laboratorios\/corpus\/wp-json\/wp\/v2\/categories?post=1063"},{"taxonomy":"post_tag","embeddable":true,"href":"https:\/\/www.ufsm.br\/laboratorios\/corpus\/wp-json\/wp\/v2\/tags?post=1063"}],"curies":[{"name":"wp","href":"https:\/\/api.w.org\/{rel}","templated":true}]}}