{"id":1075,"date":"2017-06-29T13:21:09","date_gmt":"2017-06-29T16:21:09","guid":{"rendered":"https:\/\/www.ufsm.br\/laboratorios\/corpus\/2017\/06\/29\/qualificacoes-de-dissertacoes-de-integrantes-do-laboratorio-corpus\/"},"modified":"2017-06-29T13:21:09","modified_gmt":"2017-06-29T16:21:09","slug":"qualificacoes-de-dissertacoes-de-integrantes-do-laboratorio-corpus","status":"publish","type":"post","link":"https:\/\/www.ufsm.br\/laboratorios\/corpus\/2017\/06\/29\/qualificacoes-de-dissertacoes-de-integrantes-do-laboratorio-corpus","title":{"rendered":"Qualifica\u00e7\u00f5es de Disserta\u00e7\u00f5es"},"content":{"rendered":"<p>Nos dias 10, 11, 13 e 14 de julho, integrantes do Laborat\u00f3rio Corpus ter\u00e3o suas disserta\u00e7\u00f5es qualificadas. Val\u00e9ria e Andressa, orientandas da Professora Dr. Verli Petri, qualificam nos dias 10 e 11, respectivamente. Ana e Bruna, orientandas da Professora Dr. Amanda Scherer, qualificam nos dias 13 e 14, respectivamente. Nas bancas, estar\u00e3o professores da Universidade Federal de Santa Maria (UFSM), Universidade Federal Fluminense (UFF), Universidade Estadual do Centro-Oeste (UNICENTRO), Universidade Estadual da Para\u00edba (UEPB) e Universidade Federal de Mato Grosso (UFMT). Mais informa\u00e7\u00f5es, como t\u00edtulo das disserta\u00e7\u00f5es, hor\u00e1rio e local das defesas e professores participantes da banca, podem ser conferidas nas imagens abaixo.<\/p>\n<p>&nbsp;<img fetchpriority=\"high\" decoding=\"async\" class=\" size-full wp-image-1070\" src=\"https:\/\/www.ufsm.br\/laboratorios\/corpus\/wp-content\/uploads\/sites\/771\/2017\/06\/Qualifica%C3%A7%C3%A3o_Andressa-1.jpg\" width=\"681\" height=\"212\" alt=\"Qualifica\u00e7\u00e3o Andressa\" style=\"display: block; margin-left: auto; margin-right: auto;\" \/><\/p>\n<p><a href=\"https:\/\/l.facebook.com\/l.php?u=http%3A%2F%2Fcoral.ufsm.br%2Fmletras%2Fimages%2FDefesas_Qualifica%25C3%25A7%25C3%25B5es_FINAL1.pdf&amp;h=ATOCRB0HGBF2yUdJvgR_hKDnvOYyO4o-R8JBg8XNf6BpBT5pwoxPpbnZUK9knV0yNdszbQb7nYdEJxdHc-nxddZV-DRwozypb9SF7AJfhh05-awLum3igCXbZcEIGIz_a6q74CX3xyMYtA\" style=\"font-size: 12.16px;\"><img decoding=\"async\" class=\" size-full wp-image-1071\" src=\"https:\/\/www.ufsm.br\/laboratorios\/corpus\/wp-content\/uploads\/sites\/771\/2017\/06\/Qualifica%C3%A7%C3%A3o_Val%C3%A9ria.jpg\" width=\"681\" height=\"262\" alt=\"Qualifica\u00e7\u00e3o Val\u00e9ria\" style=\"display: block; margin-left: auto; margin-right: auto;\" \/><\/a><\/p>\n<p><img decoding=\"async\" class=\" size-full wp-image-1072\" src=\"https:\/\/www.ufsm.br\/laboratorios\/corpus\/wp-content\/uploads\/sites\/771\/2017\/06\/Qualfica%C3%A7%C3%A3o_Andressa1.jpg\" width=\"678\" height=\"254\" alt=\"Qualfica\u00e7\u00e3o Andressa1\" style=\"display: block; margin-left: auto; margin-right: auto;\" \/><\/p>\n<p><a href=\"https:\/\/l.facebook.com\/l.php?u=http%3A%2F%2Fcoral.ufsm.br%2Fmletras%2Fimages%2FDefesas_Qualifica%25C3%25A7%25C3%25B5es_FINAL1.pdf&amp;h=ATOCRB0HGBF2yUdJvgR_hKDnvOYyO4o-R8JBg8XNf6BpBT5pwoxPpbnZUK9knV0yNdszbQb7nYdEJxdHc-nxddZV-DRwozypb9SF7AJfhh05-awLum3igCXbZcEIGIz_a6q74CX3xyMYtA\"><img loading=\"lazy\" decoding=\"async\" class=\" size-full wp-image-1073\" src=\"https:\/\/www.ufsm.br\/laboratorios\/corpus\/wp-content\/uploads\/sites\/771\/2017\/06\/Qualifica%C3%A7%C3%A3o_Ana.jpg\" width=\"679\" height=\"244\" alt=\"Qualifica\u00e7\u00e3o Ana\" style=\"display: block; margin-left: auto; margin-right: auto;\" \/><\/a><\/p>\n<p><a href=\"https:\/\/l.facebook.com\/l.php?u=http%3A%2F%2Fcoral.ufsm.br%2Fmletras%2Fimages%2FDefesas_Qualifica%25C3%25A7%25C3%25B5es_FINAL1.pdf&amp;h=ATOCRB0HGBF2yUdJvgR_hKDnvOYyO4o-R8JBg8XNf6BpBT5pwoxPpbnZUK9knV0yNdszbQb7nYdEJxdHc-nxddZV-DRwozypb9SF7AJfhh05-awLum3igCXbZcEIGIz_a6q74CX3xyMYtA\"><img loading=\"lazy\" decoding=\"async\" class=\" size-full wp-image-1074\" src=\"https:\/\/www.ufsm.br\/laboratorios\/corpus\/wp-content\/uploads\/sites\/771\/2017\/06\/Qualifica%C3%A7%C3%A3o_Bruna.jpg\" width=\"679\" height=\"264\" alt=\"Qualifica\u00e7\u00e3o Bruna\" style=\"display: block; margin-left: auto; margin-right: auto;\" \/><\/a><\/p>\n<p style=\"text-align: center;\"><span style=\"font-size: xx-small;\">&nbsp; &nbsp; &nbsp; &nbsp; &nbsp; &nbsp; &nbsp; &nbsp; &nbsp; &nbsp; &nbsp; &nbsp; &nbsp; &nbsp; &nbsp; &nbsp; &nbsp; &nbsp; &nbsp; &nbsp; &nbsp; &nbsp; &nbsp; &nbsp; &nbsp; &nbsp; &nbsp; &nbsp; &nbsp; &nbsp; &nbsp; &nbsp; &nbsp; Reprodu\u00e7\u00e3o:&nbsp;<a href=\"http:\/\/coral.ufsm.br\/mletras\/images\/Defesas_Qualifica%C3%A7%C3%B5es_FINAL1.pdf\">http:\/\/coral.ufsm.br\/mletras\/images\/Defesas_Qualifica%C3%A7%C3%B5es_FINAL1.pdf<\/a><\/span><\/p>\n","protected":false},"excerpt":{"rendered":"<p>Nos dias 10, 11, 13 e 14 de julho, integrantes do Laborat\u00f3rio Corpus ter\u00e3o suas disserta\u00e7\u00f5es qualificadas. Val\u00e9ria e Andressa, orientandas da Professora Dr. Verli Petri, qualificam nos dias 10 e 11, respectivamente. Ana e Bruna, orientandas da Professora Dr. Amanda Scherer, qualificam nos dias 13 e 14, respectivamente. Nas bancas, estar\u00e3o professores da Universidade [&hellip;]<\/p>\n","protected":false},"author":8,"featured_media":1069,"comment_status":"closed","ping_status":"closed","sticky":false,"template":"","format":"standard","meta":{"footnotes":""},"categories":[11],"tags":[],"class_list":["post-1075","post","type-post","status-publish","format-standard","has-post-thumbnail","hentry","category-noticias"],"acf":[],"_links":{"self":[{"href":"https:\/\/www.ufsm.br\/laboratorios\/corpus\/wp-json\/wp\/v2\/posts\/1075","targetHints":{"allow":["GET"]}}],"collection":[{"href":"https:\/\/www.ufsm.br\/laboratorios\/corpus\/wp-json\/wp\/v2\/posts"}],"about":[{"href":"https:\/\/www.ufsm.br\/laboratorios\/corpus\/wp-json\/wp\/v2\/types\/post"}],"author":[{"embeddable":true,"href":"https:\/\/www.ufsm.br\/laboratorios\/corpus\/wp-json\/wp\/v2\/users\/8"}],"replies":[{"embeddable":true,"href":"https:\/\/www.ufsm.br\/laboratorios\/corpus\/wp-json\/wp\/v2\/comments?post=1075"}],"version-history":[{"count":0,"href":"https:\/\/www.ufsm.br\/laboratorios\/corpus\/wp-json\/wp\/v2\/posts\/1075\/revisions"}],"wp:featuredmedia":[{"embeddable":true,"href":"https:\/\/www.ufsm.br\/laboratorios\/corpus\/wp-json\/wp\/v2\/media\/1069"}],"wp:attachment":[{"href":"https:\/\/www.ufsm.br\/laboratorios\/corpus\/wp-json\/wp\/v2\/media?parent=1075"}],"wp:term":[{"taxonomy":"category","embeddable":true,"href":"https:\/\/www.ufsm.br\/laboratorios\/corpus\/wp-json\/wp\/v2\/categories?post=1075"},{"taxonomy":"post_tag","embeddable":true,"href":"https:\/\/www.ufsm.br\/laboratorios\/corpus\/wp-json\/wp\/v2\/tags?post=1075"}],"curies":[{"name":"wp","href":"https:\/\/api.w.org\/{rel}","templated":true}]}}