{"id":1119,"date":"2017-10-25T00:22:07","date_gmt":"2017-10-25T02:22:07","guid":{"rendered":"https:\/\/www.ufsm.br\/laboratorios\/corpus\/2017\/10\/25\/professora-verli-petri-participa-de-evento-em-portugal\/"},"modified":"2017-10-25T00:22:07","modified_gmt":"2017-10-25T02:22:07","slug":"professora-verli-petri-participa-de-evento-em-portugal","status":"publish","type":"post","link":"https:\/\/www.ufsm.br\/laboratorios\/corpus\/2017\/10\/25\/professora-verli-petri-participa-de-evento-em-portugal","title":{"rendered":"Professora Verli Petri participa de evento em Portugal"},"content":{"rendered":"<p style=\"text-align: justify;\">Entre os dias 24 e 28 de outubro de 2017, a professora Verli Petri estar\u00e1&nbsp;participando do Simp\u00f3sio Mundial de Estudos da L\u00edngua Portuguesa (SIMELP),&nbsp;que ser\u00e1 realizado na cidade de Santar\u00e9m, em Portugal. No evento, ela estar\u00e1&nbsp;coordenando o Simp\u00f3sio L\u00edngua, Hist\u00f3ria e Mem\u00f3ria na\/da L\u00edngua Portuguesa,&nbsp;e apresentar\u00e1 a fala Reflex\u00f5es sobre l\u00edngua e hist\u00f3ria no sul do Brasil, que tem&nbsp;como coautora a professora Amanda Elo\u00edna Scherer. Outras informa\u00e7\u00f5es sobre o evento podem ser conferidas <a href=\"http:\/\/simelp.ese.ipsantarem.pt\/\">aqui<\/a>.<\/p>\n","protected":false},"excerpt":{"rendered":"<p>Entre os dias 24 e 28 de outubro de 2017, a professora Verli Petri estar\u00e1&nbsp;participando do Simp\u00f3sio Mundial de Estudos da L\u00edngua Portuguesa (SIMELP),&nbsp;que ser\u00e1 realizado na cidade de Santar\u00e9m, em Portugal. No evento, ela estar\u00e1&nbsp;coordenando o Simp\u00f3sio L\u00edngua, Hist\u00f3ria e Mem\u00f3ria na\/da L\u00edngua Portuguesa,&nbsp;e apresentar\u00e1 a fala Reflex\u00f5es sobre l\u00edngua e hist\u00f3ria no sul [&hellip;]<\/p>\n","protected":false},"author":8,"featured_media":0,"comment_status":"closed","ping_status":"closed","sticky":false,"template":"","format":"standard","meta":{"footnotes":""},"categories":[11],"tags":[],"class_list":["post-1119","post","type-post","status-publish","format-standard","hentry","category-noticias"],"acf":[],"_links":{"self":[{"href":"https:\/\/www.ufsm.br\/laboratorios\/corpus\/wp-json\/wp\/v2\/posts\/1119","targetHints":{"allow":["GET"]}}],"collection":[{"href":"https:\/\/www.ufsm.br\/laboratorios\/corpus\/wp-json\/wp\/v2\/posts"}],"about":[{"href":"https:\/\/www.ufsm.br\/laboratorios\/corpus\/wp-json\/wp\/v2\/types\/post"}],"author":[{"embeddable":true,"href":"https:\/\/www.ufsm.br\/laboratorios\/corpus\/wp-json\/wp\/v2\/users\/8"}],"replies":[{"embeddable":true,"href":"https:\/\/www.ufsm.br\/laboratorios\/corpus\/wp-json\/wp\/v2\/comments?post=1119"}],"version-history":[{"count":0,"href":"https:\/\/www.ufsm.br\/laboratorios\/corpus\/wp-json\/wp\/v2\/posts\/1119\/revisions"}],"wp:attachment":[{"href":"https:\/\/www.ufsm.br\/laboratorios\/corpus\/wp-json\/wp\/v2\/media?parent=1119"}],"wp:term":[{"taxonomy":"category","embeddable":true,"href":"https:\/\/www.ufsm.br\/laboratorios\/corpus\/wp-json\/wp\/v2\/categories?post=1119"},{"taxonomy":"post_tag","embeddable":true,"href":"https:\/\/www.ufsm.br\/laboratorios\/corpus\/wp-json\/wp\/v2\/tags?post=1119"}],"curies":[{"name":"wp","href":"https:\/\/api.w.org\/{rel}","templated":true}]}}