{"id":1123,"date":"2017-11-10T19:29:05","date_gmt":"2017-11-10T21:29:05","guid":{"rendered":"https:\/\/www.ufsm.br\/laboratorios\/corpus\/2017\/11\/10\/professora-amanda-scherer-participara-de-seminario-no-rio-de-janeiro\/"},"modified":"2017-11-10T19:29:05","modified_gmt":"2017-11-10T21:29:05","slug":"professora-amanda-scherer-participara-de-seminario-no-rio-de-janeiro","status":"publish","type":"post","link":"https:\/\/www.ufsm.br\/laboratorios\/corpus\/2017\/11\/10\/professora-amanda-scherer-participara-de-seminario-no-rio-de-janeiro","title":{"rendered":"Professora Amanda Scherer participar\u00e1 de Semin\u00e1rio no Rio de Janeiro"},"content":{"rendered":"<p style=\"text-align: justify;\"><span style=\"font-family: arial, helvetica, sans-serif; font-size: small; color: #000000;\">No dia 14 de novembro de 2017, a Professora Amanda Scherer estar\u00e1 presente no Semin\u00e1rio do Laborat\u00f3rio Arquivos do Sujeito: \u201cL\u00edngua, Sujeito e Mem\u00f3ria\u201d. O evento ser\u00e1 realizado na Universidade Federal Fluminense, no Campus Gragoat\u00e1. Para mais informa\u00e7\u00f5es, acesse: <a href=\"http:\/\/las.sites.uff.br\/\"><span style=\"color: #000000;\">http:\/\/las.sites.uff.br\/<\/span><\/a><\/span><a href=\"http:\/\/las.sites.uff.br\/\"><\/a><\/p>\n<p style=\"text-align: justify;\">&nbsp;<\/p>\n<p style=\"margin-bottom: 0.28cm; line-height: 108%;\"><img fetchpriority=\"high\" decoding=\"async\" class=\" size-full wp-image-1122\" src=\"https:\/\/www.ufsm.br\/laboratorios\/corpus\/wp-content\/uploads\/sites\/771\/2017\/11\/amanda_na_uff_-_cartaz.jpg\" alt=\"amanda na uff - cartaz\" style=\"display: block; margin-left: auto; margin-right: auto;\" width=\"457\" height=\"628\" srcset=\"https:\/\/www.ufsm.br\/app\/uploads\/sites\/771\/2017\/11\/amanda_na_uff_-_cartaz.jpg 457w, https:\/\/www.ufsm.br\/app\/uploads\/sites\/771\/2017\/11\/amanda_na_uff_-_cartaz-218x300.jpg 218w\" sizes=\"(max-width: 457px) 100vw, 457px\" \/><\/p>\n","protected":false},"excerpt":{"rendered":"<p>No dia 14 de novembro de 2017, a Professora Amanda Scherer estar\u00e1 presente no Semin\u00e1rio do Laborat\u00f3rio Arquivos do Sujeito: \u201cL\u00edngua, Sujeito e Mem\u00f3ria\u201d. O evento ser\u00e1 realizado na Universidade Federal Fluminense, no Campus Gragoat\u00e1. Para mais informa\u00e7\u00f5es, acesse: http:\/\/las.sites.uff.br\/ &nbsp;<\/p>\n","protected":false},"author":8,"featured_media":1122,"comment_status":"closed","ping_status":"closed","sticky":false,"template":"","format":"standard","meta":{"footnotes":""},"categories":[11],"tags":[],"class_list":["post-1123","post","type-post","status-publish","format-standard","has-post-thumbnail","hentry","category-noticias"],"acf":[],"_links":{"self":[{"href":"https:\/\/www.ufsm.br\/laboratorios\/corpus\/wp-json\/wp\/v2\/posts\/1123","targetHints":{"allow":["GET"]}}],"collection":[{"href":"https:\/\/www.ufsm.br\/laboratorios\/corpus\/wp-json\/wp\/v2\/posts"}],"about":[{"href":"https:\/\/www.ufsm.br\/laboratorios\/corpus\/wp-json\/wp\/v2\/types\/post"}],"author":[{"embeddable":true,"href":"https:\/\/www.ufsm.br\/laboratorios\/corpus\/wp-json\/wp\/v2\/users\/8"}],"replies":[{"embeddable":true,"href":"https:\/\/www.ufsm.br\/laboratorios\/corpus\/wp-json\/wp\/v2\/comments?post=1123"}],"version-history":[{"count":0,"href":"https:\/\/www.ufsm.br\/laboratorios\/corpus\/wp-json\/wp\/v2\/posts\/1123\/revisions"}],"wp:featuredmedia":[{"embeddable":true,"href":"https:\/\/www.ufsm.br\/laboratorios\/corpus\/wp-json\/wp\/v2\/media\/1122"}],"wp:attachment":[{"href":"https:\/\/www.ufsm.br\/laboratorios\/corpus\/wp-json\/wp\/v2\/media?parent=1123"}],"wp:term":[{"taxonomy":"category","embeddable":true,"href":"https:\/\/www.ufsm.br\/laboratorios\/corpus\/wp-json\/wp\/v2\/categories?post=1123"},{"taxonomy":"post_tag","embeddable":true,"href":"https:\/\/www.ufsm.br\/laboratorios\/corpus\/wp-json\/wp\/v2\/tags?post=1123"}],"curies":[{"name":"wp","href":"https:\/\/api.w.org\/{rel}","templated":true}]}}