{"id":1138,"date":"2017-12-07T15:04:02","date_gmt":"2017-12-07T17:04:02","guid":{"rendered":"https:\/\/www.ufsm.br\/laboratorios\/corpus\/2017\/12\/07\/lancamento-de-livro-no-seminario-corpus\/"},"modified":"2017-12-07T15:04:02","modified_gmt":"2017-12-07T17:04:02","slug":"lancamento-de-livro-no-seminario-corpus","status":"publish","type":"post","link":"https:\/\/www.ufsm.br\/laboratorios\/corpus\/2017\/12\/07\/lancamento-de-livro-no-seminario-corpus","title":{"rendered":"Lan\u00e7amento de livro no Semin\u00e1rio Corpus"},"content":{"rendered":"<p style=\"text-align: justify;\"><span style=\"color: #000000; font-family: arial, helvetica, sans-serif; font-size: 12.8px;\">O XXIV Semin\u00e1rio Corpus receber\u00e1 nos dias 11 e 12 de dezembro a pesquisadora e tradutora argentina Mara Glozman (UBA) que participar\u00e1 de mesa-redonda, ministrar\u00e1 mini-curso e lan\u00e7ar\u00e1 a mais nova edi\u00e7\u00e3o da obra de Michel P\u00eacheux: &#8220;Les v\u00e9rit\u00e9s de La Palice. Linguistique, s\u00e9mantique, philosophie&#8221;, em sua primeira tradu\u00e7\u00e3o para a l\u00edngua espanhola. O livro de P\u00eacheux foi publicado em 1975 como parte da cole\u00e7\u00e3o \u201cTh\u00e9orie\u201d dirigida por Louis Althusser. Na Argentina, o texto foi publicado sob o t\u00edtulo &#8220;Las verdades evidentes: Ling\u00fc\u00edstica, sem\u00e1ntica, filosof\u00eda&#8221;, na cole\u00e7\u00e3o \u201cHistoria del Presente\u201d, pela Editora Centro Cultural de la Coop\u00e9racion Floreal Gorini. O lan\u00e7amento ser\u00e1 \u00e0s 17h, no dia 12, na sala 3004, Bloco A, UFSM Silveira Martins.<\/span><\/p>\n<p style=\"text-align: justify;\"><span style=\"color: #000000; font-family: arial, helvetica, sans-serif; font-size: 12.8px;\"><img fetchpriority=\"high\" decoding=\"async\" class=\" size-full wp-image-1137\" src=\"https:\/\/www.ufsm.br\/laboratorios\/corpus\/wp-content\/uploads\/sites\/771\/2017\/12\/P%C3%AAcheux-scaled.jpg\" alt=\"P\u00eacheux\" width=\"482\" height=\"703\" \/><\/span><\/p>\n<p style=\"text-align: justify;\">&nbsp;<\/p>\n","protected":false},"excerpt":{"rendered":"<p>O XXIV Semin\u00e1rio Corpus receber\u00e1 nos dias 11 e 12 de dezembro a pesquisadora e tradutora argentina Mara Glozman (UBA) que participar\u00e1 de mesa-redonda, ministrar\u00e1 mini-curso e lan\u00e7ar\u00e1 a mais nova edi\u00e7\u00e3o da obra de Michel P\u00eacheux: &#8220;Les v\u00e9rit\u00e9s de La Palice. Linguistique, s\u00e9mantique, philosophie&#8221;, em sua primeira tradu\u00e7\u00e3o para a l\u00edngua espanhola. O livro [&hellip;]<\/p>\n","protected":false},"author":8,"featured_media":1136,"comment_status":"closed","ping_status":"closed","sticky":false,"template":"","format":"standard","meta":{"footnotes":""},"categories":[11],"tags":[],"class_list":["post-1138","post","type-post","status-publish","format-standard","has-post-thumbnail","hentry","category-noticias"],"acf":[],"_links":{"self":[{"href":"https:\/\/www.ufsm.br\/laboratorios\/corpus\/wp-json\/wp\/v2\/posts\/1138","targetHints":{"allow":["GET"]}}],"collection":[{"href":"https:\/\/www.ufsm.br\/laboratorios\/corpus\/wp-json\/wp\/v2\/posts"}],"about":[{"href":"https:\/\/www.ufsm.br\/laboratorios\/corpus\/wp-json\/wp\/v2\/types\/post"}],"author":[{"embeddable":true,"href":"https:\/\/www.ufsm.br\/laboratorios\/corpus\/wp-json\/wp\/v2\/users\/8"}],"replies":[{"embeddable":true,"href":"https:\/\/www.ufsm.br\/laboratorios\/corpus\/wp-json\/wp\/v2\/comments?post=1138"}],"version-history":[{"count":0,"href":"https:\/\/www.ufsm.br\/laboratorios\/corpus\/wp-json\/wp\/v2\/posts\/1138\/revisions"}],"wp:featuredmedia":[{"embeddable":true,"href":"https:\/\/www.ufsm.br\/laboratorios\/corpus\/wp-json\/wp\/v2\/media\/1136"}],"wp:attachment":[{"href":"https:\/\/www.ufsm.br\/laboratorios\/corpus\/wp-json\/wp\/v2\/media?parent=1138"}],"wp:term":[{"taxonomy":"category","embeddable":true,"href":"https:\/\/www.ufsm.br\/laboratorios\/corpus\/wp-json\/wp\/v2\/categories?post=1138"},{"taxonomy":"post_tag","embeddable":true,"href":"https:\/\/www.ufsm.br\/laboratorios\/corpus\/wp-json\/wp\/v2\/tags?post=1138"}],"curies":[{"name":"wp","href":"https:\/\/api.w.org\/{rel}","templated":true}]}}