{"id":1141,"date":"2018-02-22T01:30:18","date_gmt":"2018-02-22T04:30:18","guid":{"rendered":"https:\/\/www.ufsm.br\/laboratorios\/corpus\/2018\/02\/22\/laboratorio-corpus-convida-para-mais-uma-edicao-do-conversa-com-pesquisador\/"},"modified":"2018-02-22T01:30:18","modified_gmt":"2018-02-22T04:30:18","slug":"laboratorio-corpus-convida-para-mais-uma-edicao-do-conversa-com-pesquisador","status":"publish","type":"post","link":"https:\/\/www.ufsm.br\/laboratorios\/corpus\/2018\/02\/22\/laboratorio-corpus-convida-para-mais-uma-edicao-do-conversa-com-pesquisador","title":{"rendered":"Laborat\u00f3rio Corpus convida para mais uma edi\u00e7\u00e3o do &#8220;Conversa com pesquisador&#8221;"},"content":{"rendered":"<p style=\"text-align: justify;\"><span style=\"color: windowtext;\">O Laborat\u00f3rio Corpus convida para mais uma edi\u00e7\u00e3o do &#8220;Conversa com pesquisador&#8221;, evento que ocorrer\u00e1 no dia 27 de fevereiro de 2018, \u00e0s 09h, no Laborat\u00f3rio Corpus. Nesta edi\u00e7\u00e3o a pesquisadora convidada \u00e9 a Professora Dra. \u00c1gueda Aparecida da Cruz Borges, da UFMT &#8211; Universidade Federal do Mato Grosso. Com vagas limitadas, as inscri\u00e7\u00f5es devem ser realizadas atrav\u00e9s do e-mail do laborat\u00f3rio: labcorpus1@gmail.com . <\/span><\/p>\n<p style=\"text-align: justify;\"><span style=\"font-size: small;\"><span style=\"line-height: 115%; font-family: 'Arial', sans-serif; color: windowtext;\">A pesquisadora \u00c1gueda Borges \u00e9 mestre e doutora em Estudos Lingu\u00edsticos pela UNICAMP, tendo voltado sua disserta\u00e7\u00e3o e sua tese para o estudo discursivo de quest\u00f5es que se voltam para os povos ind\u00edgenas do Brasil. Atualmente \u00e9 integrante da linha de pesquisa \u201c<i><span style=\"background: white none repeat scroll 0% 0%;\">Rela\u00e7\u00e3o discursiva entre sujeito, l\u00edngua e espa\u00e7o<\/span><\/i><span style=\"background: white none repeat scroll 0% 0%;\">\u201d. A pesquisadora integra os projetos de pesquisa \u201c<i>Mulheres em discurso<\/i>: <i>Lugares de enuncia\u00e7\u00e3o e processos de subjetiva\u00e7\u00e3o<\/i>\u201d e \u201cLugares de Enuncia\u00e7\u00e3o e Processos de subjetiva\u00e7\u00e3o\u201d, ambos coordenados pela professora e pesquisadora M\u00f3nica Zoppi-Fontana (UNICAMP), e ainda coordena os projetos de pesquisa intitulados \u201c<i>L\u00edngua e gram\u00e1tica <\/i>&#8211; <i>desafios e possibilidades de ensino<\/i>\u201d, \u201c<i>Cartografias da linguagem\u201d<\/i> e \u201c<i>DP<\/i>:<i> arte, discurso e pr\u00e1tica pedag\u00f3gica<\/i>: <i>m\u00faltiplos olhares sobre\/no Curso de Letras\/ICLMA<\/i>\u201d. O elemento que perpassa os projetos nos quais a pesquisadora se envolve e tamb\u00e9m a sua produ\u00e7\u00e3o escrita \u00e9 o estudo da linguagem, do discurso e seu batimento com a arte, o espa\u00e7o urbano e a constitui\u00e7\u00e3o do sujeito<\/span><\/span><span style=\"line-height: 115%; font-family: 'Arial', sans-serif; color: #980000; background: white none repeat scroll 0% 0%;\">.<\/span><\/span><\/p>\n<p><span style=\"font-size: small;\"><span style=\"line-height: 115%; font-family: 'Arial', sans-serif; color: #980000; background: white none repeat scroll 0% 0%;\"><img fetchpriority=\"high\" decoding=\"async\" class=\" size-full wp-image-1140\" src=\"https:\/\/www.ufsm.br\/laboratorios\/corpus\/wp-content\/uploads\/sites\/771\/2018\/02\/cartaz_%C3%A1gueda.jpg\" alt=\"cartaz \u00e1gueda\" style=\"display: block; margin-left: auto; margin-right: auto;\" width=\"566\" height=\"424\" \/><\/span><\/span><\/p>\n","protected":false},"excerpt":{"rendered":"<p>O Laborat\u00f3rio Corpus convida para mais uma edi\u00e7\u00e3o do &#8220;Conversa com pesquisador&#8221;, evento que ocorrer\u00e1 no dia 27 de fevereiro de 2018, \u00e0s 09h, no Laborat\u00f3rio Corpus. Nesta edi\u00e7\u00e3o a pesquisadora convidada \u00e9 a Professora Dra. \u00c1gueda Aparecida da Cruz Borges, da UFMT &#8211; Universidade Federal do Mato Grosso. Com vagas limitadas, as inscri\u00e7\u00f5es devem [&hellip;]<\/p>\n","protected":false},"author":8,"featured_media":1140,"comment_status":"closed","ping_status":"closed","sticky":false,"template":"","format":"standard","meta":{"footnotes":""},"categories":[11],"tags":[],"class_list":["post-1141","post","type-post","status-publish","format-standard","has-post-thumbnail","hentry","category-noticias"],"acf":[],"_links":{"self":[{"href":"https:\/\/www.ufsm.br\/laboratorios\/corpus\/wp-json\/wp\/v2\/posts\/1141","targetHints":{"allow":["GET"]}}],"collection":[{"href":"https:\/\/www.ufsm.br\/laboratorios\/corpus\/wp-json\/wp\/v2\/posts"}],"about":[{"href":"https:\/\/www.ufsm.br\/laboratorios\/corpus\/wp-json\/wp\/v2\/types\/post"}],"author":[{"embeddable":true,"href":"https:\/\/www.ufsm.br\/laboratorios\/corpus\/wp-json\/wp\/v2\/users\/8"}],"replies":[{"embeddable":true,"href":"https:\/\/www.ufsm.br\/laboratorios\/corpus\/wp-json\/wp\/v2\/comments?post=1141"}],"version-history":[{"count":0,"href":"https:\/\/www.ufsm.br\/laboratorios\/corpus\/wp-json\/wp\/v2\/posts\/1141\/revisions"}],"wp:featuredmedia":[{"embeddable":true,"href":"https:\/\/www.ufsm.br\/laboratorios\/corpus\/wp-json\/wp\/v2\/media\/1140"}],"wp:attachment":[{"href":"https:\/\/www.ufsm.br\/laboratorios\/corpus\/wp-json\/wp\/v2\/media?parent=1141"}],"wp:term":[{"taxonomy":"category","embeddable":true,"href":"https:\/\/www.ufsm.br\/laboratorios\/corpus\/wp-json\/wp\/v2\/categories?post=1141"},{"taxonomy":"post_tag","embeddable":true,"href":"https:\/\/www.ufsm.br\/laboratorios\/corpus\/wp-json\/wp\/v2\/tags?post=1141"}],"curies":[{"name":"wp","href":"https:\/\/api.w.org\/{rel}","templated":true}]}}