{"id":1161,"date":"2018-04-24T20:23:00","date_gmt":"2018-04-24T23:23:00","guid":{"rendered":"https:\/\/www.ufsm.br\/laboratorios\/corpus\/2018\/04\/24\/divulgacao-do-resultado-da-selecao-de-bolsista-fiex\/"},"modified":"2018-04-24T20:23:00","modified_gmt":"2018-04-24T23:23:00","slug":"divulgacao-do-resultado-da-selecao-de-bolsista-fiex","status":"publish","type":"post","link":"https:\/\/www.ufsm.br\/laboratorios\/corpus\/2018\/04\/24\/divulgacao-do-resultado-da-selecao-de-bolsista-fiex","title":{"rendered":"Divulga\u00e7\u00e3o do resultado da sele\u00e7\u00e3o de bolsista FIEX"},"content":{"rendered":"<p><span style=\"color: #000000;\">A coordenadora do projeto &#8220;<span style=\"font-size: 10pt; font-family: helvetica;\">Fundo Documental Aldema Menine Mckinney<\/span>&#8220;, Verli Petri, divulga o resultado da sele\u00e7\u00e3o de bolsista FIEX regida pelo<span style=\"color: #0000ff;\"><a href=\"https:\/\/www.ufsm.br\/laboratorios\/corpus\/wp-content\/uploads\/sites\/771\/2018\/04\/Edital-seleo-de-bolsista-para-Fundo-Documental.pdf\"><span style=\"color: #0000ff;\"> edital<\/span><\/a><\/span> publicado em 19 de abril.<\/span><\/p>\n<p style=\"text-align: center;\" align=\"center\"><span style=\"font-size: 14pt; line-height: 115%; color: #000000;\">Resultado da Sele\u00e7\u00e3o de Bolsistas FIEX\/2018 \u2013 Curso de Letras<\/span><\/p>\n<table style=\"margin-left: -1.9pt; border-collapse: collapse;\" cellspacing=\"0\" cellpadding=\"0\" border=\"1\">\n<tbody>\n<tr style=\"height: 18pt;\">\n<td colspan=\"3\" style=\"width: 432.2pt; border: 1pt solid windowtext; padding: 0cm 3.5pt; height: 18pt;\" width=\"576\" valign=\"top\">\n<p style=\"margin: 0cm 0cm 10pt 5.4pt; text-align: center; line-height: 115%;\" align=\"center\"><span style=\"color: #000000;\">Fundo Documental Aldema Menine Mckinney<\/span><\/p>\n<\/td>\n<\/tr>\n<tr>\n<td style=\"width: 144.05pt; border-color: currentcolor windowtext windowtext; border-style: none solid solid; border-width: medium 1pt 1pt; padding: 0cm 5.4pt;\" width=\"192\" valign=\"top\">\n<p style=\"margin-bottom: 0.0001pt; line-height: normal;\"><span style=\"color: #000000;\">Caroline Knackfuss<\/span><\/p>\n<\/td>\n<td style=\"width: 144.05pt; border-color: currentcolor windowtext windowtext currentcolor; border-style: none solid solid none; border-width: medium 1pt 1pt medium; padding: 0cm 5.4pt;\" width=\"192\" valign=\"top\">\n<p style=\"margin-bottom: 0.0001pt; text-align: center; line-height: normal;\" align=\"center\"><span style=\"color: #000000;\">9,5<\/span><\/p>\n<\/td>\n<td style=\"width: 144.1pt; border-color: currentcolor windowtext windowtext currentcolor; border-style: none solid solid none; border-width: medium 1pt 1pt medium; padding: 0cm 5.4pt;\" width=\"192\" valign=\"top\">\n<p style=\"margin-bottom: 0.0001pt; line-height: normal;\"><span style=\"color: #000000;\">Aprovada &#8211; Selecionada<\/span><\/p>\n<\/td>\n<\/tr>\n<\/tbody>\n<\/table>\n","protected":false},"excerpt":{"rendered":"<p>A coordenadora do projeto &#8220;Fundo Documental Aldema Menine Mckinney&#8220;, Verli Petri, divulga o resultado da sele\u00e7\u00e3o de bolsista FIEX regida pelo edital publicado em 19 de abril. Resultado da Sele\u00e7\u00e3o de Bolsistas FIEX\/2018 \u2013 Curso de Letras Fundo Documental Aldema Menine Mckinney Caroline Knackfuss 9,5 Aprovada &#8211; Selecionada<\/p>\n","protected":false},"author":8,"featured_media":0,"comment_status":"closed","ping_status":"closed","sticky":false,"template":"","format":"standard","meta":{"footnotes":""},"categories":[11],"tags":[],"class_list":["post-1161","post","type-post","status-publish","format-standard","hentry","category-noticias"],"acf":[],"_links":{"self":[{"href":"https:\/\/www.ufsm.br\/laboratorios\/corpus\/wp-json\/wp\/v2\/posts\/1161","targetHints":{"allow":["GET"]}}],"collection":[{"href":"https:\/\/www.ufsm.br\/laboratorios\/corpus\/wp-json\/wp\/v2\/posts"}],"about":[{"href":"https:\/\/www.ufsm.br\/laboratorios\/corpus\/wp-json\/wp\/v2\/types\/post"}],"author":[{"embeddable":true,"href":"https:\/\/www.ufsm.br\/laboratorios\/corpus\/wp-json\/wp\/v2\/users\/8"}],"replies":[{"embeddable":true,"href":"https:\/\/www.ufsm.br\/laboratorios\/corpus\/wp-json\/wp\/v2\/comments?post=1161"}],"version-history":[{"count":0,"href":"https:\/\/www.ufsm.br\/laboratorios\/corpus\/wp-json\/wp\/v2\/posts\/1161\/revisions"}],"wp:attachment":[{"href":"https:\/\/www.ufsm.br\/laboratorios\/corpus\/wp-json\/wp\/v2\/media?parent=1161"}],"wp:term":[{"taxonomy":"category","embeddable":true,"href":"https:\/\/www.ufsm.br\/laboratorios\/corpus\/wp-json\/wp\/v2\/categories?post=1161"},{"taxonomy":"post_tag","embeddable":true,"href":"https:\/\/www.ufsm.br\/laboratorios\/corpus\/wp-json\/wp\/v2\/tags?post=1161"}],"curies":[{"name":"wp","href":"https:\/\/api.w.org\/{rel}","templated":true}]}}