{"id":1165,"date":"2018-05-24T23:48:07","date_gmt":"2018-05-25T02:48:07","guid":{"rendered":"https:\/\/www.ufsm.br\/laboratorios\/corpus\/2018\/05\/24\/projeto-memoria-e-historia-como-objeto-de-ensino-e-extensao-nas-escolas-municipais-de-silveira-martins-visita-pela-primeira-vez-a-escola-e-m-e-f-joao-frederico-savegnago\/"},"modified":"2018-05-24T23:48:07","modified_gmt":"2018-05-25T02:48:07","slug":"projeto-memoria-e-historia-como-objeto-de-ensino-e-extensao-nas-escolas-municipais-de-silveira-martins-visita-pela-primeira-vez-a-escola-e-m-e-f-joao-frederico-savegnago","status":"publish","type":"post","link":"https:\/\/www.ufsm.br\/laboratorios\/corpus\/2018\/05\/24\/projeto-memoria-e-historia-como-objeto-de-ensino-e-extensao-nas-escolas-municipais-de-silveira-martins-visita-pela-primeira-vez-a-escola-e-m-e-f-joao-frederico-savegnago","title":{"rendered":"Projeto &#8220;Mem\u00f3ria e hist\u00f3ria como objeto de ensino e extens\u00e3o nas escolas municipais de Silveira Martins&#8221; visita pela primeira vez a escola E.M.E.F Jo\u00e3o Frederico Savegnago"},"content":{"rendered":"<p dir=\"ltr\" style=\"line-height: 1.38; margin-top: 0pt; margin-bottom: 0pt;\"><span style=\"font-family: arial, helvetica, sans-serif;\"><span style=\"color: #000000; background-color: transparent; vertical-align: baseline; white-space: pre-wrap;\">Nesta quinta-feira, dia 24 de maio, integrantes do projeto \u201c<\/span><span style=\"color: #0d0d0d; font-style: italic; vertical-align: baseline; white-space: pre-wrap;\">Mem\u00f3ria e hist\u00f3ria como objeto de ensino e extens\u00e3o nas escolas municipais e estaduais de Silveira Martins\u201d<\/span><span style=\"color: #0d0d0d; vertical-align: baseline; white-space: pre-wrap;\">, orientado pela Dr. Amanda E. Scherer, <\/span><span style=\"color: #000000; background-color: transparent; vertical-align: baseline; white-space: pre-wrap;\">iniciaram suas atividades, <\/span><span style=\"color: #0d0d0d; vertical-align: baseline; white-space: pre-wrap;\">visitando a escola E.M.E.F Jo\u00e3o Frederico Savegnago, em uma turma de 9\u00ba ano do ensino fundamental.<\/span><\/span><\/p>\n<p dir=\"ltr\" style=\"line-height: 1.38; margin-top: 0pt; margin-bottom: 0pt;\"><span style=\"font-family: arial, helvetica, sans-serif; color: #0d0d0d; vertical-align: baseline; white-space: pre-wrap;\">Nessa primeira atividade o foco foi desenvolver a import\u00e2ncia do conhecimento de suas mem\u00f3rias tanto no \u00e2mbito individual, quanto acerca do munic\u00edpio de Silveira Martins.<\/span><\/p>\n<p dir=\"ltr\" style=\"line-height: 1.38; margin-top: 0pt; margin-bottom: 0pt;\"><span style=\"font-family: arial, helvetica, sans-serif; color: #0d0d0d; vertical-align: baseline; white-space: pre-wrap;\">Al\u00e9m disso, nesse encontro as integrantes estimularam uma reflex\u00e3o a respeito das concep\u00e7\u00f5es dos alunos sobre mem\u00f3ria e hist\u00f3ria, estes relacionando a lembran\u00e7as, inf\u00e2ncia, passado, saudades, acontecimentos, etc.<\/span><\/p>\n<p><span style=\"font-size: 12pt; font-family: arial, helvetica, sans-serif; color: #0d0d0d; vertical-align: baseline; white-space: pre-wrap;\"><img fetchpriority=\"high\" decoding=\"async\" class=\" size-full wp-image-1164\" src=\"https:\/\/www.ufsm.br\/laboratorios\/corpus\/wp-content\/uploads\/sites\/771\/2018\/05\/7e7c06aa678ade3b492aa4d69cc0b05a.jpeg\" alt=\"\" width=\"682\" height=\"511\" srcset=\"https:\/\/www.ufsm.br\/app\/uploads\/sites\/771\/2018\/05\/7e7c06aa678ade3b492aa4d69cc0b05a.jpeg 682w, https:\/\/www.ufsm.br\/app\/uploads\/sites\/771\/2018\/05\/7e7c06aa678ade3b492aa4d69cc0b05a-300x225.jpeg 300w\" sizes=\"(max-width: 682px) 100vw, 682px\" \/>&nbsp;<\/span><\/p>\n<p dir=\"ltr\" style=\"line-height: 1.38; margin-top: 0pt; margin-bottom: 0pt;\"><span style=\"font-family: arial, helvetica, sans-serif;\"><span id=\"docs-internal-guid-64c47d13-948b-c9db-c21f-7a14686ed59c\"><\/span><span style=\"color: #0d0d0d; vertical-align: baseline; white-space: pre-wrap; font-family: arial, helvetica, sans-serif;\">O projeto \u00e9 composto pelas acad\u00eamicas da p\u00f3s-gradua\u00e7\u00e3o em Letras:<\/span><\/span><\/p>\n<p dir=\"ltr\" style=\"line-height: 1.38; margin-top: 0pt; margin-bottom: 0pt;\"><span style=\"font-family: arial, helvetica, sans-serif; color: #0d0d0d; vertical-align: baseline; white-space: pre-wrap;\">Ana Paula Alves Correa,<\/span><\/p>\n<p dir=\"ltr\" style=\"line-height: 1.38; margin-top: 0pt; margin-bottom: 0pt;\"><span style=\"font-family: arial, helvetica, sans-serif; color: #0d0d0d; vertical-align: baseline; white-space: pre-wrap;\"><span style=\"color: #0d0d0d; vertical-align: baseline; white-space: pre-wrap;\">Andressa Brenner Fernandes <\/span> <\/span><\/p>\n<p dir=\"ltr\" style=\"line-height: 1.38; margin-top: 0pt; margin-bottom: 0pt;\"><span style=\"font-family: arial, helvetica, sans-serif; color: #0d0d0d; vertical-align: baseline; white-space: pre-wrap;\"><span style=\"font-family: arial, helvetica, sans-serif;\">e Bruna Cielo Cabrera.<\/span> <\/span><\/p>\n<p dir=\"ltr\" style=\"line-height: 1.38; margin-top: 0pt; margin-bottom: 0pt;\"><span style=\"font-size: small; font-family: arial, helvetica, sans-serif; color: #0d0d0d; vertical-align: baseline; white-space: pre-wrap;\">&nbsp;<\/span><\/p>\n<p dir=\"ltr\" style=\"line-height: 1.38; margin-top: 0pt; margin-bottom: 0pt;\"><span style=\"font-size: small; font-family: arial, helvetica, sans-serif; color: #0d0d0d; vertical-align: baseline; white-space: pre-wrap;\">E pelas acad\u00eamicas do curso de Letras:<\/span><\/p>\n<p dir=\"ltr\" style=\"line-height: 1.38; margin-top: 0pt; margin-bottom: 0pt;\"><span style=\"font-size: small; font-family: arial, helvetica, sans-serif; color: #0d0d0d; vertical-align: baseline; white-space: pre-wrap;\">Alessandra Stefanello (PROLICEN)<\/span><\/p>\n<p dir=\"ltr\" style=\"line-height: 1.38; margin-top: 0pt; margin-bottom: 0pt;\"><span style=\"font-size: small; font-family: arial, helvetica, sans-serif; color: #0d0d0d; vertical-align: baseline; white-space: pre-wrap;\"><span style=\"color: #0d0d0d; vertical-align: baseline; white-space: pre-wrap;\">Brenda Duarte Dorneles (FIEX)<\/span><\/span><\/p>\n<p dir=\"ltr\" style=\"line-height: 1.38; margin-top: 0pt; margin-bottom: 0pt;\"><span style=\"font-size: small; font-family: arial, helvetica, sans-serif; color: #0d0d0d; vertical-align: baseline; white-space: pre-wrap;\"><span style=\"color: #0d0d0d; vertical-align: baseline; white-space: pre-wrap;\"><\/span><\/span><\/p>\n<p dir=\"ltr\" style=\"line-height: 1.38; margin-top: 0pt; margin-bottom: 0pt;\"><span style=\"font-size: small; font-family: arial, helvetica, sans-serif; color: #0d0d0d; vertical-align: baseline; white-space: pre-wrap;\">Carolina Provisan (PET Letras)<\/span><\/p>\n<p dir=\"ltr\" style=\"line-height: 1.38; margin-top: 0pt; margin-bottom: 0pt;\"><span style=\"font-size: small; font-family: arial, helvetica, sans-serif; color: #0d0d0d; vertical-align: baseline; white-space: pre-wrap;\"><span style=\"color: #0d0d0d; vertical-align: baseline; white-space: pre-wrap;\"><\/span><\/span><\/p>\n<p dir=\"ltr\" style=\"line-height: 1.38; margin-top: 0pt; margin-bottom: 0pt;\"><span style=\"font-size: small; font-family: arial, helvetica, sans-serif; color: #0d0d0d; vertical-align: baseline; white-space: pre-wrap;\">Jennifer Souza Alvares (PET Letras)<\/span><\/p>\n<p dir=\"ltr\" style=\"line-height: 1.38; margin-top: 0pt; margin-bottom: 0pt;\"><span style=\"font-size: small; font-family: arial, helvetica, sans-serif; color: #0d0d0d; vertical-align: baseline; white-space: pre-wrap;\">Liliane Monteiro (PET Letras).<\/span><\/p>\n","protected":false},"excerpt":{"rendered":"<p>Nesta quinta-feira, dia 24 de maio, integrantes do projeto \u201cMem\u00f3ria e hist\u00f3ria como objeto de ensino e extens\u00e3o nas escolas municipais e estaduais de Silveira Martins\u201d, orientado pela Dr. Amanda E. Scherer, iniciaram suas atividades, visitando a escola E.M.E.F Jo\u00e3o Frederico Savegnago, em uma turma de 9\u00ba ano do ensino fundamental. Nessa primeira atividade o [&hellip;]<\/p>\n","protected":false},"author":8,"featured_media":1164,"comment_status":"closed","ping_status":"closed","sticky":false,"template":"","format":"standard","meta":{"footnotes":""},"categories":[11],"tags":[],"class_list":["post-1165","post","type-post","status-publish","format-standard","has-post-thumbnail","hentry","category-noticias"],"acf":[],"_links":{"self":[{"href":"https:\/\/www.ufsm.br\/laboratorios\/corpus\/wp-json\/wp\/v2\/posts\/1165","targetHints":{"allow":["GET"]}}],"collection":[{"href":"https:\/\/www.ufsm.br\/laboratorios\/corpus\/wp-json\/wp\/v2\/posts"}],"about":[{"href":"https:\/\/www.ufsm.br\/laboratorios\/corpus\/wp-json\/wp\/v2\/types\/post"}],"author":[{"embeddable":true,"href":"https:\/\/www.ufsm.br\/laboratorios\/corpus\/wp-json\/wp\/v2\/users\/8"}],"replies":[{"embeddable":true,"href":"https:\/\/www.ufsm.br\/laboratorios\/corpus\/wp-json\/wp\/v2\/comments?post=1165"}],"version-history":[{"count":0,"href":"https:\/\/www.ufsm.br\/laboratorios\/corpus\/wp-json\/wp\/v2\/posts\/1165\/revisions"}],"wp:featuredmedia":[{"embeddable":true,"href":"https:\/\/www.ufsm.br\/laboratorios\/corpus\/wp-json\/wp\/v2\/media\/1164"}],"wp:attachment":[{"href":"https:\/\/www.ufsm.br\/laboratorios\/corpus\/wp-json\/wp\/v2\/media?parent=1165"}],"wp:term":[{"taxonomy":"category","embeddable":true,"href":"https:\/\/www.ufsm.br\/laboratorios\/corpus\/wp-json\/wp\/v2\/categories?post=1165"},{"taxonomy":"post_tag","embeddable":true,"href":"https:\/\/www.ufsm.br\/laboratorios\/corpus\/wp-json\/wp\/v2\/tags?post=1165"}],"curies":[{"name":"wp","href":"https:\/\/api.w.org\/{rel}","templated":true}]}}