{"id":1339,"date":"2013-04-17T09:47:45","date_gmt":"2013-04-17T12:47:45","guid":{"rendered":"https:\/\/www.ufsm.br\/laboratorios\/corpus\/2013\/04\/17\/professora-do-laboratorio-corpus-visita-laboratorio-de-linguas-indigenas-na-unb\/"},"modified":"2013-04-17T09:47:45","modified_gmt":"2013-04-17T12:47:45","slug":"professora-do-laboratorio-corpus-visita-laboratorio-de-linguas-indigenas-na-unb","status":"publish","type":"post","link":"https:\/\/www.ufsm.br\/laboratorios\/corpus\/2013\/04\/17\/professora-do-laboratorio-corpus-visita-laboratorio-de-linguas-indigenas-na-unb","title":{"rendered":"Professora do Laborat\u00f3rio Corpus visita Laborat\u00f3rio de L\u00ednguas Ind\u00edgenas, na UNB"},"content":{"rendered":"<p><img fetchpriority=\"high\" decoding=\"async\" class=\" size-full wp-image-1338\" src=\"https:\/\/www.ufsm.br\/laboratorios\/corpus\/wp-content\/uploads\/sites\/771\/2013\/04\/DSC01169-300x225.jpg\" alt=\"DSC01169-300x225.jpg\" width=\"300\" height=\"225\" \/><\/p>\n<p style=\"text-align: justify;\">A professora Verli Petri (DLV), coordenadora acad\u00eamico-cient\u00edfica do Laborat\u00f3rio de Fontes de Estudos da Linguagem \u2013 Corpus (PPGL\/UFSM), esteve, no 11, na Universidade de Bras\u00edlia para participar de banca de qualifica\u00e7\u00e3o de doutorado do Programa de P\u00f3s-Gradua\u00e7\u00e3o em Educa\u00e7\u00e3o, onde proferiu palestra sobre \u201cAn\u00e1lise de Discurso: trajetos e pesrspectivas\u201d. J\u00e1 no dia 12 visitou o Laborat\u00f3rio de L\u00ednguas Ind\u00edgenas, da Universidade de Bras\u00edlia.<\/p>\n<p>Na foto, da esquerda para a direita: Verli, Aryon e Ana Suelly.<\/p>\n<p>Nesta visita agendada, foi recebida pelo Prof. Dr. Aryon Dall\u2019Igna Rodrigues, coordenador geral, e pela Prof\u00aa. Dr. Ana Suelly Arruda C\u00e2mara Cabral, vice-coordenadora do Laborat\u00f3rio. Na oportunidade, foram discutidas as rela\u00e7\u00f5es entre os dois laborat\u00f3rios de pesquisa e ficou acertada a vinda dos professores para a abertura da Exposi\u00e7\u00e3o do Fundo Documental Neusa Carson, que vai acontecer no m\u00eas de outubro, na Sala Carriconde, do CAL, como evento alusivo \u00e0s comemora\u00e7\u00f5es dos 50 Anos do CAL.<\/p>\n<p>O professor Aryon Rodrigues \u00e9 um dos primeiros linguistas brasileiros a estudar l\u00ednguas ind\u00edgenas e teve estreitas rela\u00e7\u00f5es com as pesquisas desenvolvidas pela linguista Neusa Carson, que era lotada no Departamento de Letras Cl\u00e1ssicas e Lingu\u00edstica da UFSM. Nas palavras dele: \u201cSer\u00e1 uma honra estar na abertura de uma exposi\u00e7\u00e3o que homenageia a Neusa\u201d.<\/p>\n","protected":false},"excerpt":{"rendered":"<p>A professora Verli Petri (DLV), coordenadora acad\u00eamico-cient\u00edfica do Laborat\u00f3rio de Fontes de Estudos da Linguagem \u2013 Corpus (PPGL\/UFSM), esteve, no 11, na Universidade de Bras\u00edlia para participar de banca de qualifica\u00e7\u00e3o de doutorado do Programa de P\u00f3s-Gradua\u00e7\u00e3o em Educa\u00e7\u00e3o, onde proferiu palestra sobre \u201cAn\u00e1lise de Discurso: trajetos e pesrspectivas\u201d. J\u00e1 no dia 12 visitou o [&hellip;]<\/p>\n","protected":false},"author":8,"featured_media":1338,"comment_status":"closed","ping_status":"closed","sticky":false,"template":"","format":"standard","meta":{"footnotes":""},"categories":[60],"tags":[],"class_list":["post-1339","post","type-post","status-publish","format-standard","has-post-thumbnail","hentry","category-eventos"],"acf":[],"_links":{"self":[{"href":"https:\/\/www.ufsm.br\/laboratorios\/corpus\/wp-json\/wp\/v2\/posts\/1339","targetHints":{"allow":["GET"]}}],"collection":[{"href":"https:\/\/www.ufsm.br\/laboratorios\/corpus\/wp-json\/wp\/v2\/posts"}],"about":[{"href":"https:\/\/www.ufsm.br\/laboratorios\/corpus\/wp-json\/wp\/v2\/types\/post"}],"author":[{"embeddable":true,"href":"https:\/\/www.ufsm.br\/laboratorios\/corpus\/wp-json\/wp\/v2\/users\/8"}],"replies":[{"embeddable":true,"href":"https:\/\/www.ufsm.br\/laboratorios\/corpus\/wp-json\/wp\/v2\/comments?post=1339"}],"version-history":[{"count":0,"href":"https:\/\/www.ufsm.br\/laboratorios\/corpus\/wp-json\/wp\/v2\/posts\/1339\/revisions"}],"wp:featuredmedia":[{"embeddable":true,"href":"https:\/\/www.ufsm.br\/laboratorios\/corpus\/wp-json\/wp\/v2\/media\/1338"}],"wp:attachment":[{"href":"https:\/\/www.ufsm.br\/laboratorios\/corpus\/wp-json\/wp\/v2\/media?parent=1339"}],"wp:term":[{"taxonomy":"category","embeddable":true,"href":"https:\/\/www.ufsm.br\/laboratorios\/corpus\/wp-json\/wp\/v2\/categories?post=1339"},{"taxonomy":"post_tag","embeddable":true,"href":"https:\/\/www.ufsm.br\/laboratorios\/corpus\/wp-json\/wp\/v2\/tags?post=1339"}],"curies":[{"name":"wp","href":"https:\/\/api.w.org\/{rel}","templated":true}]}}