{"id":1405,"date":"2012-12-05T07:08:32","date_gmt":"2012-12-05T09:08:32","guid":{"rendered":"https:\/\/www.ufsm.br\/laboratorios\/corpus\/2012\/12\/05\/laboratorio-corpus-promove-conversa-com-pesquisador-com-luiz-francisco-dias-ufmg-e-gesualda-rasia-ufpr\/"},"modified":"2012-12-05T07:08:32","modified_gmt":"2012-12-05T09:08:32","slug":"laboratorio-corpus-promove-conversa-com-pesquisador-com-luiz-francisco-dias-ufmg-e-gesualda-rasia-ufpr","status":"publish","type":"post","link":"https:\/\/www.ufsm.br\/laboratorios\/corpus\/2012\/12\/05\/laboratorio-corpus-promove-conversa-com-pesquisador-com-luiz-francisco-dias-ufmg-e-gesualda-rasia-ufpr","title":{"rendered":"Laborat\u00f3rio Corpus promove \u201cConversa com pesquisador\u201d com Luiz Francisco Dias (UFMG) e Gesualda Rasia (UFPR)"},"content":{"rendered":"<p style=\"text-align: justify;\">O XIX Semin\u00e1rio Corpus est\u00e1 protagonizando uma sequ\u00eancia de dez jornadas de trabalho com especialistas nas \u00e1reas de Lingu\u00edstica e Literatura. No dia 10 de dezembro, pela manh\u00e3, ser\u00e1 realizada uma \u201cConversa com pesquisador\u201d com o Prof. Dr. Luiz Francisco Dias (UFMG) e com a Prof\u00aa. Dr. Gesualda Rasia (UFPR), oportunidade na qual os convidados falar\u00e3o de suas pesquisas e discutir\u00e3o quest\u00f5es mobilizadas pelo p\u00fablico presente.<\/p>\n<p>Os organizadores lembram: as inscri\u00e7\u00f5es devem ser realizadas antecipadamente pelo endere\u00e7o eletr\u00f4nico <a href=\"mailto:labcorpus@hotmail.com\">labcorpus@hotmail.com<\/a>, n\u00e3o haver\u00e1 inscri\u00e7\u00e3o no local e as vagas s\u00e3o limitadas.<\/p>\n<p>As atividades continuam \u00e0 tarde, quando os professores convidados participar\u00e3o como banca da Defesa de Tese de Juciele Pereira Dias, orientanda da Prof\u00aa. Dr. Amanda Eloina Scherer, da linha de pesquisa \u201cL\u00edngua, sujeito, hist\u00f3ria\u201d, do Programa de P\u00f3s-Gradua\u00e7\u00e3o em Letras, da UFSM.<\/p>\n<p style=\"text-align: justify;\"><img fetchpriority=\"high\" decoding=\"async\" class=\" size-full wp-image-1404\" src=\"https:\/\/www.ufsm.br\/laboratorios\/corpus\/wp-content\/uploads\/sites\/771\/2012\/12\/60821_10151298243360929_910422062_n.jpg\" alt=\"60821_10151298243360929_910422062_n.jpg\" width=\"330\" height=\"468\" srcset=\"https:\/\/www.ufsm.br\/app\/uploads\/sites\/771\/2012\/12\/60821_10151298243360929_910422062_n.jpg 330w, https:\/\/www.ufsm.br\/app\/uploads\/sites\/771\/2012\/12\/60821_10151298243360929_910422062_n-212x300.jpg 212w\" sizes=\"(max-width: 330px) 100vw, 330px\" \/><\/p>\n","protected":false},"excerpt":{"rendered":"<p>O XIX Semin\u00e1rio Corpus est\u00e1 protagonizando uma sequ\u00eancia de dez jornadas de trabalho com especialistas nas \u00e1reas de Lingu\u00edstica e Literatura. No dia 10 de dezembro, pela manh\u00e3, ser\u00e1 realizada uma \u201cConversa com pesquisador\u201d com o Prof. Dr. Luiz Francisco Dias (UFMG) e com a Prof\u00aa. Dr. Gesualda Rasia (UFPR), oportunidade na qual os convidados [&hellip;]<\/p>\n","protected":false},"author":8,"featured_media":1404,"comment_status":"closed","ping_status":"closed","sticky":false,"template":"","format":"standard","meta":{"footnotes":""},"categories":[60],"tags":[],"class_list":["post-1405","post","type-post","status-publish","format-standard","has-post-thumbnail","hentry","category-eventos"],"acf":[],"_links":{"self":[{"href":"https:\/\/www.ufsm.br\/laboratorios\/corpus\/wp-json\/wp\/v2\/posts\/1405","targetHints":{"allow":["GET"]}}],"collection":[{"href":"https:\/\/www.ufsm.br\/laboratorios\/corpus\/wp-json\/wp\/v2\/posts"}],"about":[{"href":"https:\/\/www.ufsm.br\/laboratorios\/corpus\/wp-json\/wp\/v2\/types\/post"}],"author":[{"embeddable":true,"href":"https:\/\/www.ufsm.br\/laboratorios\/corpus\/wp-json\/wp\/v2\/users\/8"}],"replies":[{"embeddable":true,"href":"https:\/\/www.ufsm.br\/laboratorios\/corpus\/wp-json\/wp\/v2\/comments?post=1405"}],"version-history":[{"count":0,"href":"https:\/\/www.ufsm.br\/laboratorios\/corpus\/wp-json\/wp\/v2\/posts\/1405\/revisions"}],"wp:featuredmedia":[{"embeddable":true,"href":"https:\/\/www.ufsm.br\/laboratorios\/corpus\/wp-json\/wp\/v2\/media\/1404"}],"wp:attachment":[{"href":"https:\/\/www.ufsm.br\/laboratorios\/corpus\/wp-json\/wp\/v2\/media?parent=1405"}],"wp:term":[{"taxonomy":"category","embeddable":true,"href":"https:\/\/www.ufsm.br\/laboratorios\/corpus\/wp-json\/wp\/v2\/categories?post=1405"},{"taxonomy":"post_tag","embeddable":true,"href":"https:\/\/www.ufsm.br\/laboratorios\/corpus\/wp-json\/wp\/v2\/tags?post=1405"}],"curies":[{"name":"wp","href":"https:\/\/api.w.org\/{rel}","templated":true}]}}