{"id":1416,"date":"2012-11-13T09:23:48","date_gmt":"2012-11-13T11:23:48","guid":{"rendered":"https:\/\/www.ufsm.br\/laboratorios\/corpus\/2012\/11\/13\/reflexoes-sobre-midia-discurso-e-homo-sexualidade-no-xix-seminario-corpus\/"},"modified":"2012-11-13T09:23:48","modified_gmt":"2012-11-13T11:23:48","slug":"reflexoes-sobre-midia-discurso-e-homo-sexualidade-no-xix-seminario-corpus","status":"publish","type":"post","link":"https:\/\/www.ufsm.br\/laboratorios\/corpus\/2012\/11\/13\/reflexoes-sobre-midia-discurso-e-homo-sexualidade-no-xix-seminario-corpus","title":{"rendered":"Reflex\u00f5es sobre m\u00eddia, discurso e (homo)sexualidade no XIX Semin\u00e1rio Corpus"},"content":{"rendered":"<p>O CORPUS, Laborat\u00f3rio de Estudos de Fontes da Linguagem, d\u00e1 continuidade \u00e0 s\u00e9rie de Dez Jornadas de Trabalho ao longo do segundo semestre de 2012, com a participa\u00e7\u00e3o de diferentes conferencistas da Lingu\u00edstica e da Literatura. Na programa\u00e7\u00e3o do evento da pr\u00f3xima segunda-feira (19\/Nov), haver\u00e1, \u00e0s 9h, confer\u00eancia com o prof. Dr. Alexandre Ferrari (Unioeste\/PR), sob o tema \u201cM\u00eddia, discurso e (homo)sexualidade\u201d; \u00e0 tarde, com a presen\u00e7a do ilustre convidado, acontece Conversas com o pesquisador, junto aos professores, acad\u00eamicos e pesquisadores do PPGL, Corpus e PET Letras.<\/p>\n<p>O prof. <strong>Dr. Alexandre Ferrari<\/strong> possui gradua\u00e7\u00e3o em Letras pela Universidade Federal do Rio de Janeiro (1989), mestrado em Letras pela Universidade Federal do Paran\u00e1 (1999) e doutorado em Letras pela Universidade Federal Fluminense (2006), com a tese sob o tema: A Homossexualidade e a AIDS no imagin\u00e1rio de revistas semanais (1985-1990), orientada pela prof\u00aaDraBethania Sampaio Corr\u00eaa Mariani.<\/p>\n<p>Atualmente, \u00e9 professor adjunto da Universidade Estadual do Oeste do Paran\u00e1, com experi\u00eancia na \u00e1rea de Ling\u00fc\u00edstica, \u00eanfase em An\u00e1lise do Discurso, e atua principalmente nos seguintes temas: discurso jornal\u00edstico, efeito de sentido, an\u00e1lise do dicurso, discurso e forma\u00e7\u00e3o discursiva.<\/p>\n<p><img fetchpriority=\"high\" decoding=\"async\" class=\" size-full wp-image-1414\" style=\"font-size: 12.1599998474121px; line-height: 15.8079996109009px; display: block; margin-left: auto; margin-right: auto;\" src=\"https:\/\/www.ufsm.br\/laboratorios\/corpus\/wp-content\/uploads\/sites\/771\/2012\/11\/19-nov-712x1024.jpg\" alt=\"19-nov-712x1024\" width=\"312\" height=\"449\" srcset=\"https:\/\/www.ufsm.br\/app\/uploads\/sites\/771\/2012\/11\/19-nov-712x1024.jpg 712w, https:\/\/www.ufsm.br\/app\/uploads\/sites\/771\/2012\/11\/19-nov-712x1024-209x300.jpg 209w\" sizes=\"(max-width: 312px) 100vw, 312px\" \/><\/p>\n<p>O prof. Ferrari \u00e9 tamb\u00e9m um dos integrantes do GT Configura\u00e7\u00f5es cr\u00edticas: homoerotismo e literatura, com destaque para Estudos cr\u00edticos, hist\u00f3ricos e te\u00f3ricos da literatura que abordam a homossexualidade, seja para intervir como cr\u00edtica da cultura, seja para ressaltar os aspectos de textos que dialogam com o homoerotismo. Al\u00e9m disso, nesse trabalho, ainda, pesquisa sobre retratos ficcionais modernos e contempor\u00e2neos, sobre as identidades gays em hist\u00f3rias e mem\u00f3rias das ditaduras e p\u00f3s-ditaduras,significados esses que afloram para a \u00e1rea dos estudos liter\u00e1rios. Ao fazer tal estudo, objetiva amparar criticamente essas hist\u00f3rias, os paradigmas, a marginaliza\u00e7\u00e3o, a resist\u00eancia ao status quo.<\/p>\n<p><img decoding=\"async\" class=\" size-full wp-image-1415\" style=\"display: block; margin-left: auto; margin-right: auto;\" src=\"https:\/\/www.ufsm.br\/laboratorios\/corpus\/wp-content\/uploads\/sites\/771\/2012\/11\/Alexandre_Ferrari-300x213.jpg\" alt=\"Alexandre Ferrari-300x213\" width=\"300\" height=\"213\" \/><\/p>\n<p>Recentemente, um projeto (Programa de Licenciaturas Internacionais), coordenado pelo prof. Alexandre Ferrari,oportunizou a sele\u00e7\u00e3o de sete acad\u00eamicos do 2\u00ba ano do curso de gradua\u00e7\u00e3o em Letras do Campus de Cascavel da Universidade Estadual do Oeste do Paran\u00e1 (Unioeste) para estudar na Universidade de Lisboa, em Portugal. A classifica\u00e7\u00e3o dos alunos se deu ap\u00f3s inscri\u00e7\u00e3o em edital do Programa de Licenciaturas Internacionais (PLI) da Coordena\u00e7\u00e3o de Aperfei\u00e7oamento de Pessoal de N\u00edvel Superior (Capes), do Minist\u00e9rio da Educa\u00e7\u00e3o (MEC).<\/p>\n<p>Todos os temas acima mencionados, bem como as publica\u00e7\u00f5es do Prof. Alexandre, ser\u00e3o trazidos \u00e0 baila na tarde de segunda-feira, momento da Conversa com Pesquisador.<\/p>\n<p>&nbsp;<\/p>\n<p>&nbsp;<\/p>\n<p>&nbsp;<\/p>\n","protected":false},"excerpt":{"rendered":"<p>O CORPUS, Laborat\u00f3rio de Estudos de Fontes da Linguagem, d\u00e1 continuidade \u00e0 s\u00e9rie de Dez Jornadas de Trabalho ao longo do segundo semestre de 2012, com a participa\u00e7\u00e3o de diferentes conferencistas da Lingu\u00edstica e da Literatura. Na programa\u00e7\u00e3o do evento da pr\u00f3xima segunda-feira (19\/Nov), haver\u00e1, \u00e0s 9h, confer\u00eancia com o prof. Dr. Alexandre Ferrari (Unioeste\/PR), [&hellip;]<\/p>\n","protected":false},"author":8,"featured_media":1414,"comment_status":"closed","ping_status":"closed","sticky":false,"template":"","format":"standard","meta":{"footnotes":""},"categories":[60],"tags":[],"class_list":["post-1416","post","type-post","status-publish","format-standard","has-post-thumbnail","hentry","category-eventos"],"acf":[],"_links":{"self":[{"href":"https:\/\/www.ufsm.br\/laboratorios\/corpus\/wp-json\/wp\/v2\/posts\/1416","targetHints":{"allow":["GET"]}}],"collection":[{"href":"https:\/\/www.ufsm.br\/laboratorios\/corpus\/wp-json\/wp\/v2\/posts"}],"about":[{"href":"https:\/\/www.ufsm.br\/laboratorios\/corpus\/wp-json\/wp\/v2\/types\/post"}],"author":[{"embeddable":true,"href":"https:\/\/www.ufsm.br\/laboratorios\/corpus\/wp-json\/wp\/v2\/users\/8"}],"replies":[{"embeddable":true,"href":"https:\/\/www.ufsm.br\/laboratorios\/corpus\/wp-json\/wp\/v2\/comments?post=1416"}],"version-history":[{"count":0,"href":"https:\/\/www.ufsm.br\/laboratorios\/corpus\/wp-json\/wp\/v2\/posts\/1416\/revisions"}],"wp:featuredmedia":[{"embeddable":true,"href":"https:\/\/www.ufsm.br\/laboratorios\/corpus\/wp-json\/wp\/v2\/media\/1414"}],"wp:attachment":[{"href":"https:\/\/www.ufsm.br\/laboratorios\/corpus\/wp-json\/wp\/v2\/media?parent=1416"}],"wp:term":[{"taxonomy":"category","embeddable":true,"href":"https:\/\/www.ufsm.br\/laboratorios\/corpus\/wp-json\/wp\/v2\/categories?post=1416"},{"taxonomy":"post_tag","embeddable":true,"href":"https:\/\/www.ufsm.br\/laboratorios\/corpus\/wp-json\/wp\/v2\/tags?post=1416"}],"curies":[{"name":"wp","href":"https:\/\/api.w.org\/{rel}","templated":true}]}}