{"id":1522,"date":"2021-12-01T19:45:48","date_gmt":"2021-12-01T22:45:48","guid":{"rendered":"https:\/\/www.ufsm.br\/laboratorios\/corpus\/?p=1522"},"modified":"2021-12-01T21:12:05","modified_gmt":"2021-12-02T00:12:05","slug":"ultimo-encontro-do-curso-de-extensao-arquivo-politica-de-memoria-e-atualidade","status":"publish","type":"post","link":"https:\/\/www.ufsm.br\/laboratorios\/corpus\/2021\/12\/01\/ultimo-encontro-do-curso-de-extensao-arquivo-politica-de-memoria-e-atualidade","title":{"rendered":"\u00daltimo encontro do curso de extens\u00e3o \u201cArquivo, pol\u00edtica de mem\u00f3ria e atualidade\u201d"},"content":{"rendered":"\n<p style=\"text-align: justify\">No dia\u00a0<strong>02 de dezembro<\/strong>, \u00e0s\u00a0<strong>19h30min<\/strong>, ocorrer\u00e1 o quinto e \u00faltimo encontro de atividades do curso de extens\u00e3o \u201cArquivo, pol\u00edtica de mem\u00f3ria e atualidade\u201d.<\/p>\n<p style=\"text-align: justify\">Organizado e promovido pelo LABEDIS \u2013 Laborat\u00f3rio de Estudos do Discurso, Imagem e Som, do Museu Nacional da UFRJ, juntamente ao Laborat\u00f3rio Corpus da UFSM, o curso tem a proposta de constituir um espa\u00e7o de rela\u00e7\u00f5es de conhecimento e de trocas de experi\u00eancias entre pesquisadores que trabalham com arquivo e pol\u00edticas de mem\u00f3ria nas ci\u00eancias da linguagem e \u00e1reas afins.<\/p>\n<p style=\"text-align: justify\">O quinto encontro trar\u00e1 a roda de conversa \u201cPol\u00edticas de mem\u00f3ria\u201d, com a participa\u00e7\u00e3o das Profas. Dras. Amanda Scherer (CDM\/Laborat\u00f3rio Corpus\/UFSM), Juciele P. Dias (Labedis\/UFRJ\/PDS-Faperj) e Ta\u00eds Martins (Laborat\u00f3rio Corpus\/UFSM), e media\u00e7\u00e3o da Profa. Dra. Tania Clemente de Souza (Labedis\/UFRJ\/CNE-Faperj).<\/p>\n<p style=\"text-align: justify\">A transmiss\u00e3o ser\u00e1 feita no canal do LABEDIS no YouTube (<a href=\"https:\/\/www.youtube.com\/c\/LABEDIS\/featured\" target=\"_blank\" rel=\"noopener\">clique aqui para acessar<\/a>).<\/p>\n<p><img fetchpriority=\"high\" decoding=\"async\" class=\"aligncenter wp-image-1524\" src=\"https:\/\/www.ufsm.br\/app\/uploads\/sites\/771\/2021\/12\/05-1.jpg\" alt=\"\" width=\"479\" height=\"479\" srcset=\"https:\/\/www.ufsm.br\/app\/uploads\/sites\/771\/2021\/12\/05-1.jpg 1080w, https:\/\/www.ufsm.br\/app\/uploads\/sites\/771\/2021\/12\/05-1-300x300.jpg 300w, https:\/\/www.ufsm.br\/app\/uploads\/sites\/771\/2021\/12\/05-1-1024x1024.jpg 1024w, https:\/\/www.ufsm.br\/app\/uploads\/sites\/771\/2021\/12\/05-1-150x150.jpg 150w, https:\/\/www.ufsm.br\/app\/uploads\/sites\/771\/2021\/12\/05-1-768x768.jpg 768w\" sizes=\"(max-width: 479px) 100vw, 479px\" \/><\/p>\n","protected":false},"excerpt":{"rendered":"<p>No dia\u00a002 de dezembro, \u00e0s\u00a019h30min, ocorrer\u00e1 o quinto e \u00faltimo encontro de atividades do curso de extens\u00e3o \u201cArquivo, pol\u00edtica de mem\u00f3ria e atualidade\u201d. Organizado e promovido pelo LABEDIS \u2013 Laborat\u00f3rio de Estudos do Discurso, Imagem e Som, do Museu Nacional da UFRJ, juntamente ao Laborat\u00f3rio Corpus da UFSM, o curso tem a proposta de constituir [&hellip;]<\/p>\n","protected":false},"author":4344,"featured_media":0,"comment_status":"closed","ping_status":"closed","sticky":false,"template":"","format":"standard","meta":{"footnotes":""},"categories":[11],"tags":[],"class_list":["post-1522","post","type-post","status-publish","format-standard","hentry","category-noticias"],"acf":[],"_links":{"self":[{"href":"https:\/\/www.ufsm.br\/laboratorios\/corpus\/wp-json\/wp\/v2\/posts\/1522","targetHints":{"allow":["GET"]}}],"collection":[{"href":"https:\/\/www.ufsm.br\/laboratorios\/corpus\/wp-json\/wp\/v2\/posts"}],"about":[{"href":"https:\/\/www.ufsm.br\/laboratorios\/corpus\/wp-json\/wp\/v2\/types\/post"}],"author":[{"embeddable":true,"href":"https:\/\/www.ufsm.br\/laboratorios\/corpus\/wp-json\/wp\/v2\/users\/4344"}],"replies":[{"embeddable":true,"href":"https:\/\/www.ufsm.br\/laboratorios\/corpus\/wp-json\/wp\/v2\/comments?post=1522"}],"version-history":[{"count":0,"href":"https:\/\/www.ufsm.br\/laboratorios\/corpus\/wp-json\/wp\/v2\/posts\/1522\/revisions"}],"wp:attachment":[{"href":"https:\/\/www.ufsm.br\/laboratorios\/corpus\/wp-json\/wp\/v2\/media?parent=1522"}],"wp:term":[{"taxonomy":"category","embeddable":true,"href":"https:\/\/www.ufsm.br\/laboratorios\/corpus\/wp-json\/wp\/v2\/categories?post=1522"},{"taxonomy":"post_tag","embeddable":true,"href":"https:\/\/www.ufsm.br\/laboratorios\/corpus\/wp-json\/wp\/v2\/tags?post=1522"}],"curies":[{"name":"wp","href":"https:\/\/api.w.org\/{rel}","templated":true}]}}