{"id":690,"date":"2012-07-20T12:57:23","date_gmt":"2012-07-20T15:57:23","guid":{"rendered":"https:\/\/www.ufsm.br\/laboratorios\/corpus\/2012\/07\/20\/861-por-uma-politica-de-fundo-documental\/"},"modified":"2012-07-20T12:57:23","modified_gmt":"2012-07-20T15:57:23","slug":"861-por-uma-politica-de-fundo-documental","status":"publish","type":"post","link":"https:\/\/www.ufsm.br\/laboratorios\/corpus\/2012\/07\/20\/861-por-uma-politica-de-fundo-documental","title":{"rendered":"Por uma pol\u00edtica de Fundo Documental"},"content":{"rendered":"<p>[pullquote align=&#8221;right&#8221;] <img decoding=\"async\" src=\"http:\/\/corpus.ufsm.br\/wp-content\/uploads\/2012\/07\/neusa.jpg\" widht=\"194px\" height=\"300px\" \/> <img decoding=\"async\" src=\"http:\/\/corpus.ufsm.br\/wp-content\/uploads\/2012\/07\/neusasignature.jpg\" width=\"194px\" \/> [\/pullquote] <\/p>\n<div style=\"text-align:justify\">O Laborat\u00f3rio de Fontes de Estudo da Linguagem \u0096 Corpus inaugurou, em meados de 2011, mais uma a\u00e7\u00e3o em sua pol\u00edtica de preserva\u00e7\u00e3o de acervos e arquivos pertinentes \u00e0 sua \u00e1rea de atua\u00e7\u00e3o, trata-se da pol\u00edtica que prev\u00ea a cria\u00e7\u00e3o de fundos documentais. O primeiro fundo documental j\u00e1 \u00e9 uma realidade, trata-se do Fundo Documental Neusa Carson, que est\u00e1 ganhando tratamento arquiv\u00edstico nas depend\u00eancias do Laborat\u00f3rio Corpus, vinculado ao programa de P\u00f3s-Gradua\u00e7\u00e3o em Letras da UFSM. A cria\u00e7\u00e3o de um fundo documental foi idealizada pela Professora Amanda Eloina Scherer, coordenadora do Laborat\u00f3rio Corpus, com a colabora\u00e7\u00e3o da professora do curso de Arquivologia, Rosani Pivetta, e da acad\u00eamica de doutorado em Letras, Juciele Pereira Dias, tendo tamb\u00e9m o apoio do Departamento de Letras Cl\u00e1ssicas e Lingu\u00edstica (DLCL) e da Dire\u00e7\u00e3o do Centro de Artes e Letras (CAL). A expectativa deste grupo \u00e9 de que tal iniciativa se transforme num programa de pesquisa capaz de abrigar sob sua \u00e9gide diversos projetos que visem a legitimar e desenvolver uma pr\u00e1tica de trabalho de arquivo sobre a trajet\u00f3ria acad\u00eamica de pessoas que contribu\u00edram para que a UFSM se tornasse a institui\u00e7\u00e3o que \u00e9 hoje. Pela pol\u00edtica de fundo documental essa hist\u00f3ria poder\u00e1 ser socializada e fazer parte da mem\u00f3ria de nossa universidade. A atividade primeira do Fundo Documental ocorreu em agosto de 2011 e teve a presen\u00e7a do diretor do Centro de Artes e Letras (CAL), professor Pedro Brum Santos, que fez a abertura oficial dos trabalhos. Assim, o Fundo Documental foi institucionalizado formalmente pela doa\u00e7\u00e3o do Arquivo Pessoal da Prof.\u00aa Dr. Neusa Martins Carson a partir da contribui\u00e7\u00e3o de seu filho, Hugo Carson. Importa destacar ainda que parte desse arquivo foi objeto de estudo de Juciele Dias, em inicia\u00e7\u00e3o cient\u00edfica (CNPq\/PIBIC), sob orienta\u00e7\u00e3o da professora Amanda Eloina Scherer, em 2006. Naquela oportunidade, teve in\u00edcio o trabalho de pesquisa e j\u00e1 contava com a sempre sol\u00edcita disponibilidade do filho da pesquisadora. Trata-se, portanto, de um projeto que vem sendo trabalhado h\u00e1 mais de cinco anos e que agora se torna uma realidade oficial. Se por um lado observa-se que a pol\u00edtica de cria\u00e7\u00e3o de Fundo Documental j\u00e1 tem uma hist\u00f3ria no interior do Laborat\u00f3rio Corpus; por outro lado, \u00e9 poss\u00edvel vislumbrar a recupera\u00e7\u00e3o de outros acervos pessoais e profissionais constitutivos da hist\u00f3ria institucional da UFSM que poder\u00e3o compor um Centro de Documenta\u00e7\u00e3o, \u00e9 nesta perspectiva que os pesquisadores do Laborat\u00f3rio Corpus trabalham atualmente.  O ano de 2012 tem sido prof\u00edcuo no que tange a digitaliza\u00e7\u00e3o dos documentos constitutivos do arquivo doado pelo filho da pesquisadora Neusa Carson. Neste per\u00edodo agregou-se ao projeto a Prof\u00aa. Dr. Verli Petri, diretora acad\u00eamico-cient\u00edfica do Laborat\u00f3rio Corpus e a Prof\u00aa. Dr. Simone de Mello de Oliveira, p\u00f3s-doutoranda sob supervis\u00e3o da professora Amanda Eloina Scherer, que ficou respons\u00e1vel pela coordena\u00e7\u00e3o da parte digital do projeto, ou seja, a discuss\u00e3o das quest\u00f5es do projeto \u00e0 luz das novas tecnologias. Assim como, tamb\u00e9m ficou respons\u00e1vel pela implementa\u00e7\u00e3o do projeto de digitaliza\u00e7\u00e3o do acervo com a colabora\u00e7\u00e3o da bolsista de gradua\u00e7\u00e3o Bruna Cielo. <strong>Neusa Martins Carson, a linguista homenageada, foi professora do Curso de Letras da UFSM (anos 60\/70\/80) e do Curso de P\u00f3s-Gradua\u00e7\u00e3o da PUCRS (anos 70\/80). Destacou-se nacionalmente como pesquisadora em descri\u00e7\u00e3o lingu\u00edstica sobre l\u00ednguas presentes no territ\u00f3rio brasileiro, tendo desenvolvido a gramatiza\u00e7\u00e3o da l\u00edngua Macuxi, do estado de Roraima. <a href=http:\/\/corpus.ufsm.br\/fundo-documental-neusa-carson-2\/quem-foi-neusa-carson\/\" target=\"_blank\">Para saber mais sobre Neusa Carson clique aqui<\/div>\n<p><\/strong><\/a> <!--more--> [pullquote align=&#8221;right&#8221;] <img decoding=\"async\" src=\"http:\/\/corpus.ufsm.br\/wp-content\/uploads\/2012\/07\/neusa.jpg\" widht=\"194px\" height=\"300px\" \/> <img decoding=\"async\" src=\"http:\/\/corpus.ufsm.br\/wp-content\/uploads\/2012\/07\/neusasignature.jpg\" width=\"194px\" \/> [\/pullquote] <\/p>\n<div style=\"text-align:justify\">O Laborat\u00f3rio de Fontes de Estudo da Linguagem \u0096 Corpus inaugurou, em meados de 2011, mais uma a\u00e7\u00e3o em sua pol\u00edtica de preserva\u00e7\u00e3o de acervos e arquivos pertinentes \u00e0 sua \u00e1rea de atua\u00e7\u00e3o, trata-se da pol\u00edtica que prev\u00ea a cria\u00e7\u00e3o de fundos documentais. O primeiro fundo documental j\u00e1 \u00e9 uma realidade, trata-se do Fundo Documental Neusa Carson, que est\u00e1 ganhando tratamento arquiv\u00edstico nas depend\u00eancias do Laborat\u00f3rio Corpus, vinculado ao programa de P\u00f3s-Gradua\u00e7\u00e3o em Letras da UFSM. A cria\u00e7\u00e3o de um fundo documental foi idealizada pela Professora Amanda Eloina Scherer, coordenadora do Laborat\u00f3rio Corpus, com a colabora\u00e7\u00e3o da professora do curso de Arquivologia, Rosani Pivetta, e da acad\u00eamica de doutorado em Letras, Juciele Pereira Dias, tendo tamb\u00e9m o apoio do Departamento de Letras Cl\u00e1ssicas e Lingu\u00edstica (DLCL) e da Dire\u00e7\u00e3o do Centro de Artes e Letras (CAL). A expectativa deste grupo \u00e9 de que tal iniciativa se transforme num programa de pesquisa capaz de abrigar sob sua \u00e9gide diversos projetos que visem a legitimar e desenvolver uma pr\u00e1tica de trabalho de arquivo sobre a trajet\u00f3ria acad\u00eamica de pessoas que contribu\u00edram para que a UFSM se tornasse a institui\u00e7\u00e3o que \u00e9 hoje. Pela pol\u00edtica de fundo documental essa hist\u00f3ria poder\u00e1 ser socializada e fazer parte da mem\u00f3ria de nossa universidade. A atividade primeira do Fundo Documental ocorreu em agosto de 2011 e teve a presen\u00e7a do diretor do Centro de Artes e Letras (CAL), professor Pedro Brum Santos, que fez a abertura oficial dos trabalhos. Assim, o Fundo Documental foi institucionalizado formalmente pela doa\u00e7\u00e3o do Arquivo Pessoal da Prof.\u00aa Dr. Neusa Martins Carson a partir da contribui\u00e7\u00e3o de seu filho, Hugo Carson. Importa destacar ainda que parte desse arquivo foi objeto de estudo de Juciele Dias, em inicia\u00e7\u00e3o cient\u00edfica (CNPq\/PIBIC), sob orienta\u00e7\u00e3o da professora Amanda Eloina Scherer, em 2006. Naquela oportunidade, teve in\u00edcio o trabalho de pesquisa e j\u00e1 contava com a sempre sol\u00edcita disponibilidade do filho da pesquisadora. Trata-se, portanto, de um projeto que vem sendo trabalhado h\u00e1 mais de cinco anos e que agora se torna uma realidade oficial. Se por um lado observa-se que a pol\u00edtica de cria\u00e7\u00e3o de Fundo Documental j\u00e1 tem uma hist\u00f3ria no interior do Laborat\u00f3rio Corpus; por outro lado, \u00e9 poss\u00edvel vislumbrar a recupera\u00e7\u00e3o de outros acervos pessoais e profissionais constitutivos da hist\u00f3ria institucional da UFSM que poder\u00e3o compor um Centro de Documenta\u00e7\u00e3o, \u00e9 nesta perspectiva que os pesquisadores do Laborat\u00f3rio Corpus trabalham atualmente.  O ano de 2012 tem sido prof\u00edcuo no que tange a digitaliza\u00e7\u00e3o dos documentos constitutivos do arquivo doado pelo filho da pesquisadora Neusa Carson. Neste per\u00edodo agregou-se ao projeto a Prof\u00aa. Dr. Verli Petri, diretora acad\u00eamico-cient\u00edfica do Laborat\u00f3rio Corpus e a Prof\u00aa. Dr. Simone de Mello de Oliveira, p\u00f3s-doutoranda sob supervis\u00e3o da professora Amanda Eloina Scherer, que ficou respons\u00e1vel pela coordena\u00e7\u00e3o da parte digital do projeto, ou seja, a discuss\u00e3o das quest\u00f5es do projeto \u00e0 luz das novas tecnologias. Assim como, tamb\u00e9m ficou respons\u00e1vel pela implementa\u00e7\u00e3o do projeto de digitaliza\u00e7\u00e3o do acervo com a colabora\u00e7\u00e3o da bolsista de gradua\u00e7\u00e3o Bruna Cielo. <strong>Neusa Martins Carson, a linguista homenageada, foi professora do Curso de Letras da UFSM (anos 60\/70\/80) e do Curso de P\u00f3s-Gradua\u00e7\u00e3o da PUCRS (anos 70\/80). Destacou-se nacionalmente como pesquisadora em descri\u00e7\u00e3o lingu\u00edstica sobre l\u00ednguas presentes no territ\u00f3rio brasileiro, tendo desenvolvido a gramatiza\u00e7\u00e3o da l\u00edngua Macuxi, do estado de Roraima. <a href=http:\/\/corpus.ufsm.br\/fundo-documental-neusa-carson-2\/quem-foi-neusa-carson\/\" target=\"_blank\">Para saber mais sobre Neusa Carson clique aqui<\/div>\n<p><\/strong><\/a><\/p>\n","protected":false},"excerpt":{"rendered":"<p>[pullquote align=&#8221;right&#8221;] [\/pullquote] O Laborat\u00f3rio de Fontes de Estudo da Linguagem \u0096 Corpus inaugurou, em meados de 2011, mais uma a\u00e7\u00e3o em sua pol\u00edtica de preserva\u00e7\u00e3o de acervos e arquivos pertinentes \u00e0 sua \u00e1rea de atua\u00e7\u00e3o, trata-se da pol\u00edtica que prev\u00ea a cria\u00e7\u00e3o de fundos documentais. O primeiro fundo documental j\u00e1 \u00e9 uma realidade, trata-se [&hellip;]<\/p>\n","protected":false},"author":8,"featured_media":0,"comment_status":"closed","ping_status":"closed","sticky":false,"template":"","format":"standard","meta":{"footnotes":""},"categories":[11],"tags":[],"class_list":["post-690","post","type-post","status-publish","format-standard","hentry","category-noticias"],"acf":[],"_links":{"self":[{"href":"https:\/\/www.ufsm.br\/laboratorios\/corpus\/wp-json\/wp\/v2\/posts\/690","targetHints":{"allow":["GET"]}}],"collection":[{"href":"https:\/\/www.ufsm.br\/laboratorios\/corpus\/wp-json\/wp\/v2\/posts"}],"about":[{"href":"https:\/\/www.ufsm.br\/laboratorios\/corpus\/wp-json\/wp\/v2\/types\/post"}],"author":[{"embeddable":true,"href":"https:\/\/www.ufsm.br\/laboratorios\/corpus\/wp-json\/wp\/v2\/users\/8"}],"replies":[{"embeddable":true,"href":"https:\/\/www.ufsm.br\/laboratorios\/corpus\/wp-json\/wp\/v2\/comments?post=690"}],"version-history":[{"count":0,"href":"https:\/\/www.ufsm.br\/laboratorios\/corpus\/wp-json\/wp\/v2\/posts\/690\/revisions"}],"wp:attachment":[{"href":"https:\/\/www.ufsm.br\/laboratorios\/corpus\/wp-json\/wp\/v2\/media?parent=690"}],"wp:term":[{"taxonomy":"category","embeddable":true,"href":"https:\/\/www.ufsm.br\/laboratorios\/corpus\/wp-json\/wp\/v2\/categories?post=690"},{"taxonomy":"post_tag","embeddable":true,"href":"https:\/\/www.ufsm.br\/laboratorios\/corpus\/wp-json\/wp\/v2\/tags?post=690"}],"curies":[{"name":"wp","href":"https:\/\/api.w.org\/{rel}","templated":true}]}}