{"id":695,"date":"2012-09-10T14:16:10","date_gmt":"2012-09-10T17:16:10","guid":{"rendered":"https:\/\/www.ufsm.br\/laboratorios\/corpus\/2012\/09\/10\/1140-coordenadora-do-laboratorio-corpus-e-a-homenageada-da-feira-do-livro-de-2013\/"},"modified":"2012-09-10T14:16:10","modified_gmt":"2012-09-10T17:16:10","slug":"1140-coordenadora-do-laboratorio-corpus-e-a-homenageada-da-feira-do-livro-de-2013","status":"publish","type":"post","link":"https:\/\/www.ufsm.br\/laboratorios\/corpus\/2012\/09\/10\/1140-coordenadora-do-laboratorio-corpus-e-a-homenageada-da-feira-do-livro-de-2013","title":{"rendered":"Coordenadora do Laborat\u00f3rio Corpus \u00e9 a homenageada da Feira do Livro de 2013"},"content":{"rendered":"<p><a href=\"http:\/\/corpus.ufsm.br\/wp-content\/uploads\/2012\/09\/convite-amanda-feira-do-livros-homenagem.jpg\"><img fetchpriority=\"high\" decoding=\"async\" class=\"alignnone size-medium wp-image-1141\" title=\"convite amanda feira do livros homenagem\" src=\"http:\/\/corpus.ufsm.br\/wp-content\/uploads\/2012\/09\/Untitled-2.png\" alt=\"\" width=\"300\" height=\"225\" \/><\/a>  No dia 22 de agosto o Laborat\u00f3rio Corpus recebeu a ilustre visita de Iara Druzian (Secretaria de Cultura de Santa Maria), de Aristilda Recchia (Academia Santa-Mariense de Letras), de D\u00e9cio Luciano Squarcieri de Oliveira (CESMA), de Hon\u00f3rio Nascimento (Editora da UFSM), que formaram a comiss\u00e3o respons\u00e1vel pela realiza\u00e7\u00e3o do convite \u00e0 Prof\u00aa. Dr. Amanda Eloina Scherer para ser a homenageada da Feira do Livro 2013. Tal visita foi festivamente acolhida pelos integrantes do Laborat\u00f3rio Corpus e levou muita alegria \u00e0 Coordenadora que se diz muito honrada com esta homenagem. A professora Amanda \u00e9 pesquisadora da \u00e1rea de Estudos da Linguagem, professora da UFSM, uma \u00e1vida leitora e incans\u00e1vel incentivadora de jovens leitores. \u00a0Al\u00e9m da homenagem prestada \u00e0 Coordenadora do Laborat\u00f3rio Corpus, a Feira do livro de 2013 ter\u00e1 como patrona a professora da UFSM, pesquisadora da \u00e1rea de Ci\u00eancias da Comunica\u00e7\u00e3o, Eug\u00eania Maria Mariano da Rocha Barichello; e far\u00e1 uma homenagem p\u00f3stuma para Antonio Isaia, pesquisador e desenhista. O maior evento liter\u00e1rio de Santa Maria j\u00e1 tem data definida para a sua realiza\u00e7\u00e3o, em 2013: acontecer\u00e1 de 27 de abril a 12 de maio, na Pra\u00e7a Saldanha Marinho. <!--more--> <a href=\"http:\/\/corpus.ufsm.br\/wp-content\/uploads\/2012\/09\/convite-amanda-feira-do-livros-homenagem.jpg\"><img fetchpriority=\"high\" decoding=\"async\" class=\"alignnone size-medium wp-image-1141\" title=\"convite amanda feira do livros homenagem\" src=\"http:\/\/corpus.ufsm.br\/wp-content\/uploads\/2012\/09\/Untitled-2.png\" alt=\"\" width=\"300\" height=\"225\" \/><\/a>  No dia 22 de agosto o Laborat\u00f3rio Corpus recebeu a ilustre visita de Iara Druzian (Secretaria de Cultura de Santa Maria), de Aristilda Recchia (Academia Santa-Mariense de Letras), de D\u00e9cio Luciano Squarcieri de Oliveira (CESMA), de Hon\u00f3rio Nascimento (Editora da UFSM), que formaram a comiss\u00e3o respons\u00e1vel pela realiza\u00e7\u00e3o do convite \u00e0 Prof\u00aa. Dr. Amanda Eloina Scherer para ser a homenageada da Feira do Livro 2013. Tal visita foi festivamente acolhida pelos integrantes do Laborat\u00f3rio Corpus e levou muita alegria \u00e0 Coordenadora que se diz muito honrada com esta homenagem. A professora Amanda \u00e9 pesquisadora da \u00e1rea de Estudos da Linguagem, professora da UFSM, uma \u00e1vida leitora e incans\u00e1vel incentivadora de jovens leitores. \u00a0Al\u00e9m da homenagem prestada \u00e0 Coordenadora do Laborat\u00f3rio Corpus, a Feira do livro de 2013 ter\u00e1 como patrona a professora da UFSM, pesquisadora da \u00e1rea de Ci\u00eancias da Comunica\u00e7\u00e3o, Eug\u00eania Maria Mariano da Rocha Barichello; e far\u00e1 uma homenagem p\u00f3stuma para Antonio Isaia, pesquisador e desenhista. O maior evento liter\u00e1rio de Santa Maria j\u00e1 tem data definida para a sua realiza\u00e7\u00e3o, em 2013: acontecer\u00e1 de 27 de abril a 12 de maio, na Pra\u00e7a Saldanha Marinho.<\/p>\n","protected":false},"excerpt":{"rendered":"<p>No dia 22 de agosto o Laborat\u00f3rio Corpus recebeu a ilustre visita de Iara Druzian (Secretaria de Cultura de Santa Maria), de Aristilda Recchia (Academia Santa-Mariense de Letras), de D\u00e9cio Luciano Squarcieri de Oliveira (CESMA), de Hon\u00f3rio Nascimento (Editora da UFSM), que formaram a comiss\u00e3o respons\u00e1vel pela realiza\u00e7\u00e3o do convite \u00e0 Prof\u00aa. Dr. Amanda Eloina [&hellip;]<\/p>\n","protected":false},"author":8,"featured_media":0,"comment_status":"closed","ping_status":"closed","sticky":false,"template":"","format":"standard","meta":{"footnotes":""},"categories":[11],"tags":[],"class_list":["post-695","post","type-post","status-publish","format-standard","hentry","category-noticias"],"acf":[],"_links":{"self":[{"href":"https:\/\/www.ufsm.br\/laboratorios\/corpus\/wp-json\/wp\/v2\/posts\/695","targetHints":{"allow":["GET"]}}],"collection":[{"href":"https:\/\/www.ufsm.br\/laboratorios\/corpus\/wp-json\/wp\/v2\/posts"}],"about":[{"href":"https:\/\/www.ufsm.br\/laboratorios\/corpus\/wp-json\/wp\/v2\/types\/post"}],"author":[{"embeddable":true,"href":"https:\/\/www.ufsm.br\/laboratorios\/corpus\/wp-json\/wp\/v2\/users\/8"}],"replies":[{"embeddable":true,"href":"https:\/\/www.ufsm.br\/laboratorios\/corpus\/wp-json\/wp\/v2\/comments?post=695"}],"version-history":[{"count":0,"href":"https:\/\/www.ufsm.br\/laboratorios\/corpus\/wp-json\/wp\/v2\/posts\/695\/revisions"}],"wp:attachment":[{"href":"https:\/\/www.ufsm.br\/laboratorios\/corpus\/wp-json\/wp\/v2\/media?parent=695"}],"wp:term":[{"taxonomy":"category","embeddable":true,"href":"https:\/\/www.ufsm.br\/laboratorios\/corpus\/wp-json\/wp\/v2\/categories?post=695"},{"taxonomy":"post_tag","embeddable":true,"href":"https:\/\/www.ufsm.br\/laboratorios\/corpus\/wp-json\/wp\/v2\/tags?post=695"}],"curies":[{"name":"wp","href":"https:\/\/api.w.org\/{rel}","templated":true}]}}