{"id":709,"date":"2012-10-31T14:19:05","date_gmt":"2012-10-31T16:19:05","guid":{"rendered":"https:\/\/www.ufsm.br\/laboratorios\/corpus\/2012\/10\/31\/1398-um-pouco-sobre-a-professora-claudia-pfeiffer\/"},"modified":"2012-10-31T14:19:05","modified_gmt":"2012-10-31T16:19:05","slug":"1398-um-pouco-sobre-a-professora-claudia-pfeiffer","status":"publish","type":"post","link":"https:\/\/www.ufsm.br\/laboratorios\/corpus\/2012\/10\/31\/1398-um-pouco-sobre-a-professora-claudia-pfeiffer","title":{"rendered":"Um pouco sobre a professora Cl\u00e1udia Pfeiffer"},"content":{"rendered":"<p style=\"text-align: justify;\">A terceira jornada de trabalho que comp\u00f5e o XIX Semin\u00e1rio Corpus \u0096 2012, nesta\u00a0segunda-feira, 05 de novembro, conta com a presen\u00e7a da Prof.\u00aa Dr. Cl\u00e1udia Regina\u00a0Castellanos Pfeiffer que proferir\u00e1 palestra intitulada \u0093Instrumentos Lingu\u00edsticos, Ensino\u00a0e Pol\u00edticas P\u00fablicas: uma rela\u00e7\u00e3o na Hist\u00f3ria das Id\u00e9ias Lingu\u00edsticas\u0094 e que participar\u00e1\u00a0da sess\u00e3o Conversa com Pesquisador.<\/p>\n<p> &nbsp; <\/p>\n<p style=\"text-align: center;\"><a href=\"http:\/\/corpus.ufsm.br\/wp-content\/uploads\/2012\/10\/claudiap.jpg\"><img fetchpriority=\"high\" decoding=\"async\" class=\"size-full wp-image-1399 aligncenter\" title=\"claudiap\" src=\"http:\/\/corpus.ufsm.br\/wp-content\/uploads\/2012\/10\/claudiap.jpg\" alt=\"\" width=\"291\" height=\"243\" \/><\/a><\/p>\n<p> &nbsp; <\/p>\n<p style=\"text-align: justify;\">A Prof.\u00aa Dr. Cl\u00e1udia Pfeiffer \u00e9 bacharel em Lingu\u00edstica pela Universidade Estadual de\u00a0Campinas (1991), concluiu seu mestrado e doutorado em Lingu\u00edstica pela Universidade\u00a0Estadual de Campinas, ambos sob orienta\u00e7\u00e3o da Prof.\u00aa Dr. Eni Puccinelli\u00a0Orlandi,\u00a0respectivamente nos anos de 1995 e 2000. Desde 1996, exerce suas atividades\u00a0cient\u00edfico-acad\u00eamicas no Laborat\u00f3rio de Estudos Urbanos (LABEURB\/NUDECRI\/UNICAMP), na carreira de Pesquisador da Universidade Estadual de Campinas &#8211;\u00a0Carreira Pq. Especializada em An\u00e1lise de Discurso, atua, principalmente, nas seguintes\u00a0linhas: an\u00e1lise de discurso, saber urbano e linguagem, ensino, hist\u00f3ria das id\u00e9ias\u00a0lingu\u00edsticas e divulga\u00e7\u00e3o cient\u00edfica. \u00c9 docente credenciada como professor pleno, na\u00a0\u00e1rea da hist\u00f3ria das id\u00e9ias lingu\u00edsticas, do programa de p\u00f3s-gradua\u00e7\u00e3o em Lingu\u00edstica no\u00a0IEL\/Unicamp. Seu trabalho est\u00e1 vinculado \u00e0s seguintes Linhas de Pesquisa: <em>Estudos da\u00a0l\u00edngua, escrita e cidade; An\u00e1lise hist\u00f3rico-discursiva da linguagem na cidade e Hist\u00f3ria\u00a0das Id\u00e9ias Lingu\u00edsticas<\/em>. Em julho de 2012 foi eleita coordenadora do GT de An\u00e1lise\u00a0de Discurso da Anpoll pelo bi\u00eanio 2012\/2014. A Dr\u00aa. Cl\u00e1udia Pfeiffer \u00e9 pesquisadora\u00a0principal no Projeto<em> Fapesp Generation of Alcohol Production Scenarios as Support\u00a0for the Formulation of Public Policies Applied to the Adaptation of the National Sugar\u00a0and Alcohol Industry to the Climate Changes <\/em>(AlcScens) (2010 \u0096 2014); \u00e9 pesquisadora\u00a0no projeto<em> Grupo Interdisciplinar de Pesquisa em Pol\u00edticas de Sa\u00fade<\/em> (2010-atual) e no\u00a0projeto<em> O manual e o ensino da l\u00edngua portuguesa<\/em>: uma quest\u00e3o de pol\u00edtica lingu\u00edstica\u00a0(2010-atual). A pesquisadora Cl\u00e1udia Pfeiffer \u00e9 respons\u00e1vel pela organiza\u00e7\u00e3o de\u00a0publica\u00e7\u00f5es ligadas \u00e0 lingu\u00edstica e ao ensino, bem como por in\u00fameros cap\u00edtulos e livros\u00a0publicados de grande interesse para \u00e1rea de Letras.<\/p>\n<p> <!--more--> <\/p>\n<p style=\"text-align: justify;\">A terceira jornada de trabalho que comp\u00f5e o XIX Semin\u00e1rio Corpus \u0096 2012, nesta\u00a0segunda-feira, 05 de novembro, conta com a presen\u00e7a da Prof.\u00aa Dr. Cl\u00e1udia Regina\u00a0Castellanos Pfeiffer que proferir\u00e1 palestra intitulada \u0093Instrumentos Lingu\u00edsticos, Ensino\u00a0e Pol\u00edticas P\u00fablicas: uma rela\u00e7\u00e3o na Hist\u00f3ria das Id\u00e9ias Lingu\u00edsticas\u0094 e que participar\u00e1\u00a0da sess\u00e3o Conversa com Pesquisador.<\/p>\n<p> &nbsp; <\/p>\n<p style=\"text-align: center;\"><a href=\"http:\/\/corpus.ufsm.br\/wp-content\/uploads\/2012\/10\/claudiap.jpg\"><img fetchpriority=\"high\" decoding=\"async\" class=\"size-full wp-image-1399 aligncenter\" title=\"claudiap\" src=\"http:\/\/corpus.ufsm.br\/wp-content\/uploads\/2012\/10\/claudiap.jpg\" alt=\"\" width=\"291\" height=\"243\" \/><\/a><\/p>\n<p> &nbsp; <\/p>\n<p style=\"text-align: justify;\">A Prof.\u00aa Dr. Cl\u00e1udia Pfeiffer \u00e9 bacharel em Lingu\u00edstica pela Universidade Estadual de\u00a0Campinas (1991), concluiu seu mestrado e doutorado em Lingu\u00edstica pela Universidade\u00a0Estadual de Campinas, ambos sob orienta\u00e7\u00e3o da Prof.\u00aa Dr. Eni Puccinelli\u00a0Orlandi,\u00a0respectivamente nos anos de 1995 e 2000. Desde 1996, exerce suas atividades\u00a0cient\u00edfico-acad\u00eamicas no Laborat\u00f3rio de Estudos Urbanos (LABEURB\/NUDECRI\/UNICAMP), na carreira de Pesquisador da Universidade Estadual de Campinas &#8211;\u00a0Carreira Pq. Especializada em An\u00e1lise de Discurso, atua, principalmente, nas seguintes\u00a0linhas: an\u00e1lise de discurso, saber urbano e linguagem, ensino, hist\u00f3ria das id\u00e9ias\u00a0lingu\u00edsticas e divulga\u00e7\u00e3o cient\u00edfica. \u00c9 docente credenciada como professor pleno, na\u00a0\u00e1rea da hist\u00f3ria das id\u00e9ias lingu\u00edsticas, do programa de p\u00f3s-gradua\u00e7\u00e3o em Lingu\u00edstica no\u00a0IEL\/Unicamp. Seu trabalho est\u00e1 vinculado \u00e0s seguintes Linhas de Pesquisa: <em>Estudos da\u00a0l\u00edngua, escrita e cidade; An\u00e1lise hist\u00f3rico-discursiva da linguagem na cidade e Hist\u00f3ria\u00a0das Id\u00e9ias Lingu\u00edsticas<\/em>. Em julho de 2012 foi eleita coordenadora do GT de An\u00e1lise\u00a0de Discurso da Anpoll pelo bi\u00eanio 2012\/2014. A Dr\u00aa. Cl\u00e1udia Pfeiffer \u00e9 pesquisadora\u00a0principal no Projeto<em> Fapesp Generation of Alcohol Production Scenarios as Support\u00a0for the Formulation of Public Policies Applied to the Adaptation of the National Sugar\u00a0and Alcohol Industry to the Climate Changes <\/em>(AlcScens) (2010 \u0096 2014); \u00e9 pesquisadora\u00a0no projeto<em> Grupo Interdisciplinar de Pesquisa em Pol\u00edticas de Sa\u00fade<\/em> (2010-atual) e no\u00a0projeto<em> O manual e o ensino da l\u00edngua portuguesa<\/em>: uma quest\u00e3o de pol\u00edtica lingu\u00edstica\u00a0(2010-atual). A pesquisadora Cl\u00e1udia Pfeiffer \u00e9 respons\u00e1vel pela organiza\u00e7\u00e3o de\u00a0publica\u00e7\u00f5es ligadas \u00e0 lingu\u00edstica e ao ensino, bem como por in\u00fameros cap\u00edtulos e livros\u00a0publicados de grande interesse para \u00e1rea de Letras.<\/p>\n","protected":false},"excerpt":{"rendered":"<p>A terceira jornada de trabalho que comp\u00f5e o XIX Semin\u00e1rio Corpus \u0096 2012, nesta\u00a0segunda-feira, 05 de novembro, conta com a presen\u00e7a da Prof.\u00aa Dr. Cl\u00e1udia Regina\u00a0Castellanos Pfeiffer que proferir\u00e1 palestra intitulada \u0093Instrumentos Lingu\u00edsticos, Ensino\u00a0e Pol\u00edticas P\u00fablicas: uma rela\u00e7\u00e3o na Hist\u00f3ria das Id\u00e9ias Lingu\u00edsticas\u0094 e que participar\u00e1\u00a0da sess\u00e3o Conversa com Pesquisador. &nbsp; &nbsp; A Prof.\u00aa Dr. [&hellip;]<\/p>\n","protected":false},"author":8,"featured_media":0,"comment_status":"closed","ping_status":"closed","sticky":false,"template":"","format":"standard","meta":{"footnotes":""},"categories":[11],"tags":[],"class_list":["post-709","post","type-post","status-publish","format-standard","hentry","category-noticias"],"acf":[],"_links":{"self":[{"href":"https:\/\/www.ufsm.br\/laboratorios\/corpus\/wp-json\/wp\/v2\/posts\/709","targetHints":{"allow":["GET"]}}],"collection":[{"href":"https:\/\/www.ufsm.br\/laboratorios\/corpus\/wp-json\/wp\/v2\/posts"}],"about":[{"href":"https:\/\/www.ufsm.br\/laboratorios\/corpus\/wp-json\/wp\/v2\/types\/post"}],"author":[{"embeddable":true,"href":"https:\/\/www.ufsm.br\/laboratorios\/corpus\/wp-json\/wp\/v2\/users\/8"}],"replies":[{"embeddable":true,"href":"https:\/\/www.ufsm.br\/laboratorios\/corpus\/wp-json\/wp\/v2\/comments?post=709"}],"version-history":[{"count":0,"href":"https:\/\/www.ufsm.br\/laboratorios\/corpus\/wp-json\/wp\/v2\/posts\/709\/revisions"}],"wp:attachment":[{"href":"https:\/\/www.ufsm.br\/laboratorios\/corpus\/wp-json\/wp\/v2\/media?parent=709"}],"wp:term":[{"taxonomy":"category","embeddable":true,"href":"https:\/\/www.ufsm.br\/laboratorios\/corpus\/wp-json\/wp\/v2\/categories?post=709"},{"taxonomy":"post_tag","embeddable":true,"href":"https:\/\/www.ufsm.br\/laboratorios\/corpus\/wp-json\/wp\/v2\/tags?post=709"}],"curies":[{"name":"wp","href":"https:\/\/api.w.org\/{rel}","templated":true}]}}