{"id":776,"date":"2013-11-27T09:42:02","date_gmt":"2013-11-27T11:42:02","guid":{"rendered":"https:\/\/www.ufsm.br\/laboratorios\/corpus\/2013\/11\/27\/2716-luiza-greff-recebe-%c2%93premio-40-melhores%c2%94-do-28o-salao-de-iniciacao-cientifica-da-28a-jornada-academica-integrada-da-ufsm\/"},"modified":"2013-11-27T09:42:02","modified_gmt":"2013-11-27T11:42:02","slug":"2716-luiza-greff-recebe-%c2%93premio-40-melhores%c2%94-do-28o-salao-de-iniciacao-cientifica-da-28a-jornada-academica-integrada-da-ufsm","status":"publish","type":"post","link":"https:\/\/www.ufsm.br\/laboratorios\/corpus\/2013\/11\/27\/2716-luiza-greff-recebe-%c2%93premio-40-melhores%c2%94-do-28o-salao-de-iniciacao-cientifica-da-28a-jornada-academica-integrada-da-ufsm","title":{"rendered":"Luiza Greff recebe \u0093Pr\u00eamio 40 Melhores\u0094 do 28\u00ba Sal\u00e3o de Inicia\u00e7\u00e3o Cient\u00edfica da 28\u00aa Jornada Acad\u00eamica Integrada da UFSM"},"content":{"rendered":"<p>&nbsp;  &nbsp;  <a href=\"http:\/\/corpus.ufsm.br\/wp-content\/uploads\/2013\/11\/21.jpg\"><img fetchpriority=\"high\" decoding=\"async\" class=\"aligncenter size-full wp-image-2719\" title=\"2\" src=\"http:\/\/corpus.ufsm.br\/wp-content\/uploads\/2013\/11\/21.jpg\" alt=\"\" width=\"492\" height=\"400\" \/><\/a>  &nbsp;  Luiza Greff, graduanda em Letras na Universidade Federal de Santa Maria, integrante do Laborat\u00f3rio Corpus, bolsista de Inicia\u00e7\u00e3o Cient\u00edfica, financiamento da Funda\u00e7\u00e3o de Amparo \u00e0 Pesquisa do Rio Grande do Sul (Fapergs), com trabalho vinculado ao projeto \u0093Hist\u00f3ria e Mem\u00f3ria: o imagin\u00e1rio sobre a l\u00edngua no\/do Brasil\u0094 e desenvolvido sob orienta\u00e7\u00e3o da Prof.\u00aa Dra. Amanda Eloina Scherer, est\u00e1 entre os 40 premiados com melhores trabalhos apresentados no 28\u00ba Sal\u00e3o de Inicia\u00e7\u00e3o Cient\u00edfica na 28\u00aa Jornada Acad\u00eamica Integrada (JAI) realizada outubro de\u00a0<em>2013.<\/em>  &nbsp;  O trabalho premiado, intitulado \u0093Quarto de Despejo \u0096 Di\u00e1rio de uma Favelada: Discurso e Mem\u00f3ria Social\u0094, pode assim ser resumido nas palavras de Luiza: \u0093o objeto de estudo \u00e9 constitu\u00eddo pela obra \u0093Quarto de Despejo \u0096 di\u00e1rio de uma favelada\u0094 de Carolina Maria de Jesus editada em 1960 pela (hoje extinta) editora Paulo Azevedo LTDA. Nele estamos recortando alguns fragmentos que consideramos importantes para tratarmos da problem\u00e1tica da mem\u00f3ria como quest\u00e3o te\u00f3rica. Nosso suporte te\u00f3rico e anal\u00edtico tem por base a An\u00e1lise de Discurso de linha francesa que, no Brasil, toma como refer\u00eancia o trabalho de Eni Orlandi, importante estudiosa da linguagem, sobretudo no tocante \u00e0s reflex\u00f5es sobre a constitui\u00e7\u00e3o da subjetividade no discurso urbano. No campo franc\u00eas, estamos nos apoiando nos estudos de Davallon (1999) e Halbwachs (1990) no que diz respeito ao dom\u00ednio de mem\u00f3ria como constitutivo do acontecimento hist\u00f3rico\u0094. Seu objetivo \u00e9 compreender como o discurso liter\u00e1rio de Carolina Maria de Jesus em seu livro de estr\u00e9ia, \u0093Quarto de Despejo \u0096 Di\u00e1rio de uma favelada\u0094 pode ser tomado como um relato de mem\u00f3ria social.  &nbsp;  A cerim\u00f4nia de entrega dos certificados pelo Magn\u00edfico Reitor aos premiados acontece dia 27 de novembro de 2013, \u00e0s 11 horas, na Sala 218 da Reitoria &#8211; Campus Universit\u00e1rio. \u00a0Al\u00e9m do certificado entregue os acad\u00eamicos, com v\u00ednculo acad\u00eamico no 1\u00ba semestre de 2014, ser\u00e3o &#8220;Representantes da UFSM na Jornada Nacional de Inicia\u00e7\u00e3o Cient\u00edfica&#8221;, evento que acontece na Reuni\u00e3o Anual da Sociedade Brasileira para o Progresso da Ci\u00eancia, cuja 66\u00aa edi\u00e7\u00e3o acontece entre os dias 22 e 27 de julho de 2014, no Campus Sede da Universidade Federal do Acre &#8211; UFAC, na capital Rio Branco. <!--more--> &nbsp;  &nbsp;  <a href=\"http:\/\/corpus.ufsm.br\/wp-content\/uploads\/2013\/11\/21.jpg\"><img fetchpriority=\"high\" decoding=\"async\" class=\"aligncenter size-full wp-image-2719\" title=\"2\" src=\"http:\/\/corpus.ufsm.br\/wp-content\/uploads\/2013\/11\/21.jpg\" alt=\"\" width=\"492\" height=\"400\" \/><\/a>  &nbsp;  Luiza Greff, graduanda em Letras na Universidade Federal de Santa Maria, integrante do Laborat\u00f3rio Corpus, bolsista de Inicia\u00e7\u00e3o Cient\u00edfica, financiamento da Funda\u00e7\u00e3o de Amparo \u00e0 Pesquisa do Rio Grande do Sul (Fapergs), com trabalho vinculado ao projeto \u0093Hist\u00f3ria e Mem\u00f3ria: o imagin\u00e1rio sobre a l\u00edngua no\/do Brasil\u0094 e desenvolvido sob orienta\u00e7\u00e3o da Prof.\u00aa Dra. Amanda Eloina Scherer, est\u00e1 entre os 40 premiados com melhores trabalhos apresentados no 28\u00ba Sal\u00e3o de Inicia\u00e7\u00e3o Cient\u00edfica na 28\u00aa Jornada Acad\u00eamica Integrada (JAI) realizada outubro de\u00a0<em>2013.<\/em>  &nbsp;  O trabalho premiado, intitulado \u0093Quarto de Despejo \u0096 Di\u00e1rio de uma Favelada: Discurso e Mem\u00f3ria Social\u0094, pode assim ser resumido nas palavras de Luiza: \u0093o objeto de estudo \u00e9 constitu\u00eddo pela obra \u0093Quarto de Despejo \u0096 di\u00e1rio de uma favelada\u0094 de Carolina Maria de Jesus editada em 1960 pela (hoje extinta) editora Paulo Azevedo LTDA. Nele estamos recortando alguns fragmentos que consideramos importantes para tratarmos da problem\u00e1tica da mem\u00f3ria como quest\u00e3o te\u00f3rica. Nosso suporte te\u00f3rico e anal\u00edtico tem por base a An\u00e1lise de Discurso de linha francesa que, no Brasil, toma como refer\u00eancia o trabalho de Eni Orlandi, importante estudiosa da linguagem, sobretudo no tocante \u00e0s reflex\u00f5es sobre a constitui\u00e7\u00e3o da subjetividade no discurso urbano. No campo franc\u00eas, estamos nos apoiando nos estudos de Davallon (1999) e Halbwachs (1990) no que diz respeito ao dom\u00ednio de mem\u00f3ria como constitutivo do acontecimento hist\u00f3rico\u0094. Seu objetivo \u00e9 compreender como o discurso liter\u00e1rio de Carolina Maria de Jesus em seu livro de estr\u00e9ia, \u0093Quarto de Despejo \u0096 Di\u00e1rio de uma favelada\u0094 pode ser tomado como um relato de mem\u00f3ria social.  &nbsp;  A cerim\u00f4nia de entrega dos certificados pelo Magn\u00edfico Reitor aos premiados acontece dia 27 de novembro de 2013, \u00e0s 11 horas, na Sala 218 da Reitoria &#8211; Campus Universit\u00e1rio. \u00a0Al\u00e9m do certificado entregue os acad\u00eamicos, com v\u00ednculo acad\u00eamico no 1\u00ba semestre de 2014, ser\u00e3o &#8220;Representantes da UFSM na Jornada Nacional de Inicia\u00e7\u00e3o Cient\u00edfica&#8221;, evento que acontece na Reuni\u00e3o Anual da Sociedade Brasileira para o Progresso da Ci\u00eancia, cuja 66\u00aa edi\u00e7\u00e3o acontece entre os dias 22 e 27 de julho de 2014, no Campus Sede da Universidade Federal do Acre &#8211; UFAC, na capital Rio Branco.<\/p>\n","protected":false},"excerpt":{"rendered":"<p>&nbsp; &nbsp; &nbsp; Luiza Greff, graduanda em Letras na Universidade Federal de Santa Maria, integrante do Laborat\u00f3rio Corpus, bolsista de Inicia\u00e7\u00e3o Cient\u00edfica, financiamento da Funda\u00e7\u00e3o de Amparo \u00e0 Pesquisa do Rio Grande do Sul (Fapergs), com trabalho vinculado ao projeto \u0093Hist\u00f3ria e Mem\u00f3ria: o imagin\u00e1rio sobre a l\u00edngua no\/do Brasil\u0094 e desenvolvido sob orienta\u00e7\u00e3o da [&hellip;]<\/p>\n","protected":false},"author":8,"featured_media":0,"comment_status":"closed","ping_status":"closed","sticky":false,"template":"","format":"standard","meta":{"footnotes":""},"categories":[11],"tags":[],"class_list":["post-776","post","type-post","status-publish","format-standard","hentry","category-noticias"],"acf":[],"_links":{"self":[{"href":"https:\/\/www.ufsm.br\/laboratorios\/corpus\/wp-json\/wp\/v2\/posts\/776","targetHints":{"allow":["GET"]}}],"collection":[{"href":"https:\/\/www.ufsm.br\/laboratorios\/corpus\/wp-json\/wp\/v2\/posts"}],"about":[{"href":"https:\/\/www.ufsm.br\/laboratorios\/corpus\/wp-json\/wp\/v2\/types\/post"}],"author":[{"embeddable":true,"href":"https:\/\/www.ufsm.br\/laboratorios\/corpus\/wp-json\/wp\/v2\/users\/8"}],"replies":[{"embeddable":true,"href":"https:\/\/www.ufsm.br\/laboratorios\/corpus\/wp-json\/wp\/v2\/comments?post=776"}],"version-history":[{"count":0,"href":"https:\/\/www.ufsm.br\/laboratorios\/corpus\/wp-json\/wp\/v2\/posts\/776\/revisions"}],"wp:attachment":[{"href":"https:\/\/www.ufsm.br\/laboratorios\/corpus\/wp-json\/wp\/v2\/media?parent=776"}],"wp:term":[{"taxonomy":"category","embeddable":true,"href":"https:\/\/www.ufsm.br\/laboratorios\/corpus\/wp-json\/wp\/v2\/categories?post=776"},{"taxonomy":"post_tag","embeddable":true,"href":"https:\/\/www.ufsm.br\/laboratorios\/corpus\/wp-json\/wp\/v2\/tags?post=776"}],"curies":[{"name":"wp","href":"https:\/\/api.w.org\/{rel}","templated":true}]}}