{"id":777,"date":"2013-11-30T18:24:22","date_gmt":"2013-11-30T20:24:22","guid":{"rendered":"https:\/\/www.ufsm.br\/laboratorios\/corpus\/2013\/11\/30\/2723-professoras-do-laboratorio-corpus-ministram-aula-magna-na-universidade-de-cadiz-na-espanha\/"},"modified":"2013-11-30T18:24:22","modified_gmt":"2013-11-30T20:24:22","slug":"2723-professoras-do-laboratorio-corpus-ministram-aula-magna-na-universidade-de-cadiz-na-espanha","status":"publish","type":"post","link":"https:\/\/www.ufsm.br\/laboratorios\/corpus\/2013\/11\/30\/2723-professoras-do-laboratorio-corpus-ministram-aula-magna-na-universidade-de-cadiz-na-espanha","title":{"rendered":"Professoras do Laborat\u00f3rio Corpus ministram Aula Magna na Universidade de C\u00e1diz, na Espanha"},"content":{"rendered":"<p>As professoras Amanda Scherer e Verli Petri, do Laborat\u00f3rio Corpus \u0096 PPGL\/UFSM, ministraram uma Aula Magna na Universidade de Cadiz, na Espanha, no\u00a0X<sup>e <\/sup>CONGR\u00c8S INTERNATIONAL DE LINGUISTIQUE FRAN\u00c7AISE (CILF) que aconteceu de 27 a 29 de novembro.  &nbsp;  A Aula Magna intitulada \u0093<em>La place des \u00e9tudes fran\u00e7aises dans la constituiton du disciplinare br\u00e9silien et l\u0092analyse de discours aujourd\u0092hui<\/em>\u0094 aconteceu no dia 28 e teve como debatedora a pesquisadora da Sorbonne, Paris 3, Mme. Jacqueline Authier-Revuz. Tal confer\u00eancia \u00e9 fruto de um trabalho conjunto que se realiza atrav\u00e9s de uma rede de laborat\u00f3rios de pesquisa e sua rela\u00e7\u00e3o com o Laborat\u00f3rio Corpus. Esse trabalho est\u00e1 sendo implementado com a participa\u00e7\u00e3o de colegas da UFF-RJ e da USP\/Ribeir\u00e3o-SP. Ao final do Congresso, as professoras seguem em viagem de trabalho e pesquisa, permanecendo de 01 a 07 de dezembro em Paris\/Fran\u00e7a para cumprir agenda junto ao ITEM (Institut de Textes et Manuscrits Contemporains). Para tanto, est\u00e1 preparada a seguinte programa\u00e7\u00e3o: tratativas para formaliza\u00e7\u00e3o de projeto de pesquisa conjunto entre o Laborat\u00f3rio Corpus e o Instituto de Textos e Manuscritos Modernos (ITEM-CNRS), coordenado pela pesquisadora Ir\u00e8ne Fenoglio, bem como a apresenta\u00e7\u00e3o dos resultados de pesquisa dos dois grupos envolvidos; avalia\u00e7\u00e3o das a\u00e7\u00f5es j\u00e1 realizadas e em desenvolvimento (est\u00e1gio doutoral, confer\u00eancias, publica\u00e7\u00f5es, etc.); e protocolo de inten\u00e7\u00f5es de formaliza\u00e7\u00e3o de conv\u00eanio interinstitucional.  &nbsp;  &nbsp; <!--more--> As professoras Amanda Scherer e Verli Petri, do Laborat\u00f3rio Corpus \u0096 PPGL\/UFSM, ministraram uma Aula Magna na Universidade de Cadiz, na Espanha, no\u00a0X<sup>e <\/sup>CONGR\u00c8S INTERNATIONAL DE LINGUISTIQUE FRAN\u00c7AISE (CILF) que aconteceu de 27 a 29 de novembro.  &nbsp;  A Aula Magna intitulada \u0093<em>La place des \u00e9tudes fran\u00e7aises dans la constituiton du disciplinare br\u00e9silien et l\u0092analyse de discours aujourd\u0092hui<\/em>\u0094 aconteceu no dia 28 e teve como debatedora a pesquisadora da Sorbonne, Paris 3, Mme. Jacqueline Authier-Revuz. Tal confer\u00eancia \u00e9 fruto de um trabalho conjunto que se realiza atrav\u00e9s de uma rede de laborat\u00f3rios de pesquisa e sua rela\u00e7\u00e3o com o Laborat\u00f3rio Corpus. Esse trabalho est\u00e1 sendo implementado com a participa\u00e7\u00e3o de colegas da UFF-RJ e da USP\/Ribeir\u00e3o-SP. Ao final do Congresso, as professoras seguem em viagem de trabalho e pesquisa, permanecendo de 01 a 07 de dezembro em Paris\/Fran\u00e7a para cumprir agenda junto ao ITEM (Institut de Textes et Manuscrits Contemporains). Para tanto, est\u00e1 preparada a seguinte programa\u00e7\u00e3o: tratativas para formaliza\u00e7\u00e3o de projeto de pesquisa conjunto entre o Laborat\u00f3rio Corpus e o Instituto de Textos e Manuscritos Modernos (ITEM-CNRS), coordenado pela pesquisadora Ir\u00e8ne Fenoglio, bem como a apresenta\u00e7\u00e3o dos resultados de pesquisa dos dois grupos envolvidos; avalia\u00e7\u00e3o das a\u00e7\u00f5es j\u00e1 realizadas e em desenvolvimento (est\u00e1gio doutoral, confer\u00eancias, publica\u00e7\u00f5es, etc.); e protocolo de inten\u00e7\u00f5es de formaliza\u00e7\u00e3o de conv\u00eanio interinstitucional.  &nbsp;  &nbsp;<\/p>\n","protected":false},"excerpt":{"rendered":"<p>As professoras Amanda Scherer e Verli Petri, do Laborat\u00f3rio Corpus \u0096 PPGL\/UFSM, ministraram uma Aula Magna na Universidade de Cadiz, na Espanha, no\u00a0Xe CONGR\u00c8S INTERNATIONAL DE LINGUISTIQUE FRAN\u00c7AISE (CILF) que aconteceu de 27 a 29 de novembro. &nbsp; A Aula Magna intitulada \u0093La place des \u00e9tudes fran\u00e7aises dans la constituiton du disciplinare br\u00e9silien et l\u0092analyse [&hellip;]<\/p>\n","protected":false},"author":8,"featured_media":0,"comment_status":"closed","ping_status":"closed","sticky":false,"template":"","format":"standard","meta":{"footnotes":""},"categories":[11],"tags":[],"class_list":["post-777","post","type-post","status-publish","format-standard","hentry","category-noticias"],"acf":[],"_links":{"self":[{"href":"https:\/\/www.ufsm.br\/laboratorios\/corpus\/wp-json\/wp\/v2\/posts\/777","targetHints":{"allow":["GET"]}}],"collection":[{"href":"https:\/\/www.ufsm.br\/laboratorios\/corpus\/wp-json\/wp\/v2\/posts"}],"about":[{"href":"https:\/\/www.ufsm.br\/laboratorios\/corpus\/wp-json\/wp\/v2\/types\/post"}],"author":[{"embeddable":true,"href":"https:\/\/www.ufsm.br\/laboratorios\/corpus\/wp-json\/wp\/v2\/users\/8"}],"replies":[{"embeddable":true,"href":"https:\/\/www.ufsm.br\/laboratorios\/corpus\/wp-json\/wp\/v2\/comments?post=777"}],"version-history":[{"count":0,"href":"https:\/\/www.ufsm.br\/laboratorios\/corpus\/wp-json\/wp\/v2\/posts\/777\/revisions"}],"wp:attachment":[{"href":"https:\/\/www.ufsm.br\/laboratorios\/corpus\/wp-json\/wp\/v2\/media?parent=777"}],"wp:term":[{"taxonomy":"category","embeddable":true,"href":"https:\/\/www.ufsm.br\/laboratorios\/corpus\/wp-json\/wp\/v2\/categories?post=777"},{"taxonomy":"post_tag","embeddable":true,"href":"https:\/\/www.ufsm.br\/laboratorios\/corpus\/wp-json\/wp\/v2\/tags?post=777"}],"curies":[{"name":"wp","href":"https:\/\/api.w.org\/{rel}","templated":true}]}}