{"id":779,"date":"2014-01-23T18:53:13","date_gmt":"2014-01-23T20:53:13","guid":{"rendered":"https:\/\/www.ufsm.br\/laboratorios\/corpus\/2014\/01\/23\/2741-aula-inaugural-da-pos-graduacao-na-unipampa\/"},"modified":"2014-01-23T18:53:13","modified_gmt":"2014-01-23T20:53:13","slug":"2741-aula-inaugural-da-pos-graduacao-na-unipampa","status":"publish","type":"post","link":"https:\/\/www.ufsm.br\/laboratorios\/corpus\/2014\/01\/23\/2741-aula-inaugural-da-pos-graduacao-na-unipampa","title":{"rendered":"Aula Inaugural da p\u00f3s-gradua\u00e7\u00e3o na UNIPAMPA"},"content":{"rendered":"<p>A professora Amanda E. Scherer, coordenadora do Laborat\u00f3rio Corpus (PPGL\/UFSM), participa hoje, dia 23 de janeiro, da solenidade inaugural do Curso de P\u00f3s-Gradua\u00e7\u00e3o \u0096 Mestrado Profissional em Ensino de L\u00ednguas \u0096 da Universidade Federal do Pampa (Unipampa), proferindo a Aula Inaugural intitulada \u0093<em>Teoria e Pr\u00e1tica: a grande valia na forma\u00e7\u00e3o do pesquisador\u0094<\/em>.  O evento acontece no audit\u00f3rio do Campus Bag\u00e9, \u00e0s 14h e30min, e \u00e9 aberto ao p\u00fablico em geral. <!--more--> A professora Amanda E. Scherer, coordenadora do Laborat\u00f3rio Corpus (PPGL\/UFSM), participa hoje, dia 23 de janeiro, da solenidade inaugural do Curso de P\u00f3s-Gradua\u00e7\u00e3o \u0096 Mestrado Profissional em Ensino de L\u00ednguas \u0096 da Universidade Federal do Pampa (Unipampa), proferindo a Aula Inaugural intitulada \u0093<em>Teoria e Pr\u00e1tica: a grande valia na forma\u00e7\u00e3o do pesquisador\u0094<\/em>.  O evento acontece no audit\u00f3rio do Campus Bag\u00e9, \u00e0s 14h e30min, e \u00e9 aberto ao p\u00fablico em geral.<\/p>\n","protected":false},"excerpt":{"rendered":"<p>A professora Amanda E. Scherer, coordenadora do Laborat\u00f3rio Corpus (PPGL\/UFSM), participa hoje, dia 23 de janeiro, da solenidade inaugural do Curso de P\u00f3s-Gradua\u00e7\u00e3o \u0096 Mestrado Profissional em Ensino de L\u00ednguas \u0096 da Universidade Federal do Pampa (Unipampa), proferindo a Aula Inaugural intitulada \u0093Teoria e Pr\u00e1tica: a grande valia na forma\u00e7\u00e3o do pesquisador\u0094. O evento acontece [&hellip;]<\/p>\n","protected":false},"author":8,"featured_media":0,"comment_status":"closed","ping_status":"closed","sticky":false,"template":"","format":"standard","meta":{"footnotes":""},"categories":[11],"tags":[],"class_list":["post-779","post","type-post","status-publish","format-standard","hentry","category-noticias"],"acf":[],"_links":{"self":[{"href":"https:\/\/www.ufsm.br\/laboratorios\/corpus\/wp-json\/wp\/v2\/posts\/779","targetHints":{"allow":["GET"]}}],"collection":[{"href":"https:\/\/www.ufsm.br\/laboratorios\/corpus\/wp-json\/wp\/v2\/posts"}],"about":[{"href":"https:\/\/www.ufsm.br\/laboratorios\/corpus\/wp-json\/wp\/v2\/types\/post"}],"author":[{"embeddable":true,"href":"https:\/\/www.ufsm.br\/laboratorios\/corpus\/wp-json\/wp\/v2\/users\/8"}],"replies":[{"embeddable":true,"href":"https:\/\/www.ufsm.br\/laboratorios\/corpus\/wp-json\/wp\/v2\/comments?post=779"}],"version-history":[{"count":0,"href":"https:\/\/www.ufsm.br\/laboratorios\/corpus\/wp-json\/wp\/v2\/posts\/779\/revisions"}],"wp:attachment":[{"href":"https:\/\/www.ufsm.br\/laboratorios\/corpus\/wp-json\/wp\/v2\/media?parent=779"}],"wp:term":[{"taxonomy":"category","embeddable":true,"href":"https:\/\/www.ufsm.br\/laboratorios\/corpus\/wp-json\/wp\/v2\/categories?post=779"},{"taxonomy":"post_tag","embeddable":true,"href":"https:\/\/www.ufsm.br\/laboratorios\/corpus\/wp-json\/wp\/v2\/tags?post=779"}],"curies":[{"name":"wp","href":"https:\/\/api.w.org\/{rel}","templated":true}]}}