{"id":788,"date":"2014-04-29T08:18:45","date_gmt":"2014-04-29T11:18:45","guid":{"rendered":"https:\/\/www.ufsm.br\/laboratorios\/corpus\/2014\/04\/29\/2870-conversa-com-pesquisador-jose-horta-nunes\/"},"modified":"2014-04-29T08:18:45","modified_gmt":"2014-04-29T11:18:45","slug":"2870-conversa-com-pesquisador-jose-horta-nunes","status":"publish","type":"post","link":"https:\/\/www.ufsm.br\/laboratorios\/corpus\/2014\/04\/29\/2870-conversa-com-pesquisador-jose-horta-nunes","title":{"rendered":"Conversa com pesquisador Jos\u00e9 Horta Nunes?"},"content":{"rendered":"<p>  Os integrantes do Laborat\u00f3rio Corpus, na tarde do dia 28 de abril, receberam o Prof. Dr. Jos\u00e9 Horta Nunes, do Labeurb\/UNICAMP, para mais uma edi\u00e7\u00e3o do evento &#8220;Conversa com Pesquisador&#8221;. O evento aconteceu nas depend\u00eancias do Laborat\u00f3rio e contou com a presen\u00e7a de professores, p\u00f3s-doutorandos, doutorandos, mestrandos e alunos de Inicia\u00e7\u00e3o Cient\u00edfica. Na oportunidade, Horta Nunes falou de seus projetos atuais e de como o Laborat\u00f3rio Corpus tem um papel fundamental nas pesquisas que se desenvolvem atualmente em An\u00e1lise de Discurso e Hist\u00f3ria das Ideias Lingu\u00edsticas no Brasil. <!--more-->   Os integrantes do Laborat\u00f3rio Corpus, na tarde do dia 28 de abril, receberam o Prof. Dr. Jos\u00e9 Horta Nunes, do Labeurb\/UNICAMP, para mais uma edi\u00e7\u00e3o do evento &#8220;Conversa com Pesquisador&#8221;. O evento aconteceu nas depend\u00eancias do Laborat\u00f3rio e contou com a presen\u00e7a de professores, p\u00f3s-doutorandos, doutorandos, mestrandos e alunos de Inicia\u00e7\u00e3o Cient\u00edfica. Na oportunidade, Horta Nunes falou de seus projetos atuais e de como o Laborat\u00f3rio Corpus tem um papel fundamental nas pesquisas que se desenvolvem atualmente em An\u00e1lise de Discurso e Hist\u00f3ria das Ideias Lingu\u00edsticas no Brasil.<\/p>\n","protected":false},"excerpt":{"rendered":"<p>Os integrantes do Laborat\u00f3rio Corpus, na tarde do dia 28 de abril, receberam o Prof. Dr. Jos\u00e9 Horta Nunes, do Labeurb\/UNICAMP, para mais uma edi\u00e7\u00e3o do evento &#8220;Conversa com Pesquisador&#8221;. O evento aconteceu nas depend\u00eancias do Laborat\u00f3rio e contou com a presen\u00e7a de professores, p\u00f3s-doutorandos, doutorandos, mestrandos e alunos de Inicia\u00e7\u00e3o Cient\u00edfica. Na oportunidade, Horta [&hellip;]<\/p>\n","protected":false},"author":8,"featured_media":0,"comment_status":"closed","ping_status":"closed","sticky":false,"template":"","format":"standard","meta":{"footnotes":""},"categories":[11],"tags":[],"class_list":["post-788","post","type-post","status-publish","format-standard","hentry","category-noticias"],"acf":[],"_links":{"self":[{"href":"https:\/\/www.ufsm.br\/laboratorios\/corpus\/wp-json\/wp\/v2\/posts\/788","targetHints":{"allow":["GET"]}}],"collection":[{"href":"https:\/\/www.ufsm.br\/laboratorios\/corpus\/wp-json\/wp\/v2\/posts"}],"about":[{"href":"https:\/\/www.ufsm.br\/laboratorios\/corpus\/wp-json\/wp\/v2\/types\/post"}],"author":[{"embeddable":true,"href":"https:\/\/www.ufsm.br\/laboratorios\/corpus\/wp-json\/wp\/v2\/users\/8"}],"replies":[{"embeddable":true,"href":"https:\/\/www.ufsm.br\/laboratorios\/corpus\/wp-json\/wp\/v2\/comments?post=788"}],"version-history":[{"count":0,"href":"https:\/\/www.ufsm.br\/laboratorios\/corpus\/wp-json\/wp\/v2\/posts\/788\/revisions"}],"wp:attachment":[{"href":"https:\/\/www.ufsm.br\/laboratorios\/corpus\/wp-json\/wp\/v2\/media?parent=788"}],"wp:term":[{"taxonomy":"category","embeddable":true,"href":"https:\/\/www.ufsm.br\/laboratorios\/corpus\/wp-json\/wp\/v2\/categories?post=788"},{"taxonomy":"post_tag","embeddable":true,"href":"https:\/\/www.ufsm.br\/laboratorios\/corpus\/wp-json\/wp\/v2\/tags?post=788"}],"curies":[{"name":"wp","href":"https:\/\/api.w.org\/{rel}","templated":true}]}}