{"id":804,"date":"2014-06-30T19:50:29","date_gmt":"2014-06-30T22:50:29","guid":{"rendered":"https:\/\/www.ufsm.br\/laboratorios\/corpus\/2014\/06\/30\/3049-professora-doutoranda-estara-na-universidade-de-aveiro-em-portugal\/"},"modified":"2014-06-30T19:50:29","modified_gmt":"2014-06-30T22:50:29","slug":"3049-professora-doutoranda-estara-na-universidade-de-aveiro-em-portugal","status":"publish","type":"post","link":"https:\/\/www.ufsm.br\/laboratorios\/corpus\/2014\/06\/30\/3049-professora-doutoranda-estara-na-universidade-de-aveiro-em-portugal","title":{"rendered":"Professora  Doutoranda estar\u00e1 na Universidade de Aveiro em Portugal."},"content":{"rendered":"<p>&nbsp; Durante o m\u00eas de julho, a Professora &nbsp;Doutoranda Ieda Linck&nbsp;(UNICRUZ-UFSM\/Laborat\u00f3rio Corpus), &nbsp;estar\u00e1 na Universidade de Aveiro &#8211; Portugal, sob a tutoria das professoras Doutoras Ana Isabel Andrade e&nbsp; Clara Ferr\u00e3o Tavares, que trabalham a quest\u00e3o&nbsp;da identidade e conhecimento profissional na forma\u00e7\u00e3o de professores de l\u00ednguas, tema que&nbsp;ter\u00e1 relevantes &nbsp;contribui\u00e7\u00f5es para o&nbsp;aprofundamento &nbsp;da&nbsp; pesquisa&nbsp;que,&nbsp;sob a orienta\u00e7\u00e3o da Dr\u00aa Amanda Scherer, &nbsp;trata sobre o&nbsp;imagin\u00e1rio&nbsp;do sujeito professor nos documentos oficiais. Nesse interc\u00e2mbio, buscar-se-\u00e1 compreender o discurso sobre o professor no seu processo de forma\u00e7\u00e3o em ambos os pa\u00edses. A (n\u00e3o)reprodu\u00e7\u00e3o do imagin\u00e1rio lingu\u00edstico profissional dos docentes depende de um trabalho em torno da sua forma\u00e7\u00e3o pol\u00edtica, para a qual o ideol\u00f3gico \u00e9 constitutivo.&nbsp;Com esse di\u00e1logo, pretende-se pensar algumas linhas de a\u00e7\u00e3o para o desenvolvimento de pr\u00e1ticas de forma\u00e7\u00e3o potenciadoras de processos de reconstru\u00e7\u00e3o pessoal e profissional do sujeito-professor.<\/p>\n<p>  <!--more-->  <\/p>\n<p>&nbsp;<\/p>\n","protected":false},"excerpt":{"rendered":"<p>&nbsp; Durante o m\u00eas de julho, a Professora &nbsp;Doutoranda Ieda Linck&nbsp;(UNICRUZ-UFSM\/Laborat\u00f3rio Corpus), &nbsp;estar\u00e1 na Universidade de Aveiro &#8211; Portugal, sob a tutoria das professoras Doutoras Ana Isabel Andrade e&nbsp; Clara Ferr\u00e3o Tavares, que trabalham a quest\u00e3o&nbsp;da identidade e conhecimento profissional na forma\u00e7\u00e3o de professores de l\u00ednguas, tema que&nbsp;ter\u00e1 relevantes &nbsp;contribui\u00e7\u00f5es para o&nbsp;aprofundamento &nbsp;da&nbsp; pesquisa&nbsp;que,&nbsp;sob a [&hellip;]<\/p>\n","protected":false},"author":8,"featured_media":0,"comment_status":"closed","ping_status":"closed","sticky":false,"template":"","format":"standard","meta":{"footnotes":""},"categories":[11],"tags":[],"class_list":["post-804","post","type-post","status-publish","format-standard","hentry","category-noticias"],"acf":[],"_links":{"self":[{"href":"https:\/\/www.ufsm.br\/laboratorios\/corpus\/wp-json\/wp\/v2\/posts\/804","targetHints":{"allow":["GET"]}}],"collection":[{"href":"https:\/\/www.ufsm.br\/laboratorios\/corpus\/wp-json\/wp\/v2\/posts"}],"about":[{"href":"https:\/\/www.ufsm.br\/laboratorios\/corpus\/wp-json\/wp\/v2\/types\/post"}],"author":[{"embeddable":true,"href":"https:\/\/www.ufsm.br\/laboratorios\/corpus\/wp-json\/wp\/v2\/users\/8"}],"replies":[{"embeddable":true,"href":"https:\/\/www.ufsm.br\/laboratorios\/corpus\/wp-json\/wp\/v2\/comments?post=804"}],"version-history":[{"count":0,"href":"https:\/\/www.ufsm.br\/laboratorios\/corpus\/wp-json\/wp\/v2\/posts\/804\/revisions"}],"wp:attachment":[{"href":"https:\/\/www.ufsm.br\/laboratorios\/corpus\/wp-json\/wp\/v2\/media?parent=804"}],"wp:term":[{"taxonomy":"category","embeddable":true,"href":"https:\/\/www.ufsm.br\/laboratorios\/corpus\/wp-json\/wp\/v2\/categories?post=804"},{"taxonomy":"post_tag","embeddable":true,"href":"https:\/\/www.ufsm.br\/laboratorios\/corpus\/wp-json\/wp\/v2\/tags?post=804"}],"curies":[{"name":"wp","href":"https:\/\/api.w.org\/{rel}","templated":true}]}}