{"id":814,"date":"2014-08-02T14:00:00","date_gmt":"2014-08-02T17:00:00","guid":{"rendered":"https:\/\/www.ufsm.br\/laboratorios\/corpus\/2014\/08\/02\/3150-integrante-do-laboratorio-corpus-apresenta-trabalho-na-reuniao-anual-da-sbpc\/"},"modified":"2014-08-02T14:00:00","modified_gmt":"2014-08-02T17:00:00","slug":"3150-integrante-do-laboratorio-corpus-apresenta-trabalho-na-reuniao-anual-da-sbpc","status":"publish","type":"post","link":"https:\/\/www.ufsm.br\/laboratorios\/corpus\/2014\/08\/02\/3150-integrante-do-laboratorio-corpus-apresenta-trabalho-na-reuniao-anual-da-sbpc","title":{"rendered":"Integrante do Laborat\u00f3rio Corpus apresenta trabalho na Reuni\u00e3o Anual da SBPC"},"content":{"rendered":"<p>&nbsp;  Durante os dias 22 a 27 de julho, a graduanda Luiza Bo\u00e9zzio Greff, formanda do curso de Letras Portugu\u00eas e integrante do Laborat\u00f3rio Corpus, orientada pela Prof\u00aa. Amanda Scherer, participou da 66\u00aa Reuni\u00e3o Anual da Sociedade Brasileira para o Progresso da Ci\u00eancia, realizada na Universidade Federal do Acre, na cidade de Rio Branco. A participa\u00e7\u00e3o da aluna, apresentando o trabalho \u0093Quarto de Despejo \u0096 di\u00e1rio de uma favelada: discurso e mem\u00f3ria social\u0094 na 66\u00aa SBPC se deve ao pr\u00eamio \u009340 melhores JAI\u0094 recebido em 2013.  &nbsp;  O evento, realizado no campus da UFAC, recebeu alunos de gradua\u00e7\u00e3o e p\u00f3s-gradua\u00e7\u00e3o, professores, representantes pol\u00edticos, alunos de ensino b\u00e1sico, l\u00edderes de comunidades ind\u00edgenas, artes\u00e3os, artistas. A comunidade acreana foi convidada a participar da programa\u00e7\u00e3o cultural e cient\u00edfica, aberta ao p\u00fablico. A programa\u00e7\u00e3o dividia-se na programa\u00e7\u00e3o cient\u00edfica da SBPC, SPBC Jovem, SBPC Mirim, ExpoT&amp;c, SBPC Cultural e, especialmente neste ano, por ser realizada no estado do Acre, a SBPC contou tamb\u00e9m com as programa\u00e7\u00f5es Dia da Fam\u00edlia na Ci\u00eancia, SBPC Extrativista e SBPC Ind\u00edgena.  &nbsp;  <a href=\"http:\/\/corpus.ufsm.br\/wp-content\/uploads\/2014\/08\/ss.jpg\"><img fetchpriority=\"high\" decoding=\"async\" class=\"aligncenter  wp-image-3151\" title=\"ss\" src=\"http:\/\/corpus.ufsm.br\/wp-content\/uploads\/2014\/08\/ss-1024x767.jpg\" alt=\"\" width=\"447\" height=\"335\" \/><\/a>  (Foto acima: Apresenta\u00e7\u00e3o do trabalho no campus da UFAC, di\u00e1logo com estudantes de Letras da UFAM).  &nbsp;  O evento foi uma surpresa at\u00e9 mesmo para os organizadores: foram 6.531 inscritos para participar das quase duzentas atividades da SBPC (minicursos, confer\u00eancias, debates, mesas-redondas, encontros, sess\u00f5es especiais), isso sem contar o p\u00fablico local, que circulou durante todos os dias pelo campus da UFAC, participando ativamente da programa\u00e7\u00e3o cultural e demais atividades (foram aproximadamente dez mil pessoas circulando diariamente pelo campus).  &nbsp;  Para Luiza: \u0093O evento foi incr\u00edvel. Tive oportunidade de conhecer estudantes, professores e pesquisadores de v\u00e1rios lugares do pa\u00eds, falar sobre nossos trabalhos, sobre os diferentes curr\u00edculos, sobre o que nos motiva a continuar estudando. Conheci a cidade, conheci o povo da cidade, viver uma semana como eles vivem, isso n\u00e3o tem pre\u00e7o. E para tornar tudo ainda mais inesquec\u00edvel, tive oportunidade, com a SBPC ind\u00edgena, de conhecer representantes de diversas tribos que s\u00e3o estudantes, professores, l\u00edderes de organiza\u00e7\u00f5es, xam\u00e3s, parteiras&#8230; A SBPC me mudou como acad\u00eamica, como futura profissional e como pessoa.\u0094  &nbsp;  <a href=\"http:\/\/corpus.ufsm.br\/wp-content\/uploads\/2014\/08\/jj.jpg\"><img decoding=\"async\" class=\"aligncenter  wp-image-3155\" title=\"jj\" src=\"http:\/\/corpus.ufsm.br\/wp-content\/uploads\/2014\/08\/jj-1024x767.jpg\" alt=\"\" width=\"435\" height=\"325\" \/><\/a>  (Na foto acima: Pintura corporal com tinta feita de Jenipapo por uma representante dos \u00edndios Shanewana)  &nbsp;  <a href=\"http:\/\/corpus.ufsm.br\/wp-content\/uploads\/2014\/08\/Luiza-ritual.jpg\"><img decoding=\"async\" class=\"aligncenter  wp-image-3179\" title=\"Luiza ritual\" src=\"http:\/\/corpus.ufsm.br\/wp-content\/uploads\/2014\/08\/Luiza-ritual.jpg\" alt=\"\" width=\"480\" height=\"319\" \/><\/a>  (Na foto acima: Luiza participa de ritual dos \u00edndios Shanewana acrescentando em suas viv\u00eancias)  &nbsp;  <a href=\"http:\/\/corpus.ufsm.br\/wp-content\/uploads\/2014\/08\/Luiza-dan\u00e7a..jpg\"><img loading=\"lazy\" decoding=\"async\" class=\"aligncenter  wp-image-3181\" title=\"Luiza dan\u00e7a.\" src=\"http:\/\/corpus.ufsm.br\/wp-content\/uploads\/2014\/08\/Luiza-dan\u00e7a..jpg\" alt=\"\" width=\"496\" height=\"329\" \/><\/a>  (Na foto acima: Dan\u00e7a t\u00edpica dos \u00edndios Shanewana) <!--more--> &nbsp;  Durante os dias 22 a 27 de julho, a graduanda Luiza Bo\u00e9zzio Greff, formanda do curso de Letras Portugu\u00eas e integrante do Laborat\u00f3rio Corpus, orientada pela Prof\u00aa. Amanda Scherer, participou da 66\u00aa Reuni\u00e3o Anual da Sociedade Brasileira para o Progresso da Ci\u00eancia, realizada na Universidade Federal do Acre, na cidade de Rio Branco. A participa\u00e7\u00e3o da aluna, apresentando o trabalho \u0093Quarto de Despejo \u0096 di\u00e1rio de uma favelada: discurso e mem\u00f3ria social\u0094 na 66\u00aa SBPC se deve ao pr\u00eamio \u009340 melhores JAI\u0094 recebido em 2013.  &nbsp;  O evento, realizado no campus da UFAC, recebeu alunos de gradua\u00e7\u00e3o e p\u00f3s-gradua\u00e7\u00e3o, professores, representantes pol\u00edticos, alunos de ensino b\u00e1sico, l\u00edderes de comunidades ind\u00edgenas, artes\u00e3os, artistas. A comunidade acreana foi convidada a participar da programa\u00e7\u00e3o cultural e cient\u00edfica, aberta ao p\u00fablico. A programa\u00e7\u00e3o dividia-se na programa\u00e7\u00e3o cient\u00edfica da SBPC, SPBC Jovem, SBPC Mirim, ExpoT&amp;c, SBPC Cultural e, especialmente neste ano, por ser realizada no estado do Acre, a SBPC contou tamb\u00e9m com as programa\u00e7\u00f5es Dia da Fam\u00edlia na Ci\u00eancia, SBPC Extrativista e SBPC Ind\u00edgena.  &nbsp;  <a href=\"http:\/\/corpus.ufsm.br\/wp-content\/uploads\/2014\/08\/ss.jpg\"><img fetchpriority=\"high\" decoding=\"async\" class=\"aligncenter  wp-image-3151\" title=\"ss\" src=\"http:\/\/corpus.ufsm.br\/wp-content\/uploads\/2014\/08\/ss-1024x767.jpg\" alt=\"\" width=\"447\" height=\"335\" \/><\/a>  (Foto acima: Apresenta\u00e7\u00e3o do trabalho no campus da UFAC, di\u00e1logo com estudantes de Letras da UFAM).  &nbsp;  O evento foi uma surpresa at\u00e9 mesmo para os organizadores: foram 6.531 inscritos para participar das quase duzentas atividades da SBPC (minicursos, confer\u00eancias, debates, mesas-redondas, encontros, sess\u00f5es especiais), isso sem contar o p\u00fablico local, que circulou durante todos os dias pelo campus da UFAC, participando ativamente da programa\u00e7\u00e3o cultural e demais atividades (foram aproximadamente dez mil pessoas circulando diariamente pelo campus).  &nbsp;  Para Luiza: \u0093O evento foi incr\u00edvel. Tive oportunidade de conhecer estudantes, professores e pesquisadores de v\u00e1rios lugares do pa\u00eds, falar sobre nossos trabalhos, sobre os diferentes curr\u00edculos, sobre o que nos motiva a continuar estudando. Conheci a cidade, conheci o povo da cidade, viver uma semana como eles vivem, isso n\u00e3o tem pre\u00e7o. E para tornar tudo ainda mais inesquec\u00edvel, tive oportunidade, com a SBPC ind\u00edgena, de conhecer representantes de diversas tribos que s\u00e3o estudantes, professores, l\u00edderes de organiza\u00e7\u00f5es, xam\u00e3s, parteiras&#8230; A SBPC me mudou como acad\u00eamica, como futura profissional e como pessoa.\u0094  &nbsp;  <a href=\"http:\/\/corpus.ufsm.br\/wp-content\/uploads\/2014\/08\/jj.jpg\"><img decoding=\"async\" class=\"aligncenter  wp-image-3155\" title=\"jj\" src=\"http:\/\/corpus.ufsm.br\/wp-content\/uploads\/2014\/08\/jj-1024x767.jpg\" alt=\"\" width=\"435\" height=\"325\" \/><\/a>  (Na foto acima: Pintura corporal com tinta feita de Jenipapo por uma representante dos \u00edndios Shanewana)  &nbsp;  <a href=\"http:\/\/corpus.ufsm.br\/wp-content\/uploads\/2014\/08\/Luiza-ritual.jpg\"><img decoding=\"async\" class=\"aligncenter  wp-image-3179\" title=\"Luiza ritual\" src=\"http:\/\/corpus.ufsm.br\/wp-content\/uploads\/2014\/08\/Luiza-ritual.jpg\" alt=\"\" width=\"480\" height=\"319\" \/><\/a>  (Na foto acima: Luiza participa de ritual dos \u00edndios Shanewana acrescentando em suas viv\u00eancias)  &nbsp;  <a href=\"http:\/\/corpus.ufsm.br\/wp-content\/uploads\/2014\/08\/Luiza-dan\u00e7a..jpg\"><img loading=\"lazy\" decoding=\"async\" class=\"aligncenter  wp-image-3181\" title=\"Luiza dan\u00e7a.\" src=\"http:\/\/corpus.ufsm.br\/wp-content\/uploads\/2014\/08\/Luiza-dan\u00e7a..jpg\" alt=\"\" width=\"496\" height=\"329\" \/><\/a>  (Na foto acima: Dan\u00e7a t\u00edpica dos \u00edndios Shanewana)<\/p>\n","protected":false},"excerpt":{"rendered":"<p>&nbsp; Durante os dias 22 a 27 de julho, a graduanda Luiza Bo\u00e9zzio Greff, formanda do curso de Letras Portugu\u00eas e integrante do Laborat\u00f3rio Corpus, orientada pela Prof\u00aa. Amanda Scherer, participou da 66\u00aa Reuni\u00e3o Anual da Sociedade Brasileira para o Progresso da Ci\u00eancia, realizada na Universidade Federal do Acre, na cidade de Rio Branco. A [&hellip;]<\/p>\n","protected":false},"author":8,"featured_media":0,"comment_status":"closed","ping_status":"closed","sticky":false,"template":"","format":"standard","meta":{"footnotes":""},"categories":[11],"tags":[],"class_list":["post-814","post","type-post","status-publish","format-standard","hentry","category-noticias"],"acf":[],"_links":{"self":[{"href":"https:\/\/www.ufsm.br\/laboratorios\/corpus\/wp-json\/wp\/v2\/posts\/814","targetHints":{"allow":["GET"]}}],"collection":[{"href":"https:\/\/www.ufsm.br\/laboratorios\/corpus\/wp-json\/wp\/v2\/posts"}],"about":[{"href":"https:\/\/www.ufsm.br\/laboratorios\/corpus\/wp-json\/wp\/v2\/types\/post"}],"author":[{"embeddable":true,"href":"https:\/\/www.ufsm.br\/laboratorios\/corpus\/wp-json\/wp\/v2\/users\/8"}],"replies":[{"embeddable":true,"href":"https:\/\/www.ufsm.br\/laboratorios\/corpus\/wp-json\/wp\/v2\/comments?post=814"}],"version-history":[{"count":0,"href":"https:\/\/www.ufsm.br\/laboratorios\/corpus\/wp-json\/wp\/v2\/posts\/814\/revisions"}],"wp:attachment":[{"href":"https:\/\/www.ufsm.br\/laboratorios\/corpus\/wp-json\/wp\/v2\/media?parent=814"}],"wp:term":[{"taxonomy":"category","embeddable":true,"href":"https:\/\/www.ufsm.br\/laboratorios\/corpus\/wp-json\/wp\/v2\/categories?post=814"},{"taxonomy":"post_tag","embeddable":true,"href":"https:\/\/www.ufsm.br\/laboratorios\/corpus\/wp-json\/wp\/v2\/tags?post=814"}],"curies":[{"name":"wp","href":"https:\/\/api.w.org\/{rel}","templated":true}]}}