{"id":833,"date":"2014-10-23T10:28:15","date_gmt":"2014-10-23T12:28:15","guid":{"rendered":"https:\/\/www.ufsm.br\/laboratorios\/corpus\/2014\/10\/23\/3477-%c2%93laboratorios-em-cooperacao%c2%94-comeca-em-niteroi-com-participacao-de-representantes-da-comunidade-universitaria-da-ufsm\/"},"modified":"2014-10-23T10:28:15","modified_gmt":"2014-10-23T12:28:15","slug":"3477-%c2%93laboratorios-em-cooperacao%c2%94-comeca-em-niteroi-com-participacao-de-representantes-da-comunidade-universitaria-da-ufsm","status":"publish","type":"post","link":"https:\/\/www.ufsm.br\/laboratorios\/corpus\/2014\/10\/23\/3477-%c2%93laboratorios-em-cooperacao%c2%94-comeca-em-niteroi-com-participacao-de-representantes-da-comunidade-universitaria-da-ufsm","title":{"rendered":"\u0093Laborat\u00f3rios em Coopera\u00e7\u00e3o\u0094 come\u00e7a em Niter\u00f3i com participa\u00e7\u00e3o de representantes da comunidade universit\u00e1ria da UFSM"},"content":{"rendered":"<p>&nbsp;  <a href=\"http:\/\/corpus.ufsm.br\/wp-content\/uploads\/2014\/10\/Laboratorios-e-coopera\u00e7ao-niteroi.jpg\"><img fetchpriority=\"high\" decoding=\"async\" class=\"aligncenter  wp-image-3478\" title=\"Laboratorios e coopera\u00e7ao niteroi\" src=\"http:\/\/corpus.ufsm.br\/wp-content\/uploads\/2014\/10\/Laboratorios-e-coopera\u00e7ao-niteroi-1024x681.jpg\" alt=\"\" width=\"474\" height=\"315\" \/><\/a>  &nbsp;  Nesta segunda, dia 20, na cidade de Niter\u00f3i, RJ, teve in\u00edcio o primeiro de tr\u00eas encontros que acontecem esta semana durante o evento \u0093<a href=\"https:\/\/www.facebook.com\/events\/895489223813079\/?ref=73&amp;source=1\">Laborat\u00f3rios em Coopera\u00e7\u00e3o: Rela\u00e7\u00f5es entre Brasil e Fran\u00e7a<\/a>\u0094. O evento re\u00fane pesquisadores brasileiros e estrangeiros de quatro laborat\u00f3rios (tr\u00eas do Brasil e um da Fran\u00e7a) que est\u00e3o envolvidos com o campo da Hist\u00f3ria das Ideias Lingu\u00edsticas e que planejaram intensa programa\u00e7\u00e3o com participa\u00e7\u00e3o em discuss\u00f5es na sede de cada um dos tr\u00eas laborat\u00f3rios brasileiros envolvidos.  &nbsp;  Representando a Universidade Federal de Santa Maria (UFSM), participaram deste primeiro encontro as professoras do Centro de Artes e Letras (CAL) da UFSM Amanda Eloina Scherer e Verli Petri (Programa de P\u00f3s-Gradua\u00e7\u00e3o em Letras do Centro de Artes e Letras \u00a0da UFSM). As professoras do Laborat\u00f3rio Corpus participam do evento n\u00e3o apenas como palestrantes mas tamb\u00e9m como organizadoras do evento. Al\u00e9m das professoras, viajaram para o estado do Rio a p\u00f3s-doutoranda (bolsista DOCFIX) Caroline Mallmann Schneiders (do Laborat\u00f3rio Corpus-PPGLetras\/UFSM) e os acad\u00eamicos de Letras da UFSM que s\u00e3o parte do Grupo PET Letras &#8211; Programa de Educa\u00e7\u00e3o Tutorial.  &nbsp;  A parceria para a realiza\u00e7\u00e3o do evento envolve n\u00e3o apenas a Universidade Federal de Santa Maria (Santa Maria, RS), representada pelo Laborat\u00f3rio Corpus, como tamb\u00e9m a Universidade Federal Fluminense (Niter\u00f3i, RJ), com o LAS \u0096 Laborat\u00f3rio Arquivos do Sujeito; a Universidade de S\u00e3o Paulo \/ Faculdade de Filosofia, Ci\u00eancias e Letras de Ribeir\u00e3o Preto, FFCLRP (Ribeir\u00e3o Preto, SP), com o E-l@dis &#8211; Laborat\u00f3rio Discursivo: sujeito, rede eletr\u00f4nica e sentidos em movimento; e a Universit\u00e9 Sorbonne Nouvelle \u0096 Paris 3 (Paris, Fran\u00e7a), com o Laboratoire d&#8217;Histoire des Th\u00e9ories Linguistiques.  &nbsp;  O \u0093Laborat\u00f3rios em Coopera\u00e7\u00e3o\u0094 foi concebido pensando nas a\u00e7\u00f5es promovidas pelo Laborat\u00f3rio Corpus, da UFSM, e de sua pol\u00edtica de internacionaliza\u00e7\u00e3o. Este olhar para o exterior prev\u00ea a\u00a0forma\u00e7\u00e3o de jovens pesquisadores com est\u00e1gios de doutorado em outros pa\u00edses, bem como miss\u00f5es de trabalho, semin\u00e1rios de pesquisa internos e externos e, agora, a formaliza\u00e7\u00e3o de um projeto nacional e internacional sobre a hist\u00f3ria do conhecimento lingu\u00edstico e seu disciplinar na contemporaneidade. Junto a essa perspectiva internacional, destaca-se a proposta de cria\u00e7\u00e3o de um Centro de Documenta\u00e7\u00e3o e Mem\u00f3ria na UFSM em conson\u00e2ncia o projeto Europeu de digitaliza\u00e7\u00e3o e consulta de todas gram\u00e1ticas francesas para o estudo de sua hist\u00f3ria.  &nbsp;  Nesta quarta, 22, o evento est\u00e1 acontecendo em Ribeir\u00e3o Preto, SP, onde se somam ao grupo de Santa Maria as tamb\u00e9m professoras do CAL\/UFSM Larissa M. Cervo e Tais S. Martins. A comitiva de professores, pesquisadores e estudantes santa-marienses retorna na quinta, acompanhada dos professores da Sorbonne Nouvelle Christian Puech e Jean-Marie Fournier, e das professoras brasileiras Luc\u00edlia Sousa (FFCLRP\/USP), Silmara Dela Silva e Vanise Medeiros (UFF).  &nbsp;  Na sexta, 24, as atividades acontecem no campus da Universidade Federal de Santa Maria (UFSM), junto ao Laborat\u00f3rio Corpus (PPGLetras\/CAL) quando ser\u00e1 discutido e planejado um projeto internacional de pesquisa entres os quatro laborat\u00f3rios. Na programa\u00e7\u00e3o est\u00e1 previsto que pela manh\u00e3, a partir das 9 horas, ocorre o semin\u00e1rio \u0093as ci\u00eancias da linguagem e sua hist\u00f3ria\u0094, com a participa\u00e7\u00e3o de Puech e Fournier e a coordena\u00e7\u00e3o de Jos\u00e9 Horta Nunes (Unicamp). \u00c0 tarde, a partir das 14h30, \u00e9 a vez da Mesa-redonda \u0093Rela\u00e7\u00f5es de pesquisa e saberes em discurso\u0094, com a participa\u00e7\u00e3o das professoras Verli Petri (UFSM), Silmara Dela Silva (UFF), Tais Martins (UFSM) e Amanda Scherer (UFSM). Na oportunidade ainda haver\u00e1 uma mostra de trabalhos em andamento na modalidade p\u00f4ster e ser\u00e3o realizados os lan\u00e7amentos de obras e peri\u00f3dicos.  &nbsp;  A coordena\u00e7\u00e3o do \u0093Laborat\u00f3rios em Coopera\u00e7\u00e3o\u0094 \u00a0\u00e9 das professoras Amanda Scherer (UFSM), Bethania Mariani (UFF), Luc\u00edlia Sousa (FFCLRP\/USP), Silmara Dela Silva (UFF), Vanise Medeiros (UFF) e Verli Petri (UFSM). \u00a0Na UFSM, o evento tem o apoio Dire\u00e7\u00e3o do CAL\/UFSM com a promo\u00e7\u00e3o do Programa de Forma\u00e7\u00e3o de Jovens Pesquisadores do Laborat\u00f3rio Corpus, via Edital FIEX. Informa\u00e7\u00f5es pelo e-mail labcorpus1@gmail.com. <!--more--> &nbsp;  <a href=\"http:\/\/corpus.ufsm.br\/wp-content\/uploads\/2014\/10\/Laboratorios-e-coopera\u00e7ao-niteroi.jpg\"><img fetchpriority=\"high\" decoding=\"async\" class=\"aligncenter  wp-image-3478\" title=\"Laboratorios e coopera\u00e7ao niteroi\" src=\"http:\/\/corpus.ufsm.br\/wp-content\/uploads\/2014\/10\/Laboratorios-e-coopera\u00e7ao-niteroi-1024x681.jpg\" alt=\"\" width=\"474\" height=\"315\" \/><\/a>  &nbsp;  Nesta segunda, dia 20, na cidade de Niter\u00f3i, RJ, teve in\u00edcio o primeiro de tr\u00eas encontros que acontecem esta semana durante o evento \u0093<a href=\"https:\/\/www.facebook.com\/events\/895489223813079\/?ref=73&amp;source=1\">Laborat\u00f3rios em Coopera\u00e7\u00e3o: Rela\u00e7\u00f5es entre Brasil e Fran\u00e7a<\/a>\u0094. O evento re\u00fane pesquisadores brasileiros e estrangeiros de quatro laborat\u00f3rios (tr\u00eas do Brasil e um da Fran\u00e7a) que est\u00e3o envolvidos com o campo da Hist\u00f3ria das Ideias Lingu\u00edsticas e que planejaram intensa programa\u00e7\u00e3o com participa\u00e7\u00e3o em discuss\u00f5es na sede de cada um dos tr\u00eas laborat\u00f3rios brasileiros envolvidos.  &nbsp;  Representando a Universidade Federal de Santa Maria (UFSM), participaram deste primeiro encontro as professoras do Centro de Artes e Letras (CAL) da UFSM Amanda Eloina Scherer e Verli Petri (Programa de P\u00f3s-Gradua\u00e7\u00e3o em Letras do Centro de Artes e Letras \u00a0da UFSM). As professoras do Laborat\u00f3rio Corpus participam do evento n\u00e3o apenas como palestrantes mas tamb\u00e9m como organizadoras do evento. Al\u00e9m das professoras, viajaram para o estado do Rio a p\u00f3s-doutoranda (bolsista DOCFIX) Caroline Mallmann Schneiders (do Laborat\u00f3rio Corpus-PPGLetras\/UFSM) e os acad\u00eamicos de Letras da UFSM que s\u00e3o parte do Grupo PET Letras &#8211; Programa de Educa\u00e7\u00e3o Tutorial.  &nbsp;  A parceria para a realiza\u00e7\u00e3o do evento envolve n\u00e3o apenas a Universidade Federal de Santa Maria (Santa Maria, RS), representada pelo Laborat\u00f3rio Corpus, como tamb\u00e9m a Universidade Federal Fluminense (Niter\u00f3i, RJ), com o LAS \u0096 Laborat\u00f3rio Arquivos do Sujeito; a Universidade de S\u00e3o Paulo \/ Faculdade de Filosofia, Ci\u00eancias e Letras de Ribeir\u00e3o Preto, FFCLRP (Ribeir\u00e3o Preto, SP), com o E-l@dis &#8211; Laborat\u00f3rio Discursivo: sujeito, rede eletr\u00f4nica e sentidos em movimento; e a Universit\u00e9 Sorbonne Nouvelle \u0096 Paris 3 (Paris, Fran\u00e7a), com o Laboratoire d&#8217;Histoire des Th\u00e9ories Linguistiques.  &nbsp;  O \u0093Laborat\u00f3rios em Coopera\u00e7\u00e3o\u0094 foi concebido pensando nas a\u00e7\u00f5es promovidas pelo Laborat\u00f3rio Corpus, da UFSM, e de sua pol\u00edtica de internacionaliza\u00e7\u00e3o. Este olhar para o exterior prev\u00ea a\u00a0forma\u00e7\u00e3o de jovens pesquisadores com est\u00e1gios de doutorado em outros pa\u00edses, bem como miss\u00f5es de trabalho, semin\u00e1rios de pesquisa internos e externos e, agora, a formaliza\u00e7\u00e3o de um projeto nacional e internacional sobre a hist\u00f3ria do conhecimento lingu\u00edstico e seu disciplinar na contemporaneidade. Junto a essa perspectiva internacional, destaca-se a proposta de cria\u00e7\u00e3o de um Centro de Documenta\u00e7\u00e3o e Mem\u00f3ria na UFSM em conson\u00e2ncia o projeto Europeu de digitaliza\u00e7\u00e3o e consulta de todas gram\u00e1ticas francesas para o estudo de sua hist\u00f3ria.  &nbsp;  Nesta quarta, 22, o evento est\u00e1 acontecendo em Ribeir\u00e3o Preto, SP, onde se somam ao grupo de Santa Maria as tamb\u00e9m professoras do CAL\/UFSM Larissa M. Cervo e Tais S. Martins. A comitiva de professores, pesquisadores e estudantes santa-marienses retorna na quinta, acompanhada dos professores da Sorbonne Nouvelle Christian Puech e Jean-Marie Fournier, e das professoras brasileiras Luc\u00edlia Sousa (FFCLRP\/USP), Silmara Dela Silva e Vanise Medeiros (UFF).  &nbsp;  Na sexta, 24, as atividades acontecem no campus da Universidade Federal de Santa Maria (UFSM), junto ao Laborat\u00f3rio Corpus (PPGLetras\/CAL) quando ser\u00e1 discutido e planejado um projeto internacional de pesquisa entres os quatro laborat\u00f3rios. Na programa\u00e7\u00e3o est\u00e1 previsto que pela manh\u00e3, a partir das 9 horas, ocorre o semin\u00e1rio \u0093as ci\u00eancias da linguagem e sua hist\u00f3ria\u0094, com a participa\u00e7\u00e3o de Puech e Fournier e a coordena\u00e7\u00e3o de Jos\u00e9 Horta Nunes (Unicamp). \u00c0 tarde, a partir das 14h30, \u00e9 a vez da Mesa-redonda \u0093Rela\u00e7\u00f5es de pesquisa e saberes em discurso\u0094, com a participa\u00e7\u00e3o das professoras Verli Petri (UFSM), Silmara Dela Silva (UFF), Tais Martins (UFSM) e Amanda Scherer (UFSM). Na oportunidade ainda haver\u00e1 uma mostra de trabalhos em andamento na modalidade p\u00f4ster e ser\u00e3o realizados os lan\u00e7amentos de obras e peri\u00f3dicos.  &nbsp;  A coordena\u00e7\u00e3o do \u0093Laborat\u00f3rios em Coopera\u00e7\u00e3o\u0094 \u00a0\u00e9 das professoras Amanda Scherer (UFSM), Bethania Mariani (UFF), Luc\u00edlia Sousa (FFCLRP\/USP), Silmara Dela Silva (UFF), Vanise Medeiros (UFF) e Verli Petri (UFSM). \u00a0Na UFSM, o evento tem o apoio Dire\u00e7\u00e3o do CAL\/UFSM com a promo\u00e7\u00e3o do Programa de Forma\u00e7\u00e3o de Jovens Pesquisadores do Laborat\u00f3rio Corpus, via Edital FIEX. Informa\u00e7\u00f5es pelo e-mail labcorpus1@gmail.com.<\/p>\n","protected":false},"excerpt":{"rendered":"<p>&nbsp; &nbsp; Nesta segunda, dia 20, na cidade de Niter\u00f3i, RJ, teve in\u00edcio o primeiro de tr\u00eas encontros que acontecem esta semana durante o evento \u0093Laborat\u00f3rios em Coopera\u00e7\u00e3o: Rela\u00e7\u00f5es entre Brasil e Fran\u00e7a\u0094. O evento re\u00fane pesquisadores brasileiros e estrangeiros de quatro laborat\u00f3rios (tr\u00eas do Brasil e um da Fran\u00e7a) que est\u00e3o envolvidos com o [&hellip;]<\/p>\n","protected":false},"author":8,"featured_media":0,"comment_status":"closed","ping_status":"closed","sticky":false,"template":"","format":"standard","meta":{"footnotes":""},"categories":[11],"tags":[],"class_list":["post-833","post","type-post","status-publish","format-standard","hentry","category-noticias"],"acf":[],"_links":{"self":[{"href":"https:\/\/www.ufsm.br\/laboratorios\/corpus\/wp-json\/wp\/v2\/posts\/833","targetHints":{"allow":["GET"]}}],"collection":[{"href":"https:\/\/www.ufsm.br\/laboratorios\/corpus\/wp-json\/wp\/v2\/posts"}],"about":[{"href":"https:\/\/www.ufsm.br\/laboratorios\/corpus\/wp-json\/wp\/v2\/types\/post"}],"author":[{"embeddable":true,"href":"https:\/\/www.ufsm.br\/laboratorios\/corpus\/wp-json\/wp\/v2\/users\/8"}],"replies":[{"embeddable":true,"href":"https:\/\/www.ufsm.br\/laboratorios\/corpus\/wp-json\/wp\/v2\/comments?post=833"}],"version-history":[{"count":0,"href":"https:\/\/www.ufsm.br\/laboratorios\/corpus\/wp-json\/wp\/v2\/posts\/833\/revisions"}],"wp:attachment":[{"href":"https:\/\/www.ufsm.br\/laboratorios\/corpus\/wp-json\/wp\/v2\/media?parent=833"}],"wp:term":[{"taxonomy":"category","embeddable":true,"href":"https:\/\/www.ufsm.br\/laboratorios\/corpus\/wp-json\/wp\/v2\/categories?post=833"},{"taxonomy":"post_tag","embeddable":true,"href":"https:\/\/www.ufsm.br\/laboratorios\/corpus\/wp-json\/wp\/v2\/tags?post=833"}],"curies":[{"name":"wp","href":"https:\/\/api.w.org\/{rel}","templated":true}]}}