{"id":839,"date":"2014-11-27T10:09:33","date_gmt":"2014-11-27T12:09:33","guid":{"rendered":"https:\/\/www.ufsm.br\/laboratorios\/corpus\/2014\/11\/27\/3542-amanda-scherer-coordenadora-do-laboratorio-corpus-participa-como-convidada-de-dois-eventos-nessa-semana-o-v-simposio-do-gtdis-na-uff-niteroi-rj-e-de-uma-mesa-redonda-intitulada-conversa-com-anali\/"},"modified":"2014-11-27T10:09:33","modified_gmt":"2014-11-27T12:09:33","slug":"3542-amanda-scherer-coordenadora-do-laboratorio-corpus-participa-como-convidada-de-dois-eventos-nessa-semana-o-v-simposio-do-gtdis-na-uff-niteroi-rj-e-de-uma-mesa-redonda-intitulada-conversa-com-anali","status":"publish","type":"post","link":"https:\/\/www.ufsm.br\/laboratorios\/corpus\/2014\/11\/27\/3542-amanda-scherer-coordenadora-do-laboratorio-corpus-participa-como-convidada-de-dois-eventos-nessa-semana-o-v-simposio-do-gtdis-na-uff-niteroi-rj-e-de-uma-mesa-redonda-intitulada-conversa-com-anali","title":{"rendered":"Amanda Scherer, coordenadora do Laborat\u00f3rio Corpus, participa como convidada, de dois eventos nessa semana: o V Simp\u00f3sio do GTDis, na UFF-Niter\u00f3i\/RJ e de uma mesa-redonda intitulada \u0093Conversa com analistas de discurso\u0094, na UFFS-Chapec\u00f3."},"content":{"rendered":"<p>&nbsp; <a href=\"http:\/\/corpus.ufsm.br\/wp-content\/uploads\/2014\/11\/31.jpg\"><img fetchpriority=\"high\" decoding=\"async\" class=\"aligncenter  wp-image-3543\" title=\"3\" src=\"http:\/\/corpus.ufsm.br\/wp-content\/uploads\/2014\/11\/31-1024x454.jpg\" alt=\"\" width=\"420\" height=\"185\" \/><\/a> &nbsp; A Prof.\u00aa Dr. Amanda Scherer, que coordena o Laborat\u00f3rio de Fontes de Estudos da Linguagem-Corpus\/PPGL, participa esta semana de dois importantes eventos e mais uma banca de defesa de disserta\u00e7\u00e3o de mestrado. O primeiro \u00e9 no <strong>V Simp\u00f3sio <\/strong><strong>do Grupo de Teoria do Discurso<\/strong> &#8211; GTDis, <em>Discurso: Significante ou Sentido<\/em>, que ocorre na Universidade Federal Fluminense (UFF), nos dias 25 e 26 de novembro, realiza\u00e7\u00e3o do Laborat\u00f3rio Arquivos do Sujeito &#8211; LAS. Neste evento, a Prof.\u00aa Dr. Amanda Scherer, ministra a palestra intitulada &#8220;Sujeito e sentido: imposs\u00edvel desatrelar do discurso&#8221;, em mesa composta pela Prof.\u00aa Dr. Bethania Mariani (UFF) e pela Prof.\u00aa Dr. Luc\u00edlia Maria Sousa (USP). O segundo evento \u00e9 a participa\u00e7\u00e3o na Mesa-Redonda <strong>Conversas com analistas de discurso: L\u00edngua, hist\u00f3ria e sujeito na pr\u00e1tica cient\u00edfica de Carme Schons e Amanda Scherer,<\/strong> que se realizar\u00e1 na Universidade Federal da Fronteira Sul (UFFS), por iniciativa do Programa de P\u00f3s-Gradua\u00e7\u00e3o em Estudos Lingu\u00edsticos e do \u0093Fronteiras: Laborat\u00f3rio de Estudos do Discurso\u0094, no dia 27 de novembro. A conversa com as pesquisadoras ser\u00e1 mediada por Prof. Dr. Jos\u00e9 Sim\u00e3o da Silva Sobrinho (UFFS-Chapec\u00f3). Neste mesmo dia, a Prof.\u00aa Dr. Amanda Scherer far\u00e1 parte da Banca de Defesa de Disserta\u00e7\u00e3o de Al\u00e2na Capitanio, cujo trabalho est\u00e1 intitulado &#8220;Pol\u00edtica de l\u00ednguas em eventos internacionais sobre a L\u00edngua Portuguesa&#8221;, sob a orienta\u00e7\u00e3o do Prof. Dr. Jos\u00e9 Sim\u00e3o da Silva Sobrinho (UFFS-Chapec\u00f3). &nbsp; <a href=\"http:\/\/corpus.ufsm.br\/wp-content\/uploads\/2014\/11\/21.jpg\"><img decoding=\"async\" class=\"aligncenter  wp-image-3544\" title=\"2\" src=\"http:\/\/corpus.ufsm.br\/wp-content\/uploads\/2014\/11\/21.jpg\" alt=\"\" width=\"499\" height=\"280\" \/><\/a> &nbsp; Maiores informa\u00e7\u00f5es podem ser obtidas respectivamente em: &nbsp; <a href=\"https:\/\/www.facebook.com\/ProgramaDePosGraduacaoEmEstudosDeLinguagemuff\">Programa De PosGraduacao EmEstudos De Linguagem (UFF)<\/a> <a href=\"&lt;http:\/www.uffs.edu.br\/images\/proppg\/Agenda_Bancas_de_Defesa_de_Dissertao_PPGEL_novembro_e_dezembro.pdf&gt;\">&nbsp;<\/a> <a href=\"http:\/\/www.uffs.edu.br\/images\/proppg\/Agenda_Bancas_de_Defesa_de_Dissertao_PPGEL_novembro_e_dezembro.pdf\">Agenda Bancas de Defesa de Dissertao PPGEL novembro e dezembro.pdf<\/a> &nbsp;<\/p>\n<p>  <!--more-->  <\/p>\n<p>&nbsp;&nbsp; <a href=\"&lt;http:\/www.uffs.edu.br\/images\/proppg\/Agenda_Bancas_de_Defesa_de_Dissertao_PPGEL_novembro_e_dezembro.pdf&gt;\">&nbsp;<\/a><\/p>\n","protected":false},"excerpt":{"rendered":"<p>&nbsp; &nbsp; A Prof.\u00aa Dr. Amanda Scherer, que coordena o Laborat\u00f3rio de Fontes de Estudos da Linguagem-Corpus\/PPGL, participa esta semana de dois importantes eventos e mais uma banca de defesa de disserta\u00e7\u00e3o de mestrado. O primeiro \u00e9 no V Simp\u00f3sio do Grupo de Teoria do Discurso &#8211; GTDis, Discurso: Significante ou Sentido, que ocorre na [&hellip;]<\/p>\n","protected":false},"author":8,"featured_media":0,"comment_status":"closed","ping_status":"closed","sticky":false,"template":"","format":"standard","meta":{"footnotes":""},"categories":[11],"tags":[],"class_list":["post-839","post","type-post","status-publish","format-standard","hentry","category-noticias"],"acf":[],"_links":{"self":[{"href":"https:\/\/www.ufsm.br\/laboratorios\/corpus\/wp-json\/wp\/v2\/posts\/839","targetHints":{"allow":["GET"]}}],"collection":[{"href":"https:\/\/www.ufsm.br\/laboratorios\/corpus\/wp-json\/wp\/v2\/posts"}],"about":[{"href":"https:\/\/www.ufsm.br\/laboratorios\/corpus\/wp-json\/wp\/v2\/types\/post"}],"author":[{"embeddable":true,"href":"https:\/\/www.ufsm.br\/laboratorios\/corpus\/wp-json\/wp\/v2\/users\/8"}],"replies":[{"embeddable":true,"href":"https:\/\/www.ufsm.br\/laboratorios\/corpus\/wp-json\/wp\/v2\/comments?post=839"}],"version-history":[{"count":0,"href":"https:\/\/www.ufsm.br\/laboratorios\/corpus\/wp-json\/wp\/v2\/posts\/839\/revisions"}],"wp:attachment":[{"href":"https:\/\/www.ufsm.br\/laboratorios\/corpus\/wp-json\/wp\/v2\/media?parent=839"}],"wp:term":[{"taxonomy":"category","embeddable":true,"href":"https:\/\/www.ufsm.br\/laboratorios\/corpus\/wp-json\/wp\/v2\/categories?post=839"},{"taxonomy":"post_tag","embeddable":true,"href":"https:\/\/www.ufsm.br\/laboratorios\/corpus\/wp-json\/wp\/v2\/tags?post=839"}],"curies":[{"name":"wp","href":"https:\/\/api.w.org\/{rel}","templated":true}]}}