{"id":902,"date":"2015-03-19T18:46:01","date_gmt":"2015-03-19T21:46:01","guid":{"rendered":"https:\/\/www.ufsm.br\/laboratorios\/corpus\/2015\/03\/19\/diretora-do-laboratorio-corpus-da-ufsm-profere-aula-magna-na-unicamp\/"},"modified":"2015-03-19T18:46:01","modified_gmt":"2015-03-19T21:46:01","slug":"diretora-do-laboratorio-corpus-da-ufsm-profere-aula-magna-na-unicamp","status":"publish","type":"post","link":"https:\/\/www.ufsm.br\/laboratorios\/corpus\/2015\/03\/19\/diretora-do-laboratorio-corpus-da-ufsm-profere-aula-magna-na-unicamp","title":{"rendered":"Diretora do Laborat\u00f3rio Corpus da UFSM profere aula magna na Unicamp"},"content":{"rendered":"<p style=\"margin: 0px 0px 10px; color: #666666; font-family: Helvetica, Arial, sans-serif; font-size: 13px; line-height: 23px;\">A professora Amanda Scherer, diretora do Laborat\u00f3rio Corpus da UFSM, profere aula magna na Universidade Estadual de Campinas (Unicamp) nesta quinta (19) e sexta-feira (20), para os acad\u00eamicos ingressantes dos cursos de gradua\u00e7\u00e3o em Lingu\u00edstica, Estudos Liter\u00e1rios e Letras do Instituto da Linguagem&nbsp;noturno e diurno.&nbsp;<\/p>\n<p style=\"margin: 0px 0px 10px; color: #666666; font-family: Helvetica, Arial, sans-serif; font-size: 13px; line-height: 23px;\">A professora foi convidada devido ao trabalho desenvolvido pela sua equipe de pesquisa junto ao Laborat\u00f3rio Corpus na UFSM, merecendo especial destaque o trabalho de cria\u00e7\u00e3o de uma pol\u00edtica de arquivos e fundos documentais, que est\u00e1 sendo reconhecida em n\u00edvel nacional pela sua singularidade no tra\u00e7ar a constitui\u00e7\u00e3o da hist\u00f3ria disciplinar contempor\u00e2nea dos diversos campos dos Estudos da Linguagem e da Literatura.<\/p>\n<p style=\"margin: 0px 0px 10px; color: #666666; font-family: Helvetica, Arial, sans-serif; font-size: 13px; line-height: 23px;\">O t\u00edtulo da aula inaugural ser\u00e1 &#8220;Pol\u00edtica de arquivos e a hist\u00f3ria disciplinar&#8221;.<\/p>\n<p style=\"margin: 0px 0px 10px; color: #666666; font-family: Helvetica, Arial, sans-serif; font-size: 13px; line-height: 23px;\"><img fetchpriority=\"high\" decoding=\"async\" class=\" size-full wp-image-901\" src=\"https:\/\/www.ufsm.br\/laboratorios\/corpus\/wp-content\/uploads\/sites\/771\/2015\/03\/Profere_Aula_Magna.jpg\" alt=\"Profere Aula Magna\" width=\"413\" height=\"273\" srcset=\"https:\/\/www.ufsm.br\/app\/uploads\/sites\/771\/2015\/03\/Profere_Aula_Magna.jpg 1600w, https:\/\/www.ufsm.br\/app\/uploads\/sites\/771\/2015\/03\/Profere_Aula_Magna-300x199.jpg 300w, https:\/\/www.ufsm.br\/app\/uploads\/sites\/771\/2015\/03\/Profere_Aula_Magna-1024x678.jpg 1024w, https:\/\/www.ufsm.br\/app\/uploads\/sites\/771\/2015\/03\/Profere_Aula_Magna-768x508.jpg 768w, https:\/\/www.ufsm.br\/app\/uploads\/sites\/771\/2015\/03\/Profere_Aula_Magna-1536x1017.jpg 1536w\" sizes=\"(max-width: 413px) 100vw, 413px\" \/><\/p>\n","protected":false},"excerpt":{"rendered":"<p>A professora Amanda Scherer, diretora do Laborat\u00f3rio Corpus da UFSM, profere aula magna na Universidade Estadual de Campinas (Unicamp) nesta quinta (19) e sexta-feira (20), para os acad\u00eamicos ingressantes dos cursos de gradua\u00e7\u00e3o em Lingu\u00edstica, Estudos Liter\u00e1rios e Letras do Instituto da Linguagem&nbsp;noturno e diurno.&nbsp; A professora foi convidada devido ao trabalho desenvolvido pela sua [&hellip;]<\/p>\n","protected":false},"author":8,"featured_media":901,"comment_status":"closed","ping_status":"closed","sticky":false,"template":"","format":"standard","meta":{"footnotes":""},"categories":[11],"tags":[],"class_list":["post-902","post","type-post","status-publish","format-standard","has-post-thumbnail","hentry","category-noticias"],"acf":[],"_links":{"self":[{"href":"https:\/\/www.ufsm.br\/laboratorios\/corpus\/wp-json\/wp\/v2\/posts\/902","targetHints":{"allow":["GET"]}}],"collection":[{"href":"https:\/\/www.ufsm.br\/laboratorios\/corpus\/wp-json\/wp\/v2\/posts"}],"about":[{"href":"https:\/\/www.ufsm.br\/laboratorios\/corpus\/wp-json\/wp\/v2\/types\/post"}],"author":[{"embeddable":true,"href":"https:\/\/www.ufsm.br\/laboratorios\/corpus\/wp-json\/wp\/v2\/users\/8"}],"replies":[{"embeddable":true,"href":"https:\/\/www.ufsm.br\/laboratorios\/corpus\/wp-json\/wp\/v2\/comments?post=902"}],"version-history":[{"count":0,"href":"https:\/\/www.ufsm.br\/laboratorios\/corpus\/wp-json\/wp\/v2\/posts\/902\/revisions"}],"wp:featuredmedia":[{"embeddable":true,"href":"https:\/\/www.ufsm.br\/laboratorios\/corpus\/wp-json\/wp\/v2\/media\/901"}],"wp:attachment":[{"href":"https:\/\/www.ufsm.br\/laboratorios\/corpus\/wp-json\/wp\/v2\/media?parent=902"}],"wp:term":[{"taxonomy":"category","embeddable":true,"href":"https:\/\/www.ufsm.br\/laboratorios\/corpus\/wp-json\/wp\/v2\/categories?post=902"},{"taxonomy":"post_tag","embeddable":true,"href":"https:\/\/www.ufsm.br\/laboratorios\/corpus\/wp-json\/wp\/v2\/tags?post=902"}],"curies":[{"name":"wp","href":"https:\/\/api.w.org\/{rel}","templated":true}]}}