{"id":534,"date":"2016-10-19T15:51:51","date_gmt":"2016-10-19T17:51:51","guid":{"rendered":"https:\/\/www.ufsm.br\/laboratorios\/labart\/2016\/10\/19\/labart\/"},"modified":"2016-10-19T15:51:51","modified_gmt":"2016-10-19T17:51:51","slug":"labart","status":"publish","type":"post","link":"https:\/\/www.ufsm.br\/laboratorios\/labart\/2016\/10\/19\/labart","title":{"rendered":"LABART"},"content":{"rendered":"<p><img fetchpriority=\"high\" decoding=\"async\" class=\" size-full wp-image-533\" src=\"https:\/\/www.ufsm.br\/laboratorios\/labart\/wp-content\/uploads\/sites\/642\/2016\/10\/images_slideshow_banners_site-07-1.jpg\" alt=\"banners site 07\" width=\"900\" height=\"235\" style=\"display: block; margin-left: auto; margin-right: auto;\" \/><\/p>\n<p>&nbsp;<\/p>\n<p style=\"text-align: justify;\">&nbsp;<\/p>\n<table>\n<tbody>\n<tr>\n<td>\n<p style=\"text-align: justify;\"><span style=\"color: #000000;\">O Laborat\u00f3rio de Pesquisa em Arte Contempor\u00e2nea, Tecnologia e M\u00eddias Digitais (LABART) teve in\u00edcio no ano de 2005, na sala 1228 do CAL\/UFSM, onde mant\u00e9m suas atividades. Tem como objetivo o desenvolvimento da projetos qualificados na \u00e1rea das Artes Visuais, com \u00eanfase na Hist\u00f3ria, Teoria e Cr\u00edtica da Arte, e tamb\u00e9m com abertura \u00e0s Po\u00e9ticas Visuais, atrav\u00e9s de atividades de pesquisa e de extens\u00e3o que dialogam com a ci\u00eancia e a tecnologia, seja nas orienta\u00e7\u00f5es de estudantes da p\u00f3s-gradua\u00e7\u00e3o como de IC na gradua\u00e7\u00e3o, nas reuni\u00f5es dos grupo de pesquisa, nas participa\u00e7\u00f5es em eventos nacionais e internacionais, na organiza\u00e7\u00e3o de simp\u00f3sios, f\u00f3runs, exposi\u00e7\u00f5s e festivais. Os resultados gerados pelos integrantes do LABART, parte dispon\u00edveis neste site, se constituem de publica\u00e7\u00f5es de relat\u00f3rios, artigos, cap\u00edtulos de livros, livros; monografias, disserta\u00e7\u00f5es e teses; cat\u00e1logos de exposi\u00e7\u00f5es e registro de obras.<\/span><\/p>\n<p style=\"text-align: justify;\"><span style=\"color: #000000;\">O LABART surgiu da necessidade de reunir em um espa\u00e7o f\u00edsico pesquisadores, professores e estudantes do Grupo de Pesquisa Arte e Tecnologia\/CNPq, liderado pela professora Prof\u00aa Dr\u00aa Nara Cristina Santos, tamb\u00e9m coordenadora do laborat\u00f3rio. O LABART acompanhou o in\u00edcio do Curso de Especializa\u00e7\u00e3o Arte e Visualidade (2005-2006) e a implanta\u00e7\u00e3o do PPGART\/Mestrado em Artes Visuais (2007-) e tem, em mais de uma d\u00e9cada de exist\u00eancia, trabalhado tanto para a consolida\u00e7\u00e3o da p\u00f3s-gradua\u00e7\u00e3o na UFSM quanto para sua divulga\u00e7\u00e3o no pa\u00eds. Em 2016 inicia uma parceria com outros Programas de P\u00f3s-gradua\u00e7\u00e3o, visando a internacionaliza\u00e7\u00e3o. Neste percurso, o LABART tamb\u00e9m abriu espa\u00e7o para algumas parcerias internas na UFSM, com pesquisadores de outros PPGs, o de Educa\u00e7\u00e3o para a Ci\u00eancia e o de Inform\u00e1tica, as quais tem propiciado o desenvolvimento de investiga\u00e7\u00f5es pautadas na transdisciplinaridade.<\/span><\/p>\n<p style=\"text-align: justify;\"><span style=\"color: #000000;\">At\u00e9 2017, passaram pelo laborat\u00f3rio mais de 50 alunos de gradua\u00e7\u00e3o, entre bolsistas, participantes e colaboradores, alunos de especializa\u00e7\u00e3o, 17 alunos de mestrado, dos quais 4 s\u00e3o mestrandos e 13 s\u00e3o mestres (Em 10 anos do PPGART\/UFSM). Destes, 4 j\u00e1 se doutoraram (UFRGS, UNB, UNESP) e outros 4 seguem em doutoramento (UFRGS, UNB, USP e UA\/Portugal). Dos mestres integrantes do LABART, 10 atuam em IES particulares e p\u00fablicas em Bras\u00edlia, S\u00e3o Paulo, Paran\u00e1, Santa Catarina e Rio Grande do Sul.<\/span><\/p>\n<\/td>\n<\/tr>\n<tr>\n<td>\n<p>&nbsp;<\/p>\n<p>&nbsp;<\/p>\n<p>&nbsp;<\/p>\n<p>&nbsp;<\/p>\n<\/td>\n<\/tr>\n<\/tbody>\n<\/table>\n","protected":false},"excerpt":{"rendered":"<p>&nbsp; &nbsp; O Laborat\u00f3rio de Pesquisa em Arte Contempor\u00e2nea, Tecnologia e M\u00eddias Digitais (LABART) teve in\u00edcio no ano de 2005, na sala 1228 do CAL\/UFSM, onde mant\u00e9m suas atividades. Tem como objetivo o desenvolvimento da projetos qualificados na \u00e1rea das Artes Visuais, com \u00eanfase na Hist\u00f3ria, Teoria e Cr\u00edtica da Arte, e tamb\u00e9m com abertura [&hellip;]<\/p>\n","protected":false},"author":25,"featured_media":0,"comment_status":"closed","ping_status":"closed","sticky":false,"template":"","format":"standard","meta":{"footnotes":""},"categories":[11],"tags":[],"class_list":["post-534","post","type-post","status-publish","format-standard","hentry","category-noticias"],"acf":[],"_links":{"self":[{"href":"https:\/\/www.ufsm.br\/laboratorios\/labart\/wp-json\/wp\/v2\/posts\/534","targetHints":{"allow":["GET"]}}],"collection":[{"href":"https:\/\/www.ufsm.br\/laboratorios\/labart\/wp-json\/wp\/v2\/posts"}],"about":[{"href":"https:\/\/www.ufsm.br\/laboratorios\/labart\/wp-json\/wp\/v2\/types\/post"}],"author":[{"embeddable":true,"href":"https:\/\/www.ufsm.br\/laboratorios\/labart\/wp-json\/wp\/v2\/users\/25"}],"replies":[{"embeddable":true,"href":"https:\/\/www.ufsm.br\/laboratorios\/labart\/wp-json\/wp\/v2\/comments?post=534"}],"version-history":[{"count":0,"href":"https:\/\/www.ufsm.br\/laboratorios\/labart\/wp-json\/wp\/v2\/posts\/534\/revisions"}],"wp:attachment":[{"href":"https:\/\/www.ufsm.br\/laboratorios\/labart\/wp-json\/wp\/v2\/media?parent=534"}],"wp:term":[{"taxonomy":"category","embeddable":true,"href":"https:\/\/www.ufsm.br\/laboratorios\/labart\/wp-json\/wp\/v2\/categories?post=534"},{"taxonomy":"post_tag","embeddable":true,"href":"https:\/\/www.ufsm.br\/laboratorios\/labart\/wp-json\/wp\/v2\/tags?post=534"}],"curies":[{"name":"wp","href":"https:\/\/api.w.org\/{rel}","templated":true}]}}