{"id":56,"date":"2017-11-14T14:33:46","date_gmt":"2017-11-14T16:33:46","guid":{"rendered":"https:\/\/www.ufsm.br\/laboratorios\/labfala\/?p=56"},"modified":"2020-11-30T14:36:31","modified_gmt":"2020-11-30T17:36:31","slug":"2a-edicao-do-workshop-em-disturbios-dos-sons-da-fala","status":"publish","type":"post","link":"https:\/\/www.ufsm.br\/laboratorios\/labfala\/2017\/11\/14\/2a-edicao-do-workshop-em-disturbios-dos-sons-da-fala","title":{"rendered":"2\u00aa Edi\u00e7\u00e3o do Workshop em Dist\u00farbios dos Sons da Fala"},"content":{"rendered":"\n<p>Vem a\u00ed a 2\u00aa Edi\u00e7\u00e3o do Workshop em Dist\u00farbios dos Sons da Fala!<\/p>\n<p>O tema vai ser &#8220;Novidades em Avalia\u00e7\u00e3o e Terapia de fala&#8221; e vai contar com palestras sobre Apraxia de Fala Infantil, Avalia\u00e7\u00e3o do Desvio Fonol\u00f3gico utilizando o Instrumento de Avalia\u00e7\u00e3o Fonol\u00f3gica (INFONO), Avalia\u00e7\u00f5es instrumentais (Ultrassonografia e Nasometria) e Terapia do Desvio Fonol\u00f3gico utilizando o Software de Interven\u00e7\u00e3o para fala (SIFALA).<\/p>\n<p>Fa\u00e7a o\u00a0<a href=\"https:\/\/www.ufsm.br\/app\/uploads\/sites\/847\/2020\/11\/FICHA-DE-INSCRICAO.docx\">download<\/a>\u00a0da ficha de inscri\u00e7\u00e3o e envie por email para\u00a0<span id=\"cloak06f096be5e0f6d07d2a8160f181b81ff\"><a href=\"mailto:labfala.ufsm@gmail.com\">labfala.ufsm@gmail.com<\/a><\/span>\u00a0ou traga impressa no dia do evento.<\/p>\n<p>Realiza\u00e7\u00e3o do pagamento no dia do Workshop.<\/p>\n<p>Participe!<\/p>\n<p><img fetchpriority=\"high\" decoding=\"async\" class=\"wp-image-57 aligncenter\" src=\"https:\/\/www.ufsm.br\/app\/uploads\/sites\/847\/2020\/11\/Slide1-240x300.jpg\" alt=\"\" width=\"336\" height=\"420\" srcset=\"https:\/\/www.ufsm.br\/app\/uploads\/sites\/847\/2020\/11\/Slide1-240x300.jpg 240w, https:\/\/www.ufsm.br\/app\/uploads\/sites\/847\/2020\/11\/Slide1.jpg 755w\" sizes=\"(max-width: 336px) 100vw, 336px\" \/><\/p>\n","protected":false},"excerpt":{"rendered":"<p>Vem a\u00ed a 2\u00aa Edi\u00e7\u00e3o do Workshop em Dist\u00farbios dos Sons da Fala! O tema vai ser &#8220;Novidades em Avalia\u00e7\u00e3o e Terapia de fala&#8221; e vai contar com palestras sobre Apraxia de Fala Infantil, Avalia\u00e7\u00e3o do Desvio Fonol\u00f3gico utilizando o Instrumento de Avalia\u00e7\u00e3o Fonol\u00f3gica (INFONO), Avalia\u00e7\u00f5es instrumentais (Ultrassonografia e Nasometria) e Terapia do Desvio Fonol\u00f3gico [&hellip;]<\/p>\n","protected":false},"author":2223,"featured_media":0,"comment_status":"closed","ping_status":"closed","sticky":false,"template":"","format":"standard","meta":{"footnotes":""},"categories":[1],"tags":[],"class_list":["post-56","post","type-post","status-publish","format-standard","hentry","category-sem-categoria"],"acf":[],"_links":{"self":[{"href":"https:\/\/www.ufsm.br\/laboratorios\/labfala\/wp-json\/wp\/v2\/posts\/56","targetHints":{"allow":["GET"]}}],"collection":[{"href":"https:\/\/www.ufsm.br\/laboratorios\/labfala\/wp-json\/wp\/v2\/posts"}],"about":[{"href":"https:\/\/www.ufsm.br\/laboratorios\/labfala\/wp-json\/wp\/v2\/types\/post"}],"author":[{"embeddable":true,"href":"https:\/\/www.ufsm.br\/laboratorios\/labfala\/wp-json\/wp\/v2\/users\/2223"}],"replies":[{"embeddable":true,"href":"https:\/\/www.ufsm.br\/laboratorios\/labfala\/wp-json\/wp\/v2\/comments?post=56"}],"version-history":[{"count":0,"href":"https:\/\/www.ufsm.br\/laboratorios\/labfala\/wp-json\/wp\/v2\/posts\/56\/revisions"}],"wp:attachment":[{"href":"https:\/\/www.ufsm.br\/laboratorios\/labfala\/wp-json\/wp\/v2\/media?parent=56"}],"wp:term":[{"taxonomy":"category","embeddable":true,"href":"https:\/\/www.ufsm.br\/laboratorios\/labfala\/wp-json\/wp\/v2\/categories?post=56"},{"taxonomy":"post_tag","embeddable":true,"href":"https:\/\/www.ufsm.br\/laboratorios\/labfala\/wp-json\/wp\/v2\/tags?post=56"}],"curies":[{"name":"wp","href":"https:\/\/api.w.org\/{rel}","templated":true}]}}