{"id":451,"date":"2026-08-28T08:56:13","date_gmt":"2026-08-28T11:56:13","guid":{"rendered":"https:\/\/www.ufsm.br\/laboratorios\/labgeotec\/?p=451"},"modified":"2026-08-28T09:41:50","modified_gmt":"2026-08-28T12:41:50","slug":"labgeotec-participa-do-ii-forum-gaucho-catarinense-dos-programas-de-pos-graduacao-em-geografia","status":"publish","type":"post","link":"https:\/\/www.ufsm.br\/laboratorios\/labgeotec\/2026\/08\/28\/labgeotec-participa-do-ii-forum-gaucho-catarinense-dos-programas-de-pos-graduacao-em-geografia","title":{"rendered":"LABGEOTEC participa do II F\u00f3rum Ga\u00facho-Catarinense dos Programas de P\u00f3s-Gradua\u00e7\u00e3o em Geografia"},"content":{"rendered":"\t\t<div data-elementor-type=\"wp-post\" data-elementor-id=\"451\" class=\"elementor elementor-451\">\n\t\t\t\t\t\t<section class=\"elementor-section elementor-top-section elementor-element elementor-element-35f0b91 elementor-section-boxed elementor-section-height-default elementor-section-height-default\" data-id=\"35f0b91\" data-element_type=\"section\">\n\t\t\t\t\t\t<div class=\"elementor-container elementor-column-gap-default\">\n\t\t\t\t\t<div class=\"elementor-column elementor-col-100 elementor-top-column elementor-element elementor-element-94c6186\" data-id=\"94c6186\" data-element_type=\"column\">\n\t\t\t<div class=\"elementor-widget-wrap elementor-element-populated\">\n\t\t\t\t\t\t<div class=\"elementor-element elementor-element-83b45f2 elementor-widget elementor-widget-text-editor\" data-id=\"83b45f2\" data-element_type=\"widget\" data-widget_type=\"text-editor.default\">\n\t\t\t\t<div class=\"elementor-widget-container\">\n\t\t\t\t\t\t\t<p class=\"PDq2pG_selectionAnchorContainer\" data-start=\"99\" data-end=\"512\">Colaboradores do Laborat\u00f3rio de Geotecnologias (LABGEOTEC) participaram do <strong data-start=\"174\" data-end=\"249\">II F\u00f3rum Ga\u00facho-Catarinense dos Programas de P\u00f3s-Gradua\u00e7\u00e3o em Geografia<\/strong>, realizado entre os dias <strong data-start=\"275\" data-end=\"304\">19 e 22 de agosto de 2026<\/strong>, na Universidade Federal de Pelotas (UFPel), em Pelotas (RS). O evento ocorreu conjuntamente ao XIII Semin\u00e1rio do Programa de P\u00f3s-Gradua\u00e7\u00e3o em Geografia (SEMPGEO\/UFPel).<\/p><p data-start=\"99\" data-end=\"512\">Representando o LABGEOTEC, estiveram presentes Missaela dos Santos Soares, Camila Reigota e Emily Maurer da Costa, participando das atividades e discuss\u00f5es promovidas ao longo da programa\u00e7\u00e3o.<\/p><p data-start=\"514\" data-end=\"975\">O F\u00f3rum reuniu estudantes, docentes e pesquisadores vinculados a Programas de P\u00f3s-Gradua\u00e7\u00e3o em Geografia do Rio Grande do Sul e de Santa Catarina, constituindo um espa\u00e7o de di\u00e1logo, socializa\u00e7\u00e3o de pesquisas e articula\u00e7\u00e3o entre diferentes institui\u00e7\u00f5es. A segunda edi\u00e7\u00e3o tamb\u00e9m marcou a abertura do Curso de Doutorado em Geografia da UFPel, fortalecendo a integra\u00e7\u00e3o e a p\u00f3s-gradua\u00e7\u00e3o em Geografia na regi\u00e3o Sul do pa\u00eds.<\/p><p data-start=\"977\" data-end=\"1370\">Entre os trabalhos vinculados ao LABGEOTEC, <strong data-start=\"1021\" data-end=\"1051\">Missaela dos Santos Soares<\/strong> apresentou a pesquisa <strong data-start=\"1074\" data-end=\"1167\">\u201cGeografia Cognitiva: Produ\u00e7\u00e3o Cient\u00edfica sobre \u00c1reas Verdes e Desenvolvimento Cognitivo\u201d<\/strong>. O estudo investigou, por meio de uma abordagem bibliom\u00e9trica, a produ\u00e7\u00e3o cient\u00edfica dedicada \u00e0s rela\u00e7\u00f5es entre \u00e1reas verdes urbanas e desenvolvimento cognitivo sob a perspectiva da Geografia Cognitiva.<\/p><p data-start=\"1372\" data-end=\"1832\">A an\u00e1lise evidenciou a presen\u00e7a de conceitos relacionados ao espa\u00e7o, \u00e0 cogni\u00e7\u00e3o, \u00e0 exposi\u00e7\u00e3o ambiental e \u00e0 infraestrutura verde, al\u00e9m do avan\u00e7o da utiliza\u00e7\u00e3o de geotecnologias nesse campo de investiga\u00e7\u00e3o. Os resultados apontam para o potencial da Geografia Cognitiva na compreens\u00e3o das rela\u00e7\u00f5es entre ambiente urbano e processos cognitivos, aproximando a discuss\u00e3o de temas como <strong data-start=\"1751\" data-end=\"1831\">sustentabilidade, planejamento urbano, sa\u00fade e qualidade de vida nas cidades<\/strong>.<\/p><p data-start=\"1834\" data-end=\"2172\">A participa\u00e7\u00e3o no F\u00f3rum possibilitou ainda a troca de experi\u00eancias com pesquisadores de diferentes institui\u00e7\u00f5es e a aproxima\u00e7\u00e3o entre pesquisas desenvolvidas nos programas de p\u00f3s-gradua\u00e7\u00e3o da regi\u00e3o, contribuindo para o fortalecimento das redes de colabora\u00e7\u00e3o e para a divulga\u00e7\u00e3o das pesquisas desenvolvidas com participa\u00e7\u00e3o do LABGEOTEC.<\/p><p data-start=\"2174\" data-end=\"2265\">Mais informa\u00e7\u00f5es sobre o evento est\u00e3o dispon\u00edveis na p\u00e1gina oficial do<span class=\"contents\" data-content-reference-start=\"2187\" data-content-reference-end=\"2293\"><span class=\"\" data-state=\"closed\"><a class=\"decorated-link\" href=\"https:\/\/www.even3.com.br\/ii-forum-gaucho-dos-programas-de-pos-graduacao-em-geografia-687239\/?utm_source=chatgpt.com\" target=\"_blank\" rel=\"noopener\"> II F\u00f3rum Ga\u00facho-Catarinense dos Programas de P\u00f3s-Gradua\u00e7\u00e3o em Geografia<\/a><\/span><\/span>.<\/p><p data-start=\"2267\" data-end=\"2432\" data-is-last-node=\"\" data-is-only-node=\"\"><strong data-start=\"2267\" data-end=\"2276\">Foto:<\/strong> Participa\u00e7\u00e3o de Missaela dos Santos Soares no II F\u00f3rum Ga\u00facho-Catarinense dos Programas de P\u00f3s-Gradua\u00e7\u00e3o em Geografia, realizado na UFPel, em Pelotas (RS).<\/p>\t\t\t\t\t\t<\/div>\n\t\t\t\t<\/div>\n\t\t\t\t\t<\/div>\n\t\t<\/div>\n\t\t\t\t\t<\/div>\n\t\t<\/section>\n\t\t\t\t<section class=\"elementor-section elementor-top-section elementor-element elementor-element-bb4401d elementor-section-boxed elementor-section-height-default elementor-section-height-default\" data-id=\"bb4401d\" data-element_type=\"section\">\n\t\t\t\t\t\t<div class=\"elementor-container elementor-column-gap-default\">\n\t\t\t\t\t<div class=\"elementor-column elementor-col-100 elementor-top-column elementor-element elementor-element-b62c477\" data-id=\"b62c477\" data-element_type=\"column\">\n\t\t\t<div class=\"elementor-widget-wrap elementor-element-populated\">\n\t\t\t\t\t\t<div class=\"elementor-element elementor-element-e9b345b elementor-widget elementor-widget-image\" data-id=\"e9b345b\" data-element_type=\"widget\" data-widget_type=\"image.default\">\n\t\t\t\t<div class=\"elementor-widget-container\">\n\t\t\t\t\t\t\t\t\t\t\t\t\t<img fetchpriority=\"high\" decoding=\"async\" width=\"768\" height=\"1024\" src=\"https:\/\/www.ufsm.br\/app\/uploads\/sites\/676\/2026\/08\/missa-768x1024.jpg\" class=\"attachment-large size-large wp-image-453\" alt=\"\" srcset=\"https:\/\/www.ufsm.br\/app\/uploads\/sites\/676\/2026\/08\/missa-768x1024.jpg 768w, https:\/\/www.ufsm.br\/app\/uploads\/sites\/676\/2026\/08\/missa-225x300.jpg 225w, https:\/\/www.ufsm.br\/app\/uploads\/sites\/676\/2026\/08\/missa-1152x1536.jpg 1152w, https:\/\/www.ufsm.br\/app\/uploads\/sites\/676\/2026\/08\/missa.jpg 1200w\" sizes=\"(max-width: 768px) 100vw, 768px\" \/>\t\t\t\t\t\t\t\t\t\t\t\t\t<\/div>\n\t\t\t\t<\/div>\n\t\t\t\t\t<\/div>\n\t\t<\/div>\n\t\t\t\t\t<\/div>\n\t\t<\/section>\n\t\t\t\t<\/div>\n\t\t","protected":false},"excerpt":{"rendered":"<p>Colaboradores do Laborat\u00f3rio de Geotecnologias (LABGEOTEC) participaram do II F\u00f3rum Ga\u00facho-Catarinense dos Programas de P\u00f3s-Gradua\u00e7\u00e3o em Geografia, realizado entre os dias 19 e 22 de agosto de 2026, na Universidade Federal de Pelotas (UFPel), em Pelotas (RS). O evento ocorreu conjuntamente ao XIII Semin\u00e1rio do Programa de P\u00f3s-Gradua\u00e7\u00e3o em Geografia (SEMPGEO\/UFPel). Representando o LABGEOTEC, estiveram [&hellip;]<\/p>\n","protected":false},"author":8155,"featured_media":454,"comment_status":"closed","ping_status":"closed","sticky":false,"template":"","format":"standard","meta":{"footnotes":""},"categories":[11],"tags":[],"class_list":["post-451","post","type-post","status-publish","format-standard","has-post-thumbnail","hentry","category-noticias"],"acf":[],"_links":{"self":[{"href":"https:\/\/www.ufsm.br\/laboratorios\/labgeotec\/wp-json\/wp\/v2\/posts\/451","targetHints":{"allow":["GET"]}}],"collection":[{"href":"https:\/\/www.ufsm.br\/laboratorios\/labgeotec\/wp-json\/wp\/v2\/posts"}],"about":[{"href":"https:\/\/www.ufsm.br\/laboratorios\/labgeotec\/wp-json\/wp\/v2\/types\/post"}],"author":[{"embeddable":true,"href":"https:\/\/www.ufsm.br\/laboratorios\/labgeotec\/wp-json\/wp\/v2\/users\/8155"}],"replies":[{"embeddable":true,"href":"https:\/\/www.ufsm.br\/laboratorios\/labgeotec\/wp-json\/wp\/v2\/comments?post=451"}],"version-history":[{"count":0,"href":"https:\/\/www.ufsm.br\/laboratorios\/labgeotec\/wp-json\/wp\/v2\/posts\/451\/revisions"}],"wp:featuredmedia":[{"embeddable":true,"href":"https:\/\/www.ufsm.br\/laboratorios\/labgeotec\/wp-json\/wp\/v2\/media\/454"}],"wp:attachment":[{"href":"https:\/\/www.ufsm.br\/laboratorios\/labgeotec\/wp-json\/wp\/v2\/media?parent=451"}],"wp:term":[{"taxonomy":"category","embeddable":true,"href":"https:\/\/www.ufsm.br\/laboratorios\/labgeotec\/wp-json\/wp\/v2\/categories?post=451"},{"taxonomy":"post_tag","embeddable":true,"href":"https:\/\/www.ufsm.br\/laboratorios\/labgeotec\/wp-json\/wp\/v2\/tags?post=451"}],"curies":[{"name":"wp","href":"https:\/\/api.w.org\/{rel}","templated":true}]}}