{"id":217,"date":"2026-07-24T11:30:20","date_gmt":"2026-07-24T14:30:20","guid":{"rendered":"https:\/\/www.ufsm.br\/laboratorios\/lacria\/?p=217"},"modified":"2026-08-12T16:26:58","modified_gmt":"2026-08-12T19:26:58","slug":"lacria-lancara-sua-cartilha-de-atividades-na-53a-feira-do-livro-em-santa-maria","status":"publish","type":"post","link":"https:\/\/www.ufsm.br\/laboratorios\/lacria\/2026\/07\/24\/lacria-lancara-sua-cartilha-de-atividades-na-53a-feira-do-livro-em-santa-maria","title":{"rendered":"LACRIA lan\u00e7ar\u00e1 duas cartilhas na 53\u00aa Feira do livro em Santa Maria"},"content":{"rendered":"\t\t<div data-elementor-type=\"wp-post\" data-elementor-id=\"217\" class=\"elementor elementor-217\">\n\t\t\t\t\t\t<section class=\"elementor-section elementor-top-section elementor-element elementor-element-1daed888 elementor-section-boxed elementor-section-height-default elementor-section-height-default\" data-id=\"1daed888\" data-element_type=\"section\">\n\t\t\t\t\t\t<div class=\"elementor-container elementor-column-gap-default\">\n\t\t\t\t\t<div class=\"elementor-column elementor-col-100 elementor-top-column elementor-element elementor-element-5e0e9744\" data-id=\"5e0e9744\" data-element_type=\"column\">\n\t\t\t<div class=\"elementor-widget-wrap elementor-element-populated\">\n\t\t\t\t\t\t<div class=\"elementor-element elementor-element-3da5b517 elementor-widget elementor-widget-text-editor\" data-id=\"3da5b517\" data-element_type=\"widget\" data-widget_type=\"text-editor.default\">\n\t\t\t\t<div class=\"elementor-widget-container\">\n\t\t\t\t\t\t\t<p>A <a href=\"https:\/\/www.santamaria.rs.gov.br\/cultura\/noticias\/30929-prefeitura-divulga-programacao-da-53a--feira-do-livro-de-santa-maria-que-ocorre-7-a-22-agosto\">53\u00aa Feira do Livro de Santa Maria<\/a> ocorrer\u00e1 na Pra\u00e7a Saldanha Marinho e alguns outros espa\u00e7os de 7 a 22 de agosto de 2026. O LACRIA estar\u00e1 lan\u00e7ando sua 4a cartilha e 1a como colet\u00e2nea de atividades. A programa\u00e7\u00e3o de lan\u00e7amento ser\u00e1 divulgada em breve no site da Editora da PRE UFSM. A cartilha foi organizada pela coordenadora do laborat\u00f3rio assim como os membros da equipe Arthur Loren\u00e7o, Mariana Borges e Thalisson Souza e resume as principais atividades e produ\u00e7\u00f5es do laborat\u00f3rio. A cartilha j\u00e1 est\u00e1 dispon\u00edvel online em nosso site no menu <a href=\"https:\/\/www.ufsm.br\/laboratorios\/lacria\/producao-cientifica\">Produ\u00e7\u00e3o Cient\u00edfica<\/a>.<\/p>\n<p>Uma das cartilhas, intitulada \u201cMaterial de media\u00e7\u00e3o: materializando visualidade e palavra\u201d, \u00e9 resultante de uma proposta de material de media\u00e7\u00e3o para a exposi\u00e7\u00e3o \u201cEncontro de Acervos: saberes art\u00edsticos entre corpo e mat\u00e9ria\u201d (ocorrida no Acervo Art\u00edstico da UFSM e no MASM), realizada na disciplina de Pr\u00e1ticas em Arte\/Educa\u00e7\u00e3o 2, em 2024. A relev\u00e2ncia desta publica\u00e7\u00e3o reside justamente no exerc\u00edcio de idealiza\u00e7\u00e3o e organiza\u00e7\u00e3o coletiva de um material que auxilie nas rela\u00e7\u00f5es estabelecidas entre uma exposi\u00e7\u00e3o de Artes Visuais e o p\u00fablico. Portanto, ao acess\u00e1-la, s\u00e3o encontradas diversas proposi\u00e7\u00f5es que objetivam exercitar o olhar, o pensamento, as pr\u00e1ticas art\u00edsticas e, assim, ampliar o envolvimento do p\u00fablico com as obras que compuseram a exposi\u00e7\u00e3o.\u00a0<\/p>\n<p>A colet\u00e2nea de atividades, por sua vez, foi organizada pela coordenadora do laborat\u00f3rio assim como os membros da equipe Arthur Loren\u00e7o, Mariana Borges e Thalisson Souza e resume as principais atividades e produ\u00e7\u00f5es do laborat\u00f3rio. Ambas as cartilhas j\u00e1 est\u00e3o dispon\u00edveis online em nosso site no menu Produ\u00e7\u00e3o Cient\u00edfica. A publica\u00e7\u00e3o re\u00fane atividades desenvolvidas ao longo de 2025 no \u00e2mbito do Projeto de Extens\u00e3o n\u00ba 063549, \u201cMedia\u00e7\u00f5es art\u00edstico\/educativas \u2013 MEDIA\u201d, vinculado ao LACRIA\/UFSM. O projeto articula arte, criatividade, tecnologia e educa\u00e7\u00e3o, promovendo a\u00e7\u00f5es que integram ensino, pesquisa e extens\u00e3o e fortalecem o laborat\u00f3rio como espa\u00e7o de forma\u00e7\u00e3o, experimenta\u00e7\u00e3o e produ\u00e7\u00e3o de conhecimento.<\/p>\n<p><span style=\"text-align: var(--bs-body-text-align)\">Para conhecer mais sobre o LACRIA, seus projetos e atividades, acesse: <\/span><a style=\"text-align: var(--bs-body-text-align)\" href=\"https:\/\/www.ufsm.br\/laboratorios\/lacria\" target=\"_new\" rel=\"noopener\" data-start=\"264\" data-end=\"303\">https:\/\/www.ufsm.br\/laboratorios\/lacria<\/a><\/p>\n<p><!-- \/wp:tadv\/classic-paragraph --><\/p>\t\t\t\t\t\t<\/div>\n\t\t\t\t<\/div>\n\t\t\t\t\t<\/div>\n\t\t<\/div>\n\t\t\t\t\t<\/div>\n\t\t<\/section>\n\t\t\t\t<section class=\"elementor-section elementor-top-section elementor-element elementor-element-fa3aaa0 elementor-section-boxed elementor-section-height-default elementor-section-height-default\" data-id=\"fa3aaa0\" data-element_type=\"section\">\n\t\t\t\t\t\t<div class=\"elementor-container elementor-column-gap-default\">\n\t\t\t\t\t<div class=\"elementor-column elementor-col-100 elementor-top-column elementor-element elementor-element-8a7f6a2\" data-id=\"8a7f6a2\" data-element_type=\"column\">\n\t\t\t<div class=\"elementor-widget-wrap elementor-element-populated\">\n\t\t\t\t\t\t<div class=\"elementor-element elementor-element-08d9b2b elementor-arrows-position-inside elementor-pagination-position-outside elementor-widget elementor-widget-image-carousel\" data-id=\"08d9b2b\" data-element_type=\"widget\" data-settings=\"{&quot;navigation&quot;:&quot;both&quot;,&quot;autoplay&quot;:&quot;yes&quot;,&quot;pause_on_hover&quot;:&quot;yes&quot;,&quot;pause_on_interaction&quot;:&quot;yes&quot;,&quot;autoplay_speed&quot;:5000,&quot;infinite&quot;:&quot;yes&quot;,&quot;speed&quot;:500}\" data-widget_type=\"image-carousel.default\">\n\t\t\t\t<div class=\"elementor-widget-container\">\n\t\t\t\t\t<div class=\"elementor-image-carousel-wrapper swiper\" dir=\"ltr\">\n\t\t\t<div class=\"elementor-image-carousel swiper-wrapper\" aria-live=\"off\">\n\t\t\t\t\t\t\t\t<div class=\"swiper-slide\" role=\"group\" aria-roledescription=\"slide\" aria-label=\"1 of 4\"><figure class=\"swiper-slide-inner\"><img decoding=\"async\" class=\"swiper-slide-image\" src=\"https:\/\/www.ufsm.br\/app\/uploads\/sites\/966\/2026\/08\/30-1-768x960.jpg\" alt=\"30\" \/><\/figure><\/div><div class=\"swiper-slide\" role=\"group\" aria-roledescription=\"slide\" aria-label=\"2 of 4\"><figure class=\"swiper-slide-inner\"><img decoding=\"async\" class=\"swiper-slide-image\" src=\"https:\/\/www.ufsm.br\/app\/uploads\/sites\/966\/2026\/08\/23-1-768x960.jpg\" alt=\"23\" \/><\/figure><\/div><div class=\"swiper-slide\" role=\"group\" aria-roledescription=\"slide\" aria-label=\"3 of 4\"><figure class=\"swiper-slide-inner\"><img decoding=\"async\" class=\"swiper-slide-image\" src=\"https:\/\/www.ufsm.br\/app\/uploads\/sites\/966\/2026\/08\/Captura-de-Tela-2026-08-12-as-13.02.07-768x1090.jpg\" alt=\"Captura de Tela 2026-08-12 \u00e0s 13.02.07\" \/><\/figure><\/div><div class=\"swiper-slide\" role=\"group\" aria-roledescription=\"slide\" aria-label=\"4 of 4\"><figure class=\"swiper-slide-inner\"><img decoding=\"async\" class=\"swiper-slide-image\" src=\"https:\/\/www.ufsm.br\/app\/uploads\/sites\/966\/2026\/07\/lacria.jpg\" alt=\"LACRIA 2025\" \/><\/figure><\/div>\t\t\t<\/div>\n\t\t\t\t\t\t\t\t\t\t\t\t<div class=\"elementor-swiper-button elementor-swiper-button-prev\" role=\"button\" tabindex=\"0\">\n\t\t\t\t\t\t<i aria-hidden=\"true\" class=\"eicon-chevron-left\"><\/i>\t\t\t\t\t<\/div>\n\t\t\t\t\t<div class=\"elementor-swiper-button elementor-swiper-button-next\" role=\"button\" tabindex=\"0\">\n\t\t\t\t\t\t<i aria-hidden=\"true\" class=\"eicon-chevron-right\"><\/i>\t\t\t\t\t<\/div>\n\t\t\t\t\n\t\t\t\t\t\t\t\t\t<div class=\"swiper-pagination\"><\/div>\n\t\t\t\t\t\t\t\t\t<\/div>\n\t\t\t\t<\/div>\n\t\t\t\t<\/div>\n\t\t\t\t\t<\/div>\n\t\t<\/div>\n\t\t\t\t\t<\/div>\n\t\t<\/section>\n\t\t\t\t<section class=\"elementor-section elementor-top-section elementor-element elementor-element-630a5cb elementor-section-boxed elementor-section-height-default elementor-section-height-default\" data-id=\"630a5cb\" data-element_type=\"section\">\n\t\t\t\t\t\t<div class=\"elementor-container elementor-column-gap-default\">\n\t\t\t\t\t<div class=\"elementor-column elementor-col-100 elementor-top-column elementor-element elementor-element-c4ac760\" data-id=\"c4ac760\" data-element_type=\"column\">\n\t\t\t<div class=\"elementor-widget-wrap elementor-element-populated\">\n\t\t\t\t\t\t<div class=\"elementor-element elementor-element-f3c9d68 elementor-widget elementor-widget-text-editor\" data-id=\"f3c9d68\" data-element_type=\"widget\" data-widget_type=\"text-editor.default\">\n\t\t\t\t<div class=\"elementor-widget-container\">\n\t\t\t\t\t\t\t<p style=\"text-align: center\"><em data-start=\"1080\" data-end=\"1119\">Material de Media\u00e7\u00e3o e LACRIA \u2013 Colet\u00e2nea de Atividades 2025<\/em>.\u00a0<\/p>\t\t\t\t\t\t<\/div>\n\t\t\t\t<\/div>\n\t\t\t\t\t<\/div>\n\t\t<\/div>\n\t\t\t\t\t<\/div>\n\t\t<\/section>\n\t\t\t\t<section class=\"elementor-section elementor-top-section elementor-element elementor-element-1eee70e elementor-section-boxed elementor-section-height-default elementor-section-height-default\" data-id=\"1eee70e\" data-element_type=\"section\">\n\t\t\t\t\t\t<div class=\"elementor-container elementor-column-gap-default\">\n\t\t\t\t\t<div class=\"elementor-column elementor-col-100 elementor-top-column elementor-element elementor-element-b189098\" data-id=\"b189098\" data-element_type=\"column\">\n\t\t\t<div class=\"elementor-widget-wrap elementor-element-populated\">\n\t\t\t\t\t\t<div class=\"elementor-element elementor-element-3ac029a elementor-widget elementor-widget-text-editor\" data-id=\"3ac029a\" data-element_type=\"widget\" data-widget_type=\"text-editor.default\">\n\t\t\t\t<div class=\"elementor-widget-container\">\n\t\t\t\t\t\t\t<p><em><strong>Texto:<\/strong> Fl\u00e1via Pedrosa e Adriana Antunes.<\/em><br data-start=\"161\" data-end=\"164\" \/><em><strong>Edi\u00e7\u00e3o:<\/strong> Thalisson Souza.<\/em><\/p>\t\t\t\t\t\t<\/div>\n\t\t\t\t<\/div>\n\t\t\t\t\t<\/div>\n\t\t<\/div>\n\t\t\t\t\t<\/div>\n\t\t<\/section>\n\t\t\t\t<\/div>\n\t\t","protected":false},"excerpt":{"rendered":"<p>A 53\u00aa Feira do Livro de Santa Maria ocorrer\u00e1 na Pra\u00e7a Saldanha Marinho e alguns outros espa\u00e7os de 7 a 22 de agosto de 2026. O LACRIA estar\u00e1 lan\u00e7ando sua 4a cartilha e 1a como colet\u00e2nea de atividades. A programa\u00e7\u00e3o de lan\u00e7amento ser\u00e1 divulgada em breve no site da Editora da PRE UFSM. A cartilha [&hellip;]<\/p>\n","protected":false},"author":8202,"featured_media":0,"comment_status":"closed","ping_status":"closed","sticky":false,"template":"","format":"standard","meta":{"footnotes":""},"categories":[1],"tags":[31,33],"class_list":["post-217","post","type-post","status-publish","format-standard","hentry","category-sem-categoria","tag-https-www-ufsm-br-laboratorios-lacria","tag-criatividade"],"acf":[],"_links":{"self":[{"href":"https:\/\/www.ufsm.br\/laboratorios\/lacria\/wp-json\/wp\/v2\/posts\/217","targetHints":{"allow":["GET"]}}],"collection":[{"href":"https:\/\/www.ufsm.br\/laboratorios\/lacria\/wp-json\/wp\/v2\/posts"}],"about":[{"href":"https:\/\/www.ufsm.br\/laboratorios\/lacria\/wp-json\/wp\/v2\/types\/post"}],"author":[{"embeddable":true,"href":"https:\/\/www.ufsm.br\/laboratorios\/lacria\/wp-json\/wp\/v2\/users\/8202"}],"replies":[{"embeddable":true,"href":"https:\/\/www.ufsm.br\/laboratorios\/lacria\/wp-json\/wp\/v2\/comments?post=217"}],"version-history":[{"count":0,"href":"https:\/\/www.ufsm.br\/laboratorios\/lacria\/wp-json\/wp\/v2\/posts\/217\/revisions"}],"wp:attachment":[{"href":"https:\/\/www.ufsm.br\/laboratorios\/lacria\/wp-json\/wp\/v2\/media?parent=217"}],"wp:term":[{"taxonomy":"category","embeddable":true,"href":"https:\/\/www.ufsm.br\/laboratorios\/lacria\/wp-json\/wp\/v2\/categories?post=217"},{"taxonomy":"post_tag","embeddable":true,"href":"https:\/\/www.ufsm.br\/laboratorios\/lacria\/wp-json\/wp\/v2\/tags?post=217"}],"curies":[{"name":"wp","href":"https:\/\/api.w.org\/{rel}","templated":true}]}}