{"id":328,"date":"2024-10-07T14:20:46","date_gmt":"2024-10-07T17:20:46","guid":{"rendered":"https:\/\/www.ufsm.br\/laboratorios\/lageolam\/?p=328"},"modified":"2024-10-16T11:26:38","modified_gmt":"2024-10-16T14:26:38","slug":"evento-tech-talks-ocorrido-dia-26-setembro-abordou-a-seguinte-tematica-resiliencia-urbana-no-contexto-do-rio-grande-do-sul-contribuicoes-novas-perspectivas-e-desafios-geoespaciais","status":"publish","type":"post","link":"https:\/\/www.ufsm.br\/laboratorios\/lageolam\/2024\/10\/07\/evento-tech-talks-ocorrido-dia-26-setembro-abordou-a-seguinte-tematica-resiliencia-urbana-no-contexto-do-rio-grande-do-sul-contribuicoes-novas-perspectivas-e-desafios-geoespaciais","title":{"rendered":"Evento Tech Talks ocorrido dia 26 Setembro  abordou a seguinte tem\u00e1tica: &#8220;Resili\u00eancia Urbana no Contexto do Rio Grande do Sul contribui\u00e7\u00f5es, novas perspectivas e desafios geoespaciais&#8221;"},"content":{"rendered":"\t\t<div data-elementor-type=\"wp-post\" data-elementor-id=\"328\" class=\"elementor elementor-328\">\n\t\t\t\t\t\t<section class=\"elementor-section elementor-top-section elementor-element elementor-element-6b96996 elementor-section-boxed elementor-section-height-default elementor-section-height-default\" data-id=\"6b96996\" data-element_type=\"section\">\n\t\t\t\t\t\t<div class=\"elementor-container elementor-column-gap-default\">\n\t\t\t\t\t<div class=\"elementor-column elementor-col-100 elementor-top-column elementor-element elementor-element-e017727\" data-id=\"e017727\" data-element_type=\"column\">\n\t\t\t<div class=\"elementor-widget-wrap elementor-element-populated\">\n\t\t\t\t\t\t<div class=\"elementor-element elementor-element-45f3d2f elementor-widget__width-initial elementor-widget elementor-widget-image\" data-id=\"45f3d2f\" data-element_type=\"widget\" data-widget_type=\"image.default\">\n\t\t\t\t<div class=\"elementor-widget-container\">\n\t\t\t\t\t\t\t\t\t\t\t\t\t<img fetchpriority=\"high\" decoding=\"async\" width=\"1024\" height=\"1024\" src=\"https:\/\/www.ufsm.br\/app\/uploads\/sites\/649\/2024\/10\/WhatsApp-Image-2024-10-07-at-13.51.25-1024x1024.jpeg\" class=\"attachment-large size-large wp-image-331\" alt=\"\" srcset=\"https:\/\/www.ufsm.br\/app\/uploads\/sites\/649\/2024\/10\/WhatsApp-Image-2024-10-07-at-13.51.25-1024x1024.jpeg 1024w, https:\/\/www.ufsm.br\/app\/uploads\/sites\/649\/2024\/10\/WhatsApp-Image-2024-10-07-at-13.51.25-300x300.jpeg 300w, https:\/\/www.ufsm.br\/app\/uploads\/sites\/649\/2024\/10\/WhatsApp-Image-2024-10-07-at-13.51.25-150x150.jpeg 150w, https:\/\/www.ufsm.br\/app\/uploads\/sites\/649\/2024\/10\/WhatsApp-Image-2024-10-07-at-13.51.25-768x768.jpeg 768w, https:\/\/www.ufsm.br\/app\/uploads\/sites\/649\/2024\/10\/WhatsApp-Image-2024-10-07-at-13.51.25-1536x1536.jpeg 1536w, https:\/\/www.ufsm.br\/app\/uploads\/sites\/649\/2024\/10\/WhatsApp-Image-2024-10-07-at-13.51.25.jpeg 1600w\" sizes=\"(max-width: 1024px) 100vw, 1024px\" \/>\t\t\t\t\t\t\t\t\t\t\t\t\t<\/div>\n\t\t\t\t<\/div>\n\t\t\t\t\t<\/div>\n\t\t<\/div>\n\t\t\t\t\t<\/div>\n\t\t<\/section>\n\t\t\t\t<section class=\"elementor-section elementor-top-section elementor-element elementor-element-f9d808b elementor-section-boxed elementor-section-height-default elementor-section-height-default\" data-id=\"f9d808b\" data-element_type=\"section\">\n\t\t\t\t\t\t<div class=\"elementor-container elementor-column-gap-default\">\n\t\t\t\t\t<div class=\"elementor-column elementor-col-100 elementor-top-column elementor-element elementor-element-4a5bb35\" data-id=\"4a5bb35\" data-element_type=\"column\">\n\t\t\t<div class=\"elementor-widget-wrap\">\n\t\t\t\t\t\t\t<\/div>\n\t\t<\/div>\n\t\t\t\t\t<\/div>\n\t\t<\/section>\n\t\t\t\t<section class=\"elementor-section elementor-top-section elementor-element elementor-element-cdad8da elementor-section-boxed elementor-section-height-default elementor-section-height-default\" data-id=\"cdad8da\" data-element_type=\"section\">\n\t\t\t\t\t\t<div class=\"elementor-container elementor-column-gap-default\">\n\t\t\t\t\t<div class=\"elementor-column elementor-col-100 elementor-top-column elementor-element elementor-element-2d1d973\" data-id=\"2d1d973\" data-element_type=\"column\">\n\t\t\t<div class=\"elementor-widget-wrap elementor-element-populated\">\n\t\t\t\t\t\t<div class=\"elementor-element elementor-element-1c54adb elementor-widget elementor-widget-text-editor\" data-id=\"1c54adb\" data-element_type=\"widget\" data-widget_type=\"text-editor.default\">\n\t\t\t\t<div class=\"elementor-widget-container\">\n\t\t\t\t\t\t\t<p>.<\/p>\t\t\t\t\t\t<\/div>\n\t\t\t\t<\/div>\n\t\t\t\t<div class=\"elementor-element elementor-element-e8a810e elementor-widget elementor-widget-heading\" data-id=\"e8a810e\" data-element_type=\"widget\" data-widget_type=\"heading.default\">\n\t\t\t\t<div class=\"elementor-widget-container\">\n\t\t\t<h3 class=\"elementor-heading-title elementor-size-default\"><span>Prof. Rom\u00e1rio Trentin do grupo LAGEOLAM palestrou em Evento online&nbsp; no dia 26 de setembro promovido pelo PPGARQ e Escola Polit\u00e9cnica na UFSM.<\/span><\/h3>\t\t<\/div>\n\t\t\t\t<\/div>\n\t\t\t\t\t<\/div>\n\t\t<\/div>\n\t\t\t\t\t<\/div>\n\t\t<\/section>\n\t\t\t\t<\/div>\n\t\t","protected":false},"excerpt":{"rendered":"<p>. Prof. Rom\u00e1rio Trentin do grupo LAGEOLAM palestrou em Evento online&nbsp; no dia 26 de setembro promovido pelo PPGARQ e Escola Polit\u00e9cnica na UFSM.<\/p>\n","protected":false},"author":8110,"featured_media":0,"comment_status":"closed","ping_status":"closed","sticky":true,"template":"","format":"standard","meta":{"footnotes":""},"categories":[11],"tags":[75],"class_list":["post-328","post","type-post","status-publish","format-standard","hentry","category-noticias","tag-participacao-em-evento"],"acf":[],"_links":{"self":[{"href":"https:\/\/www.ufsm.br\/laboratorios\/lageolam\/wp-json\/wp\/v2\/posts\/328","targetHints":{"allow":["GET"]}}],"collection":[{"href":"https:\/\/www.ufsm.br\/laboratorios\/lageolam\/wp-json\/wp\/v2\/posts"}],"about":[{"href":"https:\/\/www.ufsm.br\/laboratorios\/lageolam\/wp-json\/wp\/v2\/types\/post"}],"author":[{"embeddable":true,"href":"https:\/\/www.ufsm.br\/laboratorios\/lageolam\/wp-json\/wp\/v2\/users\/8110"}],"replies":[{"embeddable":true,"href":"https:\/\/www.ufsm.br\/laboratorios\/lageolam\/wp-json\/wp\/v2\/comments?post=328"}],"version-history":[{"count":0,"href":"https:\/\/www.ufsm.br\/laboratorios\/lageolam\/wp-json\/wp\/v2\/posts\/328\/revisions"}],"wp:attachment":[{"href":"https:\/\/www.ufsm.br\/laboratorios\/lageolam\/wp-json\/wp\/v2\/media?parent=328"}],"wp:term":[{"taxonomy":"category","embeddable":true,"href":"https:\/\/www.ufsm.br\/laboratorios\/lageolam\/wp-json\/wp\/v2\/categories?post=328"},{"taxonomy":"post_tag","embeddable":true,"href":"https:\/\/www.ufsm.br\/laboratorios\/lageolam\/wp-json\/wp\/v2\/tags?post=328"}],"curies":[{"name":"wp","href":"https:\/\/api.w.org\/{rel}","templated":true}]}}