{"id":448,"date":"2025-10-20T10:53:06","date_gmt":"2025-10-20T13:53:06","guid":{"rendered":"https:\/\/www.ufsm.br\/laboratorios\/lageolam\/?p=448"},"modified":"2025-10-20T11:09:42","modified_gmt":"2025-10-20T14:09:42","slug":"pesquisadores-do-laboratorio-de-geologia-ambiental-lageolam-recebem-premio-de-melhor-tese-na-area-da-geografia","status":"publish","type":"post","link":"https:\/\/www.ufsm.br\/laboratorios\/lageolam\/2025\/10\/20\/pesquisadores-do-laboratorio-de-geologia-ambiental-lageolam-recebem-premio-de-melhor-tese-na-area-da-geografia","title":{"rendered":"Pesquisadores do Laborat\u00f3rio de Geologia Ambiental (LAGEOLAM) recebem pr\u00eamio de melhor tese na \u00e1rea da Geografia\u00a0"},"content":{"rendered":"\t\t<div data-elementor-type=\"wp-post\" data-elementor-id=\"448\" class=\"elementor elementor-448\">\n\t\t\t\t\t\t<section class=\"elementor-section elementor-top-section elementor-element elementor-element-36e6f40e elementor-section-content-middle elementor-section-boxed elementor-section-height-default elementor-section-height-default\" data-id=\"36e6f40e\" data-element_type=\"section\">\n\t\t\t\t\t\t<div class=\"elementor-container elementor-column-gap-extended\">\n\t\t\t\t\t<div class=\"elementor-column elementor-col-100 elementor-top-column elementor-element elementor-element-4fa3ba32\" data-id=\"4fa3ba32\" data-element_type=\"column\">\n\t\t\t<div class=\"elementor-widget-wrap elementor-element-populated\">\n\t\t\t\t\t\t<div class=\"elementor-element elementor-element-151b298b elementor-widget__width-initial elementor-widget elementor-widget-text-editor\" data-id=\"151b298b\" data-element_type=\"widget\" data-widget_type=\"text-editor.default\">\n\t\t\t\t<div class=\"elementor-widget-container\">\n\t\t\t\t\t\t\t<div>&nbsp;<span style=\"color: #000000;font-size: 1rem\">O pesquisador Lucas Krein Rademann foi reconhecido com o Pr\u00eamio Ailton Luchiari durante o XVI Encontro Nacional de P\u00f3s-Gradua\u00e7\u00e3o e Pesquisa em Geografia (ENANPEGE), realizado em Macap\u00e1, no dia 25 de setembro de 2025. O pr\u00eamio foi concedido pela tese \u201cFatores erosivos e sua influ\u00eancia na morfologia das vo\u00e7orocas no munic\u00edpio de Cacequi, Rio Grande do Sul\u201d, desenvolvida sob orienta\u00e7\u00e3o do professor Dr. Romario Trentin, da Universidade Federal de Santa Maria (UFSM).&nbsp;<\/span><span style=\"font-size: 1rem\">A premia\u00e7\u00e3o reconhece a relev\u00e2ncia cient\u00edfica e social da pesquisa, que contribui para o entendimento dos processos erosivos e para o desenvolvimento de estrat\u00e9gias de manejo sustent\u00e1vel do solo.&nbsp;<\/span><\/div>\n<p><!-- \/wp:tadv\/classic-paragraph --><!-- wp:tadv\/classic-paragraph \/--><!-- wp:tadv\/classic-paragraph \/--><\/p>\t\t\t\t\t\t<\/div>\n\t\t\t\t<\/div>\n\t\t\t\t<div class=\"elementor-element elementor-element-4b07e52 elementor-widget__width-initial elementor-widget elementor-widget-image\" data-id=\"4b07e52\" data-element_type=\"widget\" data-widget_type=\"image.default\">\n\t\t\t\t<div class=\"elementor-widget-container\">\n\t\t\t\t\t\t\t\t\t\t\t\t\t<img fetchpriority=\"high\" decoding=\"async\" width=\"957\" height=\"989\" src=\"https:\/\/www.ufsm.br\/app\/uploads\/sites\/649\/2025\/10\/Rademan_premio.jpg\" class=\"attachment-large size-large wp-image-451\" alt=\"\" srcset=\"https:\/\/www.ufsm.br\/app\/uploads\/sites\/649\/2025\/10\/Rademan_premio.jpg 957w, https:\/\/www.ufsm.br\/app\/uploads\/sites\/649\/2025\/10\/Rademan_premio-290x300.jpg 290w, https:\/\/www.ufsm.br\/app\/uploads\/sites\/649\/2025\/10\/Rademan_premio-768x794.jpg 768w\" sizes=\"(max-width: 957px) 100vw, 957px\" \/>\t\t\t\t\t\t\t\t\t\t\t\t\t<\/div>\n\t\t\t\t<\/div>\n\t\t\t\t<div class=\"elementor-element elementor-element-3a4ab96 elementor-widget__width-initial elementor-widget elementor-widget-image\" data-id=\"3a4ab96\" data-element_type=\"widget\" data-widget_type=\"image.default\">\n\t\t\t\t<div class=\"elementor-widget-container\">\n\t\t\t\t\t\t\t\t\t\t\t\t\t<img decoding=\"async\" width=\"1024\" height=\"723\" src=\"https:\/\/www.ufsm.br\/app\/uploads\/sites\/649\/2025\/10\/PHOTO-2025-10-15-09-07-11-1024x723.jpg\" class=\"attachment-large size-large wp-image-449\" alt=\"\" srcset=\"https:\/\/www.ufsm.br\/app\/uploads\/sites\/649\/2025\/10\/PHOTO-2025-10-15-09-07-11-1024x723.jpg 1024w, https:\/\/www.ufsm.br\/app\/uploads\/sites\/649\/2025\/10\/PHOTO-2025-10-15-09-07-11-300x212.jpg 300w, https:\/\/www.ufsm.br\/app\/uploads\/sites\/649\/2025\/10\/PHOTO-2025-10-15-09-07-11-768x542.jpg 768w, https:\/\/www.ufsm.br\/app\/uploads\/sites\/649\/2025\/10\/PHOTO-2025-10-15-09-07-11-1536x1085.jpg 1536w, https:\/\/www.ufsm.br\/app\/uploads\/sites\/649\/2025\/10\/PHOTO-2025-10-15-09-07-11.jpg 1600w\" sizes=\"(max-width: 1024px) 100vw, 1024px\" \/>\t\t\t\t\t\t\t\t\t\t\t\t\t<\/div>\n\t\t\t\t<\/div>\n\t\t\t\t\t<\/div>\n\t\t<\/div>\n\t\t\t\t\t<\/div>\n\t\t<\/section>\n\t\t\t\t<\/div>\n\t\t","protected":false},"excerpt":{"rendered":"<p>&nbsp;O pesquisador Lucas Krein Rademann foi reconhecido com o Pr\u00eamio Ailton Luchiari durante o XVI Encontro Nacional de P\u00f3s-Gradua\u00e7\u00e3o e Pesquisa em Geografia (ENANPEGE), realizado em Macap\u00e1, no dia 25 de setembro de 2025. O pr\u00eamio foi concedido pela tese \u201cFatores erosivos e sua influ\u00eancia na morfologia das vo\u00e7orocas no munic\u00edpio de Cacequi, Rio Grande [&hellip;]<\/p>\n","protected":false},"author":8110,"featured_media":0,"comment_status":"closed","ping_status":"closed","sticky":false,"template":"","format":"standard","meta":{"footnotes":""},"categories":[11],"tags":[95],"class_list":["post-448","post","type-post","status-publish","format-standard","hentry","category-noticias","tag-premio-de-melhor-tese-na-area-da-geografia"],"acf":[],"_links":{"self":[{"href":"https:\/\/www.ufsm.br\/laboratorios\/lageolam\/wp-json\/wp\/v2\/posts\/448","targetHints":{"allow":["GET"]}}],"collection":[{"href":"https:\/\/www.ufsm.br\/laboratorios\/lageolam\/wp-json\/wp\/v2\/posts"}],"about":[{"href":"https:\/\/www.ufsm.br\/laboratorios\/lageolam\/wp-json\/wp\/v2\/types\/post"}],"author":[{"embeddable":true,"href":"https:\/\/www.ufsm.br\/laboratorios\/lageolam\/wp-json\/wp\/v2\/users\/8110"}],"replies":[{"embeddable":true,"href":"https:\/\/www.ufsm.br\/laboratorios\/lageolam\/wp-json\/wp\/v2\/comments?post=448"}],"version-history":[{"count":0,"href":"https:\/\/www.ufsm.br\/laboratorios\/lageolam\/wp-json\/wp\/v2\/posts\/448\/revisions"}],"wp:attachment":[{"href":"https:\/\/www.ufsm.br\/laboratorios\/lageolam\/wp-json\/wp\/v2\/media?parent=448"}],"wp:term":[{"taxonomy":"category","embeddable":true,"href":"https:\/\/www.ufsm.br\/laboratorios\/lageolam\/wp-json\/wp\/v2\/categories?post=448"},{"taxonomy":"post_tag","embeddable":true,"href":"https:\/\/www.ufsm.br\/laboratorios\/lageolam\/wp-json\/wp\/v2\/tags?post=448"}],"curies":[{"name":"wp","href":"https:\/\/api.w.org\/{rel}","templated":true}]}}