{"id":494,"date":"2026-08-27T10:32:20","date_gmt":"2026-08-27T13:32:20","guid":{"rendered":"https:\/\/www.ufsm.br\/laboratorios\/lageolam\/?p=494"},"modified":"2026-08-27T11:00:45","modified_gmt":"2026-08-27T14:00:45","slug":"recortes-biograficos-historias-que-transformam","status":"publish","type":"post","link":"https:\/\/www.ufsm.br\/laboratorios\/lageolam\/2026\/08\/27\/recortes-biograficos-historias-que-transformam","title":{"rendered":"Recortes Biogr\u00e1ficos &#8211; Hist\u00f3rias que transformam"},"content":{"rendered":"\t\t<div data-elementor-type=\"wp-post\" data-elementor-id=\"494\" class=\"elementor elementor-494\">\n\t\t\t\t\t\t<section class=\"elementor-section elementor-top-section elementor-element elementor-element-62ade43 elementor-section-boxed elementor-section-height-default elementor-section-height-default\" data-id=\"62ade43\" data-element_type=\"section\">\n\t\t\t\t\t\t<div class=\"elementor-container elementor-column-gap-default\">\n\t\t\t\t\t<div class=\"elementor-column elementor-col-100 elementor-top-column elementor-element elementor-element-4239131\" data-id=\"4239131\" data-element_type=\"column\">\n\t\t\t<div class=\"elementor-widget-wrap elementor-element-populated\">\n\t\t\t\t\t\t<div class=\"elementor-element elementor-element-15fd815 elementor-widget__width-initial elementor-widget elementor-widget-image\" data-id=\"15fd815\" data-element_type=\"widget\" data-widget_type=\"image.default\">\n\t\t\t\t<div class=\"elementor-widget-container\">\n\t\t\t\t\t\t\t\t\t\t<figure class=\"wp-caption\">\n\t\t\t\t\t\t\t\t\t\t<img decoding=\"async\" src=\"https:\/\/www.ufsm.br\/app\/uploads\/sites\/649\/2026\/08\/Palestra-setembro26.jpeg\" title=\"Palestra setembro26\" alt=\"Palestra setembro26\" loading=\"lazy\" \/>\t\t\t\t\t\t\t\t\t\t\t<figcaption class=\"widget-image-caption wp-caption-text\"><\/figcaption>\n\t\t\t\t\t\t\t\t\t\t<\/figure>\n\t\t\t\t\t\t\t<\/div>\n\t\t\t\t<\/div>\n\t\t\t\t<div class=\"elementor-element elementor-element-71ab0f0 elementor-widget__width-initial elementor-widget elementor-widget-text-editor\" data-id=\"71ab0f0\" data-element_type=\"widget\" data-widget_type=\"text-editor.default\">\n\t\t\t\t<div class=\"elementor-widget-container\">\n\t\t\t\t\t\t\t<p>Na pr\u00f3xima semana\u00a0 dia 01 de setembro &#8211; 15H acontecer\u00e1 uma Roda de Conversa, na ocasi\u00e3o ser\u00e1 apresentado o projeto &#8220;Recortes Biogr\u00e1ficos &#8211; Hist\u00f3rias que transformam&#8221; e contar\u00e3o com a presen\u00e7a da Profa. Andr\u00e9a Nummer (Departamento de Geoci\u00eancia\/UFSM), Everton Picolotto (Sedufm) e Profa. Aline de Lima Rodrigues (Departamento de Geoci\u00eancia\/UFSM).\u00a0<span style=\"color: #000000;font-size: 1rem\">O local do evento ser\u00e1\u00a0<\/span><span style=\"color: #000000;font-size: 1rem\">o audit\u00f3rio Milton Santos (B2 pr\u00e9dio 17 na UFSM).<\/span><\/p>\t\t\t\t\t\t<\/div>\n\t\t\t\t<\/div>\n\t\t\t\t\t<\/div>\n\t\t<\/div>\n\t\t\t\t\t<\/div>\n\t\t<\/section>\n\t\t\t\t<\/div>\n\t\t","protected":false},"excerpt":{"rendered":"<p>Recortes Biogr\u00e1ficos &#8211; Hist\u00f3rias que transformam.<br \/>\nProfa. Andr\u00e9a Nummer.<\/p>\n","protected":false},"author":8110,"featured_media":0,"comment_status":"closed","ping_status":"closed","sticky":false,"template":"","format":"standard","meta":{"footnotes":""},"categories":[11],"tags":[105],"class_list":["post-494","post","type-post","status-publish","format-standard","hentry","category-noticias","tag-recortes-biograficos-historias-que-transformam"],"acf":[],"_links":{"self":[{"href":"https:\/\/www.ufsm.br\/laboratorios\/lageolam\/wp-json\/wp\/v2\/posts\/494","targetHints":{"allow":["GET"]}}],"collection":[{"href":"https:\/\/www.ufsm.br\/laboratorios\/lageolam\/wp-json\/wp\/v2\/posts"}],"about":[{"href":"https:\/\/www.ufsm.br\/laboratorios\/lageolam\/wp-json\/wp\/v2\/types\/post"}],"author":[{"embeddable":true,"href":"https:\/\/www.ufsm.br\/laboratorios\/lageolam\/wp-json\/wp\/v2\/users\/8110"}],"replies":[{"embeddable":true,"href":"https:\/\/www.ufsm.br\/laboratorios\/lageolam\/wp-json\/wp\/v2\/comments?post=494"}],"version-history":[{"count":0,"href":"https:\/\/www.ufsm.br\/laboratorios\/lageolam\/wp-json\/wp\/v2\/posts\/494\/revisions"}],"wp:attachment":[{"href":"https:\/\/www.ufsm.br\/laboratorios\/lageolam\/wp-json\/wp\/v2\/media?parent=494"}],"wp:term":[{"taxonomy":"category","embeddable":true,"href":"https:\/\/www.ufsm.br\/laboratorios\/lageolam\/wp-json\/wp\/v2\/categories?post=494"},{"taxonomy":"post_tag","embeddable":true,"href":"https:\/\/www.ufsm.br\/laboratorios\/lageolam\/wp-json\/wp\/v2\/tags?post=494"}],"curies":[{"name":"wp","href":"https:\/\/api.w.org\/{rel}","templated":true}]}}