{"id":177,"date":"2022-06-10T08:41:40","date_gmt":"2022-06-10T11:41:40","guid":{"rendered":"https:\/\/www.ufsm.br\/laboratorios\/lamen\/?p=177"},"modified":"2022-06-10T11:26:09","modified_gmt":"2022-06-10T14:26:09","slug":"oficinas-de-musica-do-laboratorio-de-educacao-musical-lem-ce-2022","status":"publish","type":"post","link":"https:\/\/www.ufsm.br\/laboratorios\/lamen\/2022\/06\/10\/oficinas-de-musica-do-laboratorio-de-educacao-musical-lem-ce-2022","title":{"rendered":"Oficinas de M\u00fasica do Laborat\u00f3rio de Educa\u00e7\u00e3o Musical &#8211; LEM\/CE &#8211; 2022"},"content":{"rendered":"\n<p>O Laborat\u00f3rio de Educa\u00e7\u00e3o Musical (LEM), juntamente com os Laborat\u00f3rios de Metodologia do Ensino (LAMEN) do Centro de Educa\u00e7\u00e3o e o Programa de Licenciaturas (PROLICEN), divulgam a abertura de inscri\u00e7\u00f5es para as oficinas de m\u00fasica do LEM\/CE neste 1\u00ba semestre de 2022. O LEM \u00e9 coordenado pelas professoras Cl\u00e1udia Ribeiro Bellochio e Luciane Wilke Garbosa, ambas do Departamento de Metodologia do Ensino.<\/p>\n<p>Nesta edi\u00e7\u00e3o ser\u00e3o oferecidas oficinas de m\u00fasica para a comunidade de Santa Maria, que compreende as comunidades interna e externa \u00e0 UFSM, e para a Educa\u00e7\u00e3o B\u00e1sica, voltadas para estudantes da Escola Vicente Farencena, em Camobi. Ser\u00e3o oferecidas as seguintes modalidades:\u00a0<\/p>\n<p><strong>Oficinas para a comunidade de Santa Maria:<\/strong><\/p>\n<p>Viol\u00e3o para iniciados e iniciantes (10 vagas);<\/p>\n<p>Flauta-doce para iniciados e iniciantes (10 vagas);<\/p>\n<p>Canto coral para iniciados e iniciantes (100 vagas).<\/p>\n<p><strong>Oficinas para a Educa\u00e7\u00e3o B\u00e1sica:<\/strong><\/p>\n<p>Viol\u00e3o para estudantes da\u00a0Escola Vicente Farencena;<\/p>\n<p>Flauta-doce para estudantes da Escola Vicente Farencena.<\/p>\n<p>As oficinas s\u00e3o totalmente gratuitas e ter\u00e3o <strong>in\u00edcio a partir do dia 27 de junho de 2022<\/strong>. As inscri\u00e7\u00f5es podem ser realizadas, por meio de <a href=\"https:\/\/docs.google.com\/forms\/d\/e\/1FAIpQLScW15BppagbZdTkSt0yNZyXrlJojU44qQMwI_fOfBTUSUmvPw\/viewform?usp=sf_link\" target=\"_blank\" rel=\"noopener\">formul\u00e1rio eletr\u00f4nico<\/a>, <strong>de 10 a 14 de junho de 2022, at\u00e9 \u00e0s 23h59min<\/strong>. No dia <strong>15 de junho de 2022<\/strong> ser\u00e1 publicada na <a href=\"http:\/\/www.ufsm.br\/lamen\" target=\"_blank\" rel=\"noopener\">p\u00e1gina do LAMEN<\/a> a listagem com a ordem dos inscritos. No formul\u00e1rio tamb\u00e9m podem ser encontradas informa\u00e7\u00f5es sobre datas, hor\u00e1rios, exig\u00eancias e crit\u00e9rios para perman\u00eancia nas aulas.<\/p>\n<p>D\u00favidas podem ser encaminhadas para e-mail\u00a0lamen@ufsm.br\u00a0ou pelo telefone (55) 3220-9490.<\/p>\n","protected":false},"excerpt":{"rendered":"<p>O Laborat\u00f3rio de Educa\u00e7\u00e3o Musical (LEM), juntamente com os Laborat\u00f3rios de Metodologia do Ensino (LAMEN) do Centro de Educa\u00e7\u00e3o e o Programa de Licenciaturas (PROLICEN), divulgam a abertura de inscri\u00e7\u00f5es para as oficinas de m\u00fasica do LEM\/CE neste 1\u00ba semestre de 2022. O LEM \u00e9 coordenado pelas professoras Cl\u00e1udia Ribeiro Bellochio e Luciane Wilke Garbosa, [&hellip;]<\/p>\n","protected":false},"author":3416,"featured_media":0,"comment_status":"closed","ping_status":"closed","sticky":false,"template":"","format":"standard","meta":{"footnotes":""},"categories":[1],"tags":[],"class_list":["post-177","post","type-post","status-publish","format-standard","hentry","category-sem-categoria"],"acf":[],"_links":{"self":[{"href":"https:\/\/www.ufsm.br\/laboratorios\/lamen\/wp-json\/wp\/v2\/posts\/177","targetHints":{"allow":["GET"]}}],"collection":[{"href":"https:\/\/www.ufsm.br\/laboratorios\/lamen\/wp-json\/wp\/v2\/posts"}],"about":[{"href":"https:\/\/www.ufsm.br\/laboratorios\/lamen\/wp-json\/wp\/v2\/types\/post"}],"author":[{"embeddable":true,"href":"https:\/\/www.ufsm.br\/laboratorios\/lamen\/wp-json\/wp\/v2\/users\/3416"}],"replies":[{"embeddable":true,"href":"https:\/\/www.ufsm.br\/laboratorios\/lamen\/wp-json\/wp\/v2\/comments?post=177"}],"version-history":[{"count":0,"href":"https:\/\/www.ufsm.br\/laboratorios\/lamen\/wp-json\/wp\/v2\/posts\/177\/revisions"}],"wp:attachment":[{"href":"https:\/\/www.ufsm.br\/laboratorios\/lamen\/wp-json\/wp\/v2\/media?parent=177"}],"wp:term":[{"taxonomy":"category","embeddable":true,"href":"https:\/\/www.ufsm.br\/laboratorios\/lamen\/wp-json\/wp\/v2\/categories?post=177"},{"taxonomy":"post_tag","embeddable":true,"href":"https:\/\/www.ufsm.br\/laboratorios\/lamen\/wp-json\/wp\/v2\/tags?post=177"}],"curies":[{"name":"wp","href":"https:\/\/api.w.org\/{rel}","templated":true}]}}