{"id":247,"date":"2023-05-15T12:49:45","date_gmt":"2023-05-15T15:49:45","guid":{"rendered":"https:\/\/www.ufsm.br\/laboratorios\/lamen\/?p=247"},"modified":"2023-05-15T12:49:46","modified_gmt":"2023-05-15T15:49:46","slug":"inscritos-nas-oficinas-de-musica-do-lem-ce","status":"publish","type":"post","link":"https:\/\/www.ufsm.br\/laboratorios\/lamen\/2023\/05\/15\/inscritos-nas-oficinas-de-musica-do-lem-ce","title":{"rendered":"Inscritos nas oficinas de m\u00fasica do LEM\/CE"},"content":{"rendered":"\n<p>Divulgada a <a href=\"https:\/\/www.ufsm.br\/app\/uploads\/sites\/651\/2023\/05\/Inscritos-Oficina-Musica-2023-1-semestre.pdf\" target=\"_blank\" rel=\"noopener\">rela\u00e7\u00e3o de inscritos<\/a> nas oficinas de flauta-doce e canto coral para a comunidade de Santa Maria e nas oficinas viol\u00e3o e flauta-doce para estudantes da Escola Vicente Farencena. A confirma\u00e7\u00e3o da vaga somente ser\u00e1 efetivada mediante comparecimento na primeira aula.<\/p>\n","protected":false},"excerpt":{"rendered":"<p>Divulgada a rela\u00e7\u00e3o de inscritos nas oficinas de flauta-doce e canto coral para a comunidade de Santa Maria e nas oficinas viol\u00e3o e flauta-doce para estudantes da Escola Vicente Farencena. A confirma\u00e7\u00e3o da vaga somente ser\u00e1 efetivada mediante comparecimento na primeira aula.<\/p>\n","protected":false},"author":3416,"featured_media":0,"comment_status":"closed","ping_status":"closed","sticky":false,"template":"","format":"standard","meta":{"footnotes":""},"categories":[1],"tags":[],"class_list":["post-247","post","type-post","status-publish","format-standard","hentry","category-sem-categoria"],"acf":[],"_links":{"self":[{"href":"https:\/\/www.ufsm.br\/laboratorios\/lamen\/wp-json\/wp\/v2\/posts\/247","targetHints":{"allow":["GET"]}}],"collection":[{"href":"https:\/\/www.ufsm.br\/laboratorios\/lamen\/wp-json\/wp\/v2\/posts"}],"about":[{"href":"https:\/\/www.ufsm.br\/laboratorios\/lamen\/wp-json\/wp\/v2\/types\/post"}],"author":[{"embeddable":true,"href":"https:\/\/www.ufsm.br\/laboratorios\/lamen\/wp-json\/wp\/v2\/users\/3416"}],"replies":[{"embeddable":true,"href":"https:\/\/www.ufsm.br\/laboratorios\/lamen\/wp-json\/wp\/v2\/comments?post=247"}],"version-history":[{"count":0,"href":"https:\/\/www.ufsm.br\/laboratorios\/lamen\/wp-json\/wp\/v2\/posts\/247\/revisions"}],"wp:attachment":[{"href":"https:\/\/www.ufsm.br\/laboratorios\/lamen\/wp-json\/wp\/v2\/media?parent=247"}],"wp:term":[{"taxonomy":"category","embeddable":true,"href":"https:\/\/www.ufsm.br\/laboratorios\/lamen\/wp-json\/wp\/v2\/categories?post=247"},{"taxonomy":"post_tag","embeddable":true,"href":"https:\/\/www.ufsm.br\/laboratorios\/lamen\/wp-json\/wp\/v2\/tags?post=247"}],"curies":[{"name":"wp","href":"https:\/\/api.w.org\/{rel}","templated":true}]}}