{"id":3117,"date":"2019-11-30T13:54:00","date_gmt":"2019-11-30T16:54:00","guid":{"rendered":"https:\/\/www.ufsm.br\/laboratorios\/lex\/?p=3117"},"modified":"2019-12-02T01:30:24","modified_gmt":"2019-12-02T04:30:24","slug":"podcast-do-divulgacao-cientifica-legitima-defesa","status":"publish","type":"post","link":"https:\/\/www.ufsm.br\/laboratorios\/lex\/2019\/11\/30\/podcast-do-divulgacao-cientifica-legitima-defesa","title":{"rendered":"Podcast de divulga\u00e7\u00e3o cient\u00edfica &#8220;Leg\u00edtima Defesa&#8221;"},"content":{"rendered":"\n<p><span style=\"background-color: #ffcc00\">B\u00e1rbara Marmor<\/span>. <strong><a href=\"https:\/\/www.ufsm.br\/laboratorios\/lex\/wp-content\/uploads\/sites\/696\/2019\/11\/Leg\u00edtima-Defesa-A-segmenta\u00e7\u00e3o-jornalistica-como-estrat\u00e9gia-para-a-constru\u00e7\u00e3o-editorial-de-um-podcast-de-divulga\u00e7\u00e3o-cient\u00edfica.pdf\" target=\"_blank\" rel=\"noopener noreferrer\">Leg\u00edtima Defesa: a segmenta\u00e7\u00e3o jornal\u00edstica como estrat\u00e9gia de constru\u00e7\u00e3o editorial de um podcast de divulga\u00e7\u00e3o cient\u00edfica<\/a><\/strong><b>. <\/b>2019. Trabalho de Conclus\u00e3o de Curso. (Gradua\u00e7\u00e3o em Comunica\u00e7\u00e3o Social \u2013 Jornalismo) \u2013 Universidade Federal de Santa Maria. Orientador: Laura Strelow Storch.<\/p>\n<p>\u00a0<\/p>\n\n\n\n<div class=\"wp-block-image\"><figure class=\"alignleft is-resized\"><img fetchpriority=\"high\" decoding=\"async\" src=\"https:\/\/mail.google.com\/mail\/u\/0?ui=2&amp;ik=e3e6a69dd0&amp;attid=0.2&amp;permmsgid=msg-f:1651644142239903812&amp;th=16ebd198b9907044&amp;view=att&amp;disp=inline&amp;realattid=f_k3lrlmfx1\" alt=\"Exibindo Marca - Leg\u00edtima Defesa.PNG\" width=\"242\" height=\"265\" \/><figcaption>Marca desenvolvida para o podcast &#8220;Leg\u00edtima Defesa&#8221;<\/figcaption><\/figure><\/div>\n\n\n\n<p><b>Resumo:<\/b>&nbsp;<span id=\"m_8256968872557295752gmail-docs-internal-guid-4e34a3a1-7fff-0e63-6ed8-14067e97e370\">No mundo contempor\u00e2neo n\u00e3o basta discutir ci\u00eancia com os cientistas, tornou-se essencial aproximar as descobertas cient\u00edficas da realidade social, promovendo o acesso da comunidade a informa\u00e7\u00f5es capazes de auxiliar na constru\u00e7\u00e3o e compreens\u00e3o de novas l\u00f3gicas pol\u00edticas, econ\u00f4micas, sociais e t\u00e9cnicas. A fim de que as pesquisas sejam compreendidas socialmente \u00e9 necess\u00e1rio \u201ctraduzi-las\u201d e, n\u00e3o s\u00f3 isso, para que o conte\u00fado cient\u00edfico possa se popularizar, torna-se essencial pensar em formatos atrativos de distribui\u00e7\u00e3o da informa\u00e7\u00e3o. O presente trabalho pretende relacionar, atrav\u00e9s da experimenta\u00e7\u00e3o pr\u00e1tica, o conceito de segmenta\u00e7\u00e3o jornal\u00edstica como estrat\u00e9gia para a constru\u00e7\u00e3o editorial de um produto de divulga\u00e7\u00e3o da ci\u00eancia, que tem como modo de distribui\u00e7\u00e3o os servi\u00e7os de streaming de \u00e1udio pela Internet, o podcast, nesse caso, denominado \u201cLeg\u00edtima Defesa\u201d. Para tanto, realizamos a revis\u00e3o te\u00f3rica de conceitos como segmenta\u00e7\u00e3o jornal\u00edstica, divulga\u00e7\u00e3o cient\u00edfica e comunica\u00e7\u00e3o p\u00fablica. Para a experimenta\u00e7\u00e3o, nossa metodologia partiu do processo de editora\u00e7\u00e3o aplicado em produtos jornal\u00edsticos segmentados, mais precisamente as revistas. Assim, como produto, desenvolvemos a linha editorial do podcast, estruturada a partir do p\u00fablico, com caracter\u00edsticas de formato e linguagem que facilitam a compreens\u00e3o sobre o tema proposto e, de fato, popularizem o estudo da criminologia, saber cient\u00edfico divulgado a partir do Leg\u00edtima Defesa. O produto integra as atividades do grupo de pesquisa Poder, Controle e Dano Social, do curso de direito da UFSM, a partir do projeto de extens\u00e3o Cidade Desencarcerada.<\/span>&nbsp;&nbsp;<\/p>\n\n\n\n\n\n<h6 style=\"text-align: center\"><strong>(clique na imagem para acessar)<\/strong><\/h6>\n<p><a href=\"https:\/\/www.ufsm.br\/laboratorios\/lex\/wp-content\/uploads\/sites\/696\/2019\/11\/MANUAL-DE-REDA\u00c7\u00c3O-DO-LEG\u00cdTIMA-DEFESA.pdf\" target=\"_blank\" rel=\"noopener noreferrer\"><img decoding=\"async\" class=\" wp-image-3121 aligncenter\" src=\"https:\/\/www.ufsm.br\/laboratorios\/lex\/wp-content\/uploads\/sites\/696\/2019\/11\/manualLegitimaDefesa.png\" alt=\"\" width=\"502\" height=\"331\" srcset=\"https:\/\/www.ufsm.br\/app\/uploads\/sites\/696\/2019\/11\/manualLegitimaDefesa.png 695w, https:\/\/www.ufsm.br\/app\/uploads\/sites\/696\/2019\/11\/manualLegitimaDefesa-300x198.png 300w\" sizes=\"(max-width: 502px) 100vw, 502px\" \/><\/a><\/p>\n<p>&nbsp;<\/p>\n\n\n\n<p><strong>Epis\u00f3dio Piloto: &#8220;Lei de Racismo&#8221; (produzido por B\u00e1rbara Marmor)<br \/><a href=\"https:\/\/www.ufsm.br\/laboratorios\/lex\/wp-content\/uploads\/sites\/696\/2019\/11\/ROTEIRO-Leg\u00edtima-Defesa-podcast-piloto.pdf\">Roteiro do epis\u00f3dio piloto<\/a><br \/><\/strong><\/p>\n<audio class=\"wp-audio-shortcode\" id=\"audio-3117-1\" preload=\"none\" style=\"width: 100%;\" controls=\"controls\"><source type=\"audio\/mpeg\" src=\"https:\/\/www.ufsm.br\/laboratorios\/lex\/wp-content\/uploads\/sites\/696\/2019\/11\/LegitimaDefesa_EpisodioPiloto_LeiRacismo.mp3?_=1\" \/><a href=\"https:\/\/www.ufsm.br\/laboratorios\/lex\/wp-content\/uploads\/sites\/696\/2019\/11\/LegitimaDefesa_EpisodioPiloto_LeiRacismo.mp3\">https:\/\/www.ufsm.br\/laboratorios\/lex\/wp-content\/uploads\/sites\/696\/2019\/11\/LegitimaDefesa_EpisodioPiloto_LeiRacismo.mp3<\/a><\/audio>\n<p>\u00a0<\/p>\n<p><strong>Epis\u00f3dio 1: &#8220;Criminologia&#8221; (produzido por estudantes do projeto Cidade Desencarcerada)<\/strong><br \/><a href=\"https:\/\/www.ufsm.br\/laboratorios\/lex\/wp-content\/uploads\/sites\/696\/2019\/11\/Roteiro-EP.1-Leg\u00edtima-Defesa-O-que-\u00e9-criminologia.pdf\" target=\"_blank\" rel=\"noopener noreferrer\"><strong>Roteiro do epis\u00f3dio 1<\/strong><\/a><\/p>\n<audio class=\"wp-audio-shortcode\" id=\"audio-3117-2\" preload=\"none\" style=\"width: 100%;\" controls=\"controls\"><source type=\"audio\/mpeg\" src=\"https:\/\/www.ufsm.br\/laboratorios\/lex\/wp-content\/uploads\/sites\/696\/2019\/11\/LegitimaDefesa_Episodio1_Criminologia.mp3?_=2\" \/><a href=\"https:\/\/www.ufsm.br\/laboratorios\/lex\/wp-content\/uploads\/sites\/696\/2019\/11\/LegitimaDefesa_Episodio1_Criminologia.mp3\">https:\/\/www.ufsm.br\/laboratorios\/lex\/wp-content\/uploads\/sites\/696\/2019\/11\/LegitimaDefesa_Episodio1_Criminologia.mp3<\/a><\/audio>\n\n\n\n<div class=\"wp-block-image\"><figure class=\"aligncenter size-large is-resized\"><img decoding=\"async\" src=\"https:\/\/www.ufsm.br\/laboratorios\/lex\/wp-content\/uploads\/sites\/696\/2019\/11\/Marca-Poder-Controle-e-Dano-Social.png\" alt=\"\" class=\"wp-image-3123\" width=\"435\" height=\"139\" srcset=\"https:\/\/www.ufsm.br\/app\/uploads\/sites\/696\/2019\/11\/Marca-Poder-Controle-e-Dano-Social.png 506w, https:\/\/www.ufsm.br\/app\/uploads\/sites\/696\/2019\/11\/Marca-Poder-Controle-e-Dano-Social-300x97.png 300w\" sizes=\"(max-width: 435px) 100vw, 435px\" \/><figcaption>Marca desenvolvida para o Grupo de Pesquisa<\/figcaption><\/figure><\/div>\n\n\n\n<div class=\"wp-block-image\"><figure class=\"aligncenter size-large is-resized\"><img loading=\"lazy\" decoding=\"async\" src=\"https:\/\/www.ufsm.br\/laboratorios\/lex\/wp-content\/uploads\/sites\/696\/2019\/11\/Marca-Cidade-Desencarcerada.png\" alt=\"\" class=\"wp-image-3124\" width=\"415\" height=\"141\" srcset=\"https:\/\/www.ufsm.br\/app\/uploads\/sites\/696\/2019\/11\/Marca-Cidade-Desencarcerada.png 460w, https:\/\/www.ufsm.br\/app\/uploads\/sites\/696\/2019\/11\/Marca-Cidade-Desencarcerada-300x101.png 300w\" sizes=\"(max-width: 415px) 100vw, 415px\" \/><figcaption> Marca desenvolvida para o Grupo de Pesquisa <\/figcaption><\/figure><\/div>\n","protected":false},"excerpt":{"rendered":"<p>B\u00e1rbara Marmor. Leg\u00edtima Defesa: a segmenta\u00e7\u00e3o jornal\u00edstica como estrat\u00e9gia de constru\u00e7\u00e3o editorial de um podcast de divulga\u00e7\u00e3o cient\u00edfica. 2019. Trabalho de Conclus\u00e3o de Curso. (Gradua\u00e7\u00e3o em Comunica\u00e7\u00e3o Social \u2013 Jornalismo) \u2013 Universidade Federal de Santa Maria. Orientador: Laura Strelow Storch. \u00a0 Resumo:&nbsp;No mundo contempor\u00e2neo n\u00e3o basta discutir ci\u00eancia com os cientistas, tornou-se essencial aproximar as [&hellip;]<\/p>\n","protected":false},"author":635,"featured_media":3125,"comment_status":"closed","ping_status":"closed","sticky":false,"template":"","format":"standard","meta":{"episode_type":"","audio_file":"","cover_image":"","cover_image_id":"","duration":"","filesize":"","date_recorded":"","explicit":"","block":"","filesize_raw":"","footnotes":""},"categories":[1],"tags":[],"class_list":["post-3117","post","type-post","status-publish","format-standard","has-post-thumbnail","hentry","category-sem-categoria"],"acf":[],"_links":{"self":[{"href":"https:\/\/www.ufsm.br\/laboratorios\/lex\/wp-json\/wp\/v2\/posts\/3117","targetHints":{"allow":["GET"]}}],"collection":[{"href":"https:\/\/www.ufsm.br\/laboratorios\/lex\/wp-json\/wp\/v2\/posts"}],"about":[{"href":"https:\/\/www.ufsm.br\/laboratorios\/lex\/wp-json\/wp\/v2\/types\/post"}],"author":[{"embeddable":true,"href":"https:\/\/www.ufsm.br\/laboratorios\/lex\/wp-json\/wp\/v2\/users\/635"}],"replies":[{"embeddable":true,"href":"https:\/\/www.ufsm.br\/laboratorios\/lex\/wp-json\/wp\/v2\/comments?post=3117"}],"version-history":[{"count":0,"href":"https:\/\/www.ufsm.br\/laboratorios\/lex\/wp-json\/wp\/v2\/posts\/3117\/revisions"}],"wp:featuredmedia":[{"embeddable":true,"href":"https:\/\/www.ufsm.br\/laboratorios\/lex\/wp-json\/wp\/v2\/media\/3125"}],"wp:attachment":[{"href":"https:\/\/www.ufsm.br\/laboratorios\/lex\/wp-json\/wp\/v2\/media?parent=3117"}],"wp:term":[{"taxonomy":"category","embeddable":true,"href":"https:\/\/www.ufsm.br\/laboratorios\/lex\/wp-json\/wp\/v2\/categories?post=3117"},{"taxonomy":"post_tag","embeddable":true,"href":"https:\/\/www.ufsm.br\/laboratorios\/lex\/wp-json\/wp\/v2\/tags?post=3117"}],"curies":[{"name":"wp","href":"https:\/\/api.w.org\/{rel}","templated":true}]}}