{"id":103,"date":"2019-11-03T09:19:39","date_gmt":"2019-11-03T12:19:39","guid":{"rendered":"https:\/\/www.ufsm.br\/laboratorios\/lumac\/?p=103"},"modified":"2019-11-03T09:20:41","modified_gmt":"2019-11-03T12:20:41","slug":"minicurso-de-latex-2a-edicao-inscricoes-abertas","status":"publish","type":"post","link":"https:\/\/www.ufsm.br\/laboratorios\/lumac\/2019\/11\/03\/minicurso-de-latex-2a-edicao-inscricoes-abertas","title":{"rendered":"Minicurso de LaTeX (2\u00aa edi\u00e7\u00e3o) \u2013 Inscri\u00e7\u00f5es Abertas!"},"content":{"rendered":"\n<p>O LUMAC, atrav\u00e9s do projeto \u201cCadernos Digitais para Engenharias \u2013 Aplica\u00e7\u00f5es em LaTeX, Python e Jupyter\u201d divulga a abertura das inscri\u00e7\u00f5es para o <strong>Minicurso de LaTeX (2\u00aa Edi\u00e7\u00e3o)<\/strong>.<\/p>\n<p><strong>O que \u00e9 ?<\/strong> Minicurso sobre o sistema de edi\u00e7\u00e3o de documentos LaTeX, amplamente utilizado na ind\u00fastria e academia. \u00a0Trata-se de um sistema com uma linguagem que compilada, gera documentos.<\/p>\n<p>Existem plugins e ferramentas para auxiliar no processo de cria\u00e7\u00e3o de documentos (algumas delas ser\u00e3o utilizadas inclusive no minicurso).<\/p>\n<p><img fetchpriority=\"high\" decoding=\"async\" class=\"wp-image-88 aligncenter\" src=\"https:\/\/www.ufsm.br\/laboratorios\/lumac\/wp-content\/uploads\/sites\/679\/2019\/08\/funnywp-240x300.jpg\" alt=\"\" width=\"365\" height=\"456\" srcset=\"https:\/\/www.ufsm.br\/app\/uploads\/sites\/679\/2019\/08\/funnywp-240x300.jpg 240w, https:\/\/www.ufsm.br\/app\/uploads\/sites\/679\/2019\/08\/funnywp.jpg 676w\" sizes=\"(max-width: 365px) 100vw, 365px\" \/><\/p>\n<p><a href=\"https:\/\/www.bonfacemunyoki.com\/post\/introduction-to-latex\/\"><u>Fonte da imagem<\/u><\/a><\/p>\n<p><strong>Quando ser\u00e1 ?<\/strong> O minicurso ter\u00e1 8 horas de dura\u00e7\u00e3o, sendo 4 delas no dia 18\/11, a partir das 18h e as outras 4 no dia 25\/11, a partir das 18h.<\/p>\n<p><strong>Quem pode participar ?<\/strong> Alunos, TAEs e Docentes de qualquer curso da UFSM\/Cachoeira do Sul. O curso ter\u00e1 limita\u00e7\u00e3o de 30 participantes.\u00a0<\/p>\n<p><strong>At\u00e9 quando posso me inscrever ?<\/strong> At\u00e9 o dia 14 de novembro. A lista de alunos selecionados para participa\u00e7\u00e3o no curso ser\u00e1 publicada no dia 15\/11.<\/p>\n<p><strong>Como me inscrevo ?<\/strong> \u00c9 s\u00f3 clicar <a href=\"https:\/\/docs.google.com\/forms\/d\/e\/1FAIpQLSeSYYuAQ8SyxoOaOx4plxu2VQi6g80QdFZlCg2S8kAkwu4OxQ\/viewform\"><strong>neste link aqui<\/strong><\/a> e fazer a sua inscri\u00e7\u00e3o.<\/p>\n<p><strong>E se eu n\u00e3o for selecionado ?<\/strong> N\u00e3o se preocupe, o projeto prev\u00ea uma s\u00e9rie de a\u00e7\u00f5es e minicursos, que ser\u00e3o realizados durante o ano (inclusive com novas edi\u00e7\u00f5es deste mesmo minicurso <img decoding=\"async\" class=\"emoji\" src=\"https:\/\/s.w.org\/images\/core\/emoji\/12.0.0-1\/svg\/1f600.svg\" alt=\"\ud83d\ude00\" \/> ).<\/p>\n","protected":false},"excerpt":{"rendered":"<p>O LUMAC, atrav\u00e9s do projeto \u201cCadernos Digitais para Engenharias \u2013 Aplica\u00e7\u00f5es em LaTeX, Python e Jupyter\u201d divulga a abertura das inscri\u00e7\u00f5es para o Minicurso de LaTeX (2\u00aa Edi\u00e7\u00e3o). O que \u00e9 ? Minicurso sobre o sistema de edi\u00e7\u00e3o de documentos LaTeX, amplamente utilizado na ind\u00fastria e academia. \u00a0Trata-se de um sistema com uma linguagem que [&hellip;]<\/p>\n","protected":false},"author":1131,"featured_media":0,"comment_status":"closed","ping_status":"closed","sticky":false,"template":"","format":"standard","meta":{"footnotes":""},"categories":[11],"tags":[],"class_list":["post-103","post","type-post","status-publish","format-standard","hentry","category-noticias"],"acf":[],"_links":{"self":[{"href":"https:\/\/www.ufsm.br\/laboratorios\/lumac\/wp-json\/wp\/v2\/posts\/103","targetHints":{"allow":["GET"]}}],"collection":[{"href":"https:\/\/www.ufsm.br\/laboratorios\/lumac\/wp-json\/wp\/v2\/posts"}],"about":[{"href":"https:\/\/www.ufsm.br\/laboratorios\/lumac\/wp-json\/wp\/v2\/types\/post"}],"author":[{"embeddable":true,"href":"https:\/\/www.ufsm.br\/laboratorios\/lumac\/wp-json\/wp\/v2\/users\/1131"}],"replies":[{"embeddable":true,"href":"https:\/\/www.ufsm.br\/laboratorios\/lumac\/wp-json\/wp\/v2\/comments?post=103"}],"version-history":[{"count":0,"href":"https:\/\/www.ufsm.br\/laboratorios\/lumac\/wp-json\/wp\/v2\/posts\/103\/revisions"}],"wp:attachment":[{"href":"https:\/\/www.ufsm.br\/laboratorios\/lumac\/wp-json\/wp\/v2\/media?parent=103"}],"wp:term":[{"taxonomy":"category","embeddable":true,"href":"https:\/\/www.ufsm.br\/laboratorios\/lumac\/wp-json\/wp\/v2\/categories?post=103"},{"taxonomy":"post_tag","embeddable":true,"href":"https:\/\/www.ufsm.br\/laboratorios\/lumac\/wp-json\/wp\/v2\/tags?post=103"}],"curies":[{"name":"wp","href":"https:\/\/api.w.org\/{rel}","templated":true}]}}