{"id":144,"date":"2025-08-11T15:04:25","date_gmt":"2025-08-11T18:04:25","guid":{"rendered":"https:\/\/www.ufsm.br\/laboratorios\/milpa\/?p=144"},"modified":"2025-08-11T16:38:04","modified_gmt":"2025-08-11T19:38:04","slug":"doutorando-do-milpa-realiza-oficinas-sobre-cronica-nos-geoparques-da-unesco","status":"publish","type":"post","link":"https:\/\/www.ufsm.br\/laboratorios\/milpa\/2025\/08\/11\/doutorando-do-milpa-realiza-oficinas-sobre-cronica-nos-geoparques-da-unesco","title":{"rendered":"Doutorando do milpa realiza oficinas sobre cr\u00f4nica nos Geoparques da UNESCO"},"content":{"rendered":"\t\t<div data-elementor-type=\"wp-post\" data-elementor-id=\"144\" class=\"elementor elementor-144\">\n\t\t\t\t\t\t<section class=\"elementor-section elementor-top-section elementor-element elementor-element-33e21206 elementor-section-boxed elementor-section-height-default elementor-section-height-default\" data-id=\"33e21206\" data-element_type=\"section\">\n\t\t\t\t\t\t<div class=\"elementor-container elementor-column-gap-default\">\n\t\t\t\t\t<div class=\"elementor-column elementor-col-100 elementor-top-column elementor-element elementor-element-3b0faa00\" data-id=\"3b0faa00\" data-element_type=\"column\">\n\t\t\t<div class=\"elementor-widget-wrap elementor-element-populated\">\n\t\t\t\t\t\t<div class=\"elementor-element elementor-element-db0e330 elementor-widget elementor-widget-text-editor\" data-id=\"db0e330\" data-element_type=\"widget\" data-widget_type=\"text-editor.default\">\n\t\t\t\t<div class=\"elementor-widget-container\">\n\t\t\t\t\t\t\t<!-- wp:tadv\/classic-paragraph -->\n<p style=\"text-align: justify\"><span style=\"font-weight: 400\">O doutorando Wellington Felipe Hack (POSCOM\/UFSM), integrante do <\/span><a href=\"https:\/\/www.ufsm.br\/laboratorios\/milpa\"><i><span style=\"font-weight: 400\">milpa &#8211; laborat\u00f3rio de jornalismo<\/span><\/i><\/a><span style=\"font-weight: 400\">, participou da <\/span><i><span style=\"font-weight: 400\">Jornada Interdisciplinar de Forma\u00e7\u00e3o de Professores em Educa\u00e7\u00e3o Patrimonial<\/span><\/i><span style=\"font-weight: 400\">, promovida pela Pr\u00f3-Reitoria de Extens\u00e3o da <\/span><a href=\"https:\/\/www.ufsm.br\/\"><span style=\"font-weight: 400\">Universidade Federal de Santa Maria,<\/span><\/a><span style=\"font-weight: 400\"> em parceria com munic\u00edpios que integram dois <\/span><a href=\"https:\/\/www.unesco.org\/en\/iggp\/geoparks\/about\"><span style=\"font-weight: 400\">Geoparques Mundiais da UNESCO<\/span><\/a><span style=\"font-weight: 400\">. O evento, realizado nos territ\u00f3rios da Quarta Col\u00f4nia e de Ca\u00e7apava do Sul, ofereceu capacita\u00e7\u00f5es para docentes da rede b\u00e1sica de ensino, integrando conhecimentos populares e cient\u00edficos na valoriza\u00e7\u00e3o desses espa\u00e7os singulares do mundo e no desenvolvimento de novas formas de trabalhos pedag\u00f3gicos em sala de aula.\u00a0<\/span><\/p>\n<p style=\"text-align: justify\"><span style=\"font-weight: 400\">As oficinas propostas pelo doutorando tiveram como tema \u201cNos fios da mem\u00f3ria: leitura de produ\u00e7\u00e3o de not\u00edcias e de cr\u00f4nicas nos Geoparques UNESCO\u201d, focada na produ\u00e7\u00e3o de textos a partir das singularidades dos territ\u00f3rios em que as comunidades escolares est\u00e3o inseridas. As atividades buscaram repensar o jornalismo em sala de aula, tendo como n\u00facleo os ideais presentes na concep\u00e7\u00e3o de um Geoparque. Al\u00e9m de explorar crit\u00e9rios mais formais e conceituais do acontecimento jornal\u00edstico, da not\u00edcia e da cr\u00f4nica, as oficinas tamb\u00e9m incentivam a reflex\u00e3o sobre como informar e interpretar esses territ\u00f3rios por meio da produ\u00e7\u00e3o jornal\u00edstica.<\/span><\/p>\n<p style=\"text-align: justify\"><span style=\"font-weight: 400\">\u201cParticipar deste momento \u00e9 compreender que pesquisa, ensino e extens\u00e3o, quando trabalhadas de forma conjunta, podem resultar em saberes novos que potencializam a teoriza\u00e7\u00e3o da pr\u00e1tica. Mais do que isso, possibilita pensar e discutir com diferentes sujeitos a pr\u00e1tica do jornalismo e estrat\u00e9gias para desenvolver outras formas de informar e formar as pessoas sobre a emerg\u00eancia clim\u00e1tica\u201d, comenta Wellington Hack. A proposta integra a pesquisa de doutorado <\/span><i><span style=\"font-weight: 400\">Not\u00edcias (d)no fim do mundo: contribui\u00e7\u00f5es para uma filosofia n\u00e3o determinista no jornalismo,<\/span><\/i><span style=\"font-weight: 400\"> desenvolvida sob a orienta\u00e7\u00e3o do professor Reges Schwaab.<\/span><\/p>\n<p style=\"text-align: justify\"><span style=\"font-weight: 400\">As oficinas aconteceram nos dias 24 e 25 de julho e contaram com apoio financeiro do <\/span><a href=\"https:\/\/www.gov.br\/cnpq\/pt-br\"><span style=\"font-weight: 400\">Conselho Nacional de Desenvolvimento Cient\u00edfico e Tecnol\u00f3gico (CNPq)<\/span><\/a><span style=\"font-weight: 400\"> e da <\/span><a href=\"https:\/\/www.ufsm.br\/pro-reitorias\/pre\"><span style=\"font-weight: 400\">Pr\u00f3-Reitoria de Extens\u00e3o da UFSM<\/span><\/a><span style=\"font-weight: 400\">.\u00a0<\/span><\/p>\n<!-- \/wp:tadv\/classic-paragraph -->\t\t\t\t\t\t<\/div>\n\t\t\t\t<\/div>\n\t\t\t\t\t<\/div>\n\t\t<\/div>\n\t\t\t\t\t<\/div>\n\t\t<\/section>\n\t\t\t\t<section class=\"elementor-section elementor-top-section elementor-element elementor-element-ef47cb1 elementor-section-boxed elementor-section-height-default elementor-section-height-default\" data-id=\"ef47cb1\" data-element_type=\"section\">\n\t\t\t\t\t\t<div class=\"elementor-container elementor-column-gap-default\">\n\t\t\t\t\t<div class=\"elementor-column elementor-col-100 elementor-top-column elementor-element elementor-element-e283bc2\" data-id=\"e283bc2\" data-element_type=\"column\">\n\t\t\t<div class=\"elementor-widget-wrap elementor-element-populated\">\n\t\t\t\t\t\t<div class=\"elementor-element elementor-element-909874b elementor-widget elementor-widget-image-gallery\" data-id=\"909874b\" data-element_type=\"widget\" data-widget_type=\"image-gallery.default\">\n\t\t\t\t<div class=\"elementor-widget-container\">\n\t\t\t\t\t<div class=\"elementor-image-gallery\">\n\t\t\t<div id='gallery-1' class='gallery galleryid-144 gallery-columns-4 gallery-size-thumbnail'><figure class='gallery-item'>\n\t\t\t<div class='gallery-icon landscape'>\n\t\t\t\t<a data-elementor-open-lightbox=\"yes\" data-elementor-lightbox-slideshow=\"909874b\" data-elementor-lightbox-title=\"WhatsApp Image 2025-08-11 at 11.15.51 (1)\" data-e-action-hash=\"#elementor-action%3Aaction%3Dlightbox%26settings%3DeyJpZCI6MTUwLCJ1cmwiOiJodHRwczpcL1wvd3d3LnVmc20uYnJcL2FwcFwvdXBsb2Fkc1wvc2l0ZXNcLzkzMFwvMjAyNVwvMDhcL1doYXRzQXBwLUltYWdlLTIwMjUtMDgtMTEtYXQtMTEuMTUuNTEtMS0xLmpwZWciLCJzbGlkZXNob3ciOiI5MDk4NzRiIn0%3D\" href='https:\/\/www.ufsm.br\/app\/uploads\/sites\/930\/2025\/08\/WhatsApp-Image-2025-08-11-at-11.15.51-1-1.jpeg'><img decoding=\"async\" width=\"150\" height=\"150\" src=\"https:\/\/www.ufsm.br\/app\/uploads\/sites\/930\/2025\/08\/WhatsApp-Image-2025-08-11-at-11.15.51-1-1-150x150.jpeg\" class=\"attachment-thumbnail size-thumbnail\" alt=\"\" \/><\/a>\n\t\t\t<\/div><\/figure><figure class='gallery-item'>\n\t\t\t<div class='gallery-icon landscape'>\n\t\t\t\t<a data-elementor-open-lightbox=\"yes\" data-elementor-lightbox-slideshow=\"909874b\" data-elementor-lightbox-title=\"WhatsApp Image 2025-08-11 at 11.15.51\" data-e-action-hash=\"#elementor-action%3Aaction%3Dlightbox%26settings%3DeyJpZCI6MTUxLCJ1cmwiOiJodHRwczpcL1wvd3d3LnVmc20uYnJcL2FwcFwvdXBsb2Fkc1wvc2l0ZXNcLzkzMFwvMjAyNVwvMDhcL1doYXRzQXBwLUltYWdlLTIwMjUtMDgtMTEtYXQtMTEuMTUuNTEtMy5qcGVnIiwic2xpZGVzaG93IjoiOTA5ODc0YiJ9\" href='https:\/\/www.ufsm.br\/app\/uploads\/sites\/930\/2025\/08\/WhatsApp-Image-2025-08-11-at-11.15.51-3.jpeg'><img decoding=\"async\" width=\"150\" height=\"150\" src=\"https:\/\/www.ufsm.br\/app\/uploads\/sites\/930\/2025\/08\/WhatsApp-Image-2025-08-11-at-11.15.51-3-150x150.jpeg\" class=\"attachment-thumbnail size-thumbnail\" alt=\"\" \/><\/a>\n\t\t\t<\/div><\/figure><figure class='gallery-item'>\n\t\t\t<div class='gallery-icon portrait'>\n\t\t\t\t<a data-elementor-open-lightbox=\"yes\" data-elementor-lightbox-slideshow=\"909874b\" data-elementor-lightbox-title=\"WhatsApp Image 2025-08-11 at 11.15.52 (1)\" data-e-action-hash=\"#elementor-action%3Aaction%3Dlightbox%26settings%3DeyJpZCI6MTUyLCJ1cmwiOiJodHRwczpcL1wvd3d3LnVmc20uYnJcL2FwcFwvdXBsb2Fkc1wvc2l0ZXNcLzkzMFwvMjAyNVwvMDhcL1doYXRzQXBwLUltYWdlLTIwMjUtMDgtMTEtYXQtMTEuMTUuNTItMS0xLmpwZWciLCJzbGlkZXNob3ciOiI5MDk4NzRiIn0%3D\" href='https:\/\/www.ufsm.br\/app\/uploads\/sites\/930\/2025\/08\/WhatsApp-Image-2025-08-11-at-11.15.52-1-1.jpeg'><img decoding=\"async\" width=\"150\" height=\"150\" src=\"https:\/\/www.ufsm.br\/app\/uploads\/sites\/930\/2025\/08\/WhatsApp-Image-2025-08-11-at-11.15.52-1-1-150x150.jpeg\" class=\"attachment-thumbnail size-thumbnail\" alt=\"\" \/><\/a>\n\t\t\t<\/div><\/figure><figure class='gallery-item'>\n\t\t\t<div class='gallery-icon portrait'>\n\t\t\t\t<a data-elementor-open-lightbox=\"yes\" data-elementor-lightbox-slideshow=\"909874b\" data-elementor-lightbox-title=\"WhatsApp Image 2025-08-11 at 11.15.52\" data-e-action-hash=\"#elementor-action%3Aaction%3Dlightbox%26settings%3DeyJpZCI6MTUzLCJ1cmwiOiJodHRwczpcL1wvd3d3LnVmc20uYnJcL2FwcFwvdXBsb2Fkc1wvc2l0ZXNcLzkzMFwvMjAyNVwvMDhcL1doYXRzQXBwLUltYWdlLTIwMjUtMDgtMTEtYXQtMTEuMTUuNTItMi5qcGVnIiwic2xpZGVzaG93IjoiOTA5ODc0YiJ9\" href='https:\/\/www.ufsm.br\/app\/uploads\/sites\/930\/2025\/08\/WhatsApp-Image-2025-08-11-at-11.15.52-2.jpeg'><img loading=\"lazy\" decoding=\"async\" width=\"150\" height=\"150\" src=\"https:\/\/www.ufsm.br\/app\/uploads\/sites\/930\/2025\/08\/WhatsApp-Image-2025-08-11-at-11.15.52-2-150x150.jpeg\" class=\"attachment-thumbnail size-thumbnail\" alt=\"\" \/><\/a>\n\t\t\t<\/div><\/figure>\n\t\t<\/div>\n\t\t<\/div>\n\t\t\t\t<\/div>\n\t\t\t\t<\/div>\n\t\t\t\t<div class=\"elementor-element elementor-element-963d8cf elementor-widget elementor-widget-text-editor\" data-id=\"963d8cf\" data-element_type=\"widget\" data-widget_type=\"text-editor.default\">\n\t\t\t\t<div class=\"elementor-widget-container\">\n\t\t\t\t\t\t\t<hr \/>\n<p><b>O QUE \u00c9 UM GEOPARQUE<\/b><\/p>\n<p style=\"text-align: justify\"><span style=\"font-weight: 400\">Um territ\u00f3rio Geoparque \u00e9 um espa\u00e7o \u00fanico e singular no mundo, reconhecido pela UNESCO atrav\u00e9s de um processo que envolve avalia\u00e7\u00e3o de aspectos culturais, geogr\u00e1ficos, hist\u00f3ricos e ambientais. Ao serem certificados com o t\u00edtulo, busca-se promover o desenvolvimento sustent\u00e1vel por meio do turismo global, incentivando a preserva\u00e7\u00e3o da mem\u00f3ria e das caracter\u00edsticas locais das comunidades.\u00a0<\/span><\/p>\n<p style=\"text-align: justify\"><span style=\"font-weight: 400\">Para saber mais, acesse o site da <\/span><a href=\"https:\/\/www.ufsm.br\/pro-reitorias\/pre\/geoparques\"><span style=\"font-weight: 400\">PRE<\/span><\/a><span style=\"font-weight: 400\"> ou da <\/span><a href=\"https:\/\/www.unesco.org\/pt\/node\/104598\"><span style=\"font-weight: 400\">UNESCO Brasil<\/span><\/a><span style=\"font-weight: 400\">.<\/span><\/p>\n<p style=\"text-align: justify\">\u00a0<\/p>\n<p style=\"text-align: justify\"><span style=\"font-weight: 400\">Texto: Wellington Hack.<\/span><\/p>\n<p style=\"text-align: justify\"><span style=\"font-weight: 400\">Edi\u00e7\u00e3o: J\u00falia Petenon.\u00a0<\/span><\/p>\t\t\t\t\t\t<\/div>\n\t\t\t\t<\/div>\n\t\t\t\t\t<\/div>\n\t\t<\/div>\n\t\t\t\t\t<\/div>\n\t\t<\/section>\n\t\t\t\t<section class=\"elementor-section elementor-top-section elementor-element elementor-element-1eb92b4 elementor-section-boxed elementor-section-height-default elementor-section-height-default\" data-id=\"1eb92b4\" data-element_type=\"section\">\n\t\t\t\t\t\t<div class=\"elementor-container elementor-column-gap-default\">\n\t\t\t\t\t<div class=\"elementor-column elementor-col-100 elementor-top-column elementor-element elementor-element-f6b3707\" data-id=\"f6b3707\" data-element_type=\"column\">\n\t\t\t<div class=\"elementor-widget-wrap\">\n\t\t\t\t\t\t\t<\/div>\n\t\t<\/div>\n\t\t\t\t\t<\/div>\n\t\t<\/section>\n\t\t\t\t<\/div>\n\t\t","protected":false},"excerpt":{"rendered":"<p>O doutorando Wellington Felipe Hack (POSCOM\/UFSM), integrante do milpa &#8211; laborat\u00f3rio de jornalismo, participou da Jornada Interdisciplinar de Forma\u00e7\u00e3o de Professores em Educa\u00e7\u00e3o Patrimonial, promovida pela Pr\u00f3-Reitoria de Extens\u00e3o da Universidade Federal de Santa Maria, em parceria com munic\u00edpios que integram dois Geoparques Mundiais da UNESCO. O evento, realizado nos territ\u00f3rios da Quarta Col\u00f4nia e [&hellip;]<\/p>\n","protected":false},"author":8742,"featured_media":154,"comment_status":"closed","ping_status":"closed","sticky":false,"template":"","format":"standard","meta":{"footnotes":""},"categories":[11],"tags":[24,35,18],"class_list":["post-144","post","type-post","status-publish","format-standard","has-post-thumbnail","hentry","category-noticias","tag-comunicacao","tag-formacao","tag-noticias"],"acf":[],"_links":{"self":[{"href":"https:\/\/www.ufsm.br\/laboratorios\/milpa\/wp-json\/wp\/v2\/posts\/144","targetHints":{"allow":["GET"]}}],"collection":[{"href":"https:\/\/www.ufsm.br\/laboratorios\/milpa\/wp-json\/wp\/v2\/posts"}],"about":[{"href":"https:\/\/www.ufsm.br\/laboratorios\/milpa\/wp-json\/wp\/v2\/types\/post"}],"author":[{"embeddable":true,"href":"https:\/\/www.ufsm.br\/laboratorios\/milpa\/wp-json\/wp\/v2\/users\/8742"}],"replies":[{"embeddable":true,"href":"https:\/\/www.ufsm.br\/laboratorios\/milpa\/wp-json\/wp\/v2\/comments?post=144"}],"version-history":[{"count":0,"href":"https:\/\/www.ufsm.br\/laboratorios\/milpa\/wp-json\/wp\/v2\/posts\/144\/revisions"}],"wp:featuredmedia":[{"embeddable":true,"href":"https:\/\/www.ufsm.br\/laboratorios\/milpa\/wp-json\/wp\/v2\/media\/154"}],"wp:attachment":[{"href":"https:\/\/www.ufsm.br\/laboratorios\/milpa\/wp-json\/wp\/v2\/media?parent=144"}],"wp:term":[{"taxonomy":"category","embeddable":true,"href":"https:\/\/www.ufsm.br\/laboratorios\/milpa\/wp-json\/wp\/v2\/categories?post=144"},{"taxonomy":"post_tag","embeddable":true,"href":"https:\/\/www.ufsm.br\/laboratorios\/milpa\/wp-json\/wp\/v2\/tags?post=144"}],"curies":[{"name":"wp","href":"https:\/\/api.w.org\/{rel}","templated":true}]}}