{"id":166,"date":"2019-07-11T13:33:07","date_gmt":"2019-07-11T16:33:07","guid":{"rendered":"https:\/\/www.ufsm.br\/laboratorios\/silviculturaviveiro\/2019\/07\/11\/https-afubra-com-br-noticias-11222-muito-mais-do-que-sementes-html\/"},"modified":"2022-04-11T14:03:08","modified_gmt":"2022-04-11T17:03:08","slug":"https-afubra-com-br-noticias-11222-muito-mais-do-que-sementes-html","status":"publish","type":"post","link":"https:\/\/www.ufsm.br\/laboratorios\/silviculturaviveiro\/2019\/07\/11\/https-afubra-com-br-noticias-11222-muito-mais-do-que-sementes-html","title":{"rendered":"MUITO MAIS DO QUE SEMENTES"},"content":{"rendered":"<p>Valorizar e incentivar o trabalho realizados por alunos, professores e pais da Escola Municipal Felipe Becker, da localidade de Alto Pared\u00e3o, interior de Santa Cruz do Sul\/RS, e tamb\u00e9m proporcionar um suporte t\u00e9cnico para ampliar as atividades do Bolsa de Sementes. Estes s\u00e3o os objetivos propostos pelo Projeto Verde \u00e9 Vida, programa de sensibiliza\u00e7\u00e3o e a\u00e7\u00e3o socioambiental e educa\u00e7\u00e3o rural, mantido h\u00e1 27 anos pela Associa\u00e7\u00e3o dos Fumicultores do Brasil (Afubra). A nova proposta, estabelecida como um projeto-piloto, foi apresentada na ter\u00e7a-feira, dia 09 de julho, \u00e0 Secretaria de Educa\u00e7\u00e3o de Santa Cruz do Sul e aos professores e alunos da escola.<\/p>\n<p>A escola Felipe Becker, nos \u00faltimos anos, tem se destacado na coleta de sementes, e isso fez com que fosse escolhida para implantar uma nova metodologia de trabalho do Bolsa de Sementes: al\u00e9m da coleta de sementes, ser\u00e1 iniciada a produ\u00e7\u00e3o de mudas de esp\u00e9cies nativas da localidade, com o apoio da equipe t\u00e9cnica da Afubra e do curso de Engenharia Florestal da Universidade Federal de Santa Maria (Ufsm). Para a professora da Ufsm, Maristela Machado Ara\u00fajo, doutora em Engenharia Florestal, essa troca de informa\u00e7\u00f5es com os pais dos alunos ser\u00e1 enriquecedora. \u201cVamos unir o conhecimento universit\u00e1rio e de pesquisa com os saberes comunit\u00e1rios, que passam de gera\u00e7\u00e3o em gera\u00e7\u00e3o. Saberes que precisam ser valorizados\u201d, destaca Maristela.<\/p>\n<p>Rumo aos 20 anos do Bolsa de Sementes (que ser\u00e3o completados em 2022), o gerente do Departamento Agroflorestal da Afubra, engenheiro florestal Juarez Iensen Pedroso Filho, explica que o projeto \u00e9 pioneiro e quer valorizar o envolvimento das comunidades com as escolas. \u201cEm Alto Pared\u00e3o j\u00e1 temos muito forte este envolvimento e queremos intensificar isso, para depois, apresentarmos a proposta para outras escolas parceiras do Verde \u00e9 Vida\u201d. Juarez ainda destaca que ser\u00e3o realizados v\u00e1rios encontros, com diversos assuntos pertinentes ao trabalho, da equipe da Afubra e da Ufsm com os alunos, professores e pais.<\/p>\n<p>O vice-presidente da Afubra, Marco Antonio Dornelles, lembra que o sucesso do Projeto Verde \u00e9 Vida \u00e9 devido \u00e0s parcerias com as escolas, onde alunos, professores e pais se dedicam \u00e0 atividade. \u201cSe olharmos os 27 anos de caminhada de Verde \u00e9 Vida e 17 de Bolsa de Sementes, percebemos que estamos no caminho certo. Mas, tamb\u00e9m sabemos que s\u00e3o necess\u00e1rias mudan\u00e7as. E, a escola Felipe Becker, com sua dedica\u00e7\u00e3o, nos inspirou a implantar melhorias nessa importante atividade que \u00e9 a coleta de sementes para a preserva\u00e7\u00e3o de esp\u00e9cies florestais\u201d, afirma Dornelles.<\/p>\n<p>Texto e fotos: Jorn. Luciana Jost Radtke<\/p>\n<p>link de acesso \u00e0 mat\u00e9ria: <a href=\"https:\/\/afubra.com.br\/noticias\/11222\/muito-mais-do-que-sementes.html\">https:\/\/afubra.com.br\/noticias\/11222\/muito-mais-do-que-sementes.html<\/a><\/p>\n","protected":false},"excerpt":{"rendered":"<p>Valorizar e incentivar o trabalho realizados por alunos, professores e pais da Escola Municipal Felipe Becker, da localidade de Alto Pared\u00e3o, interior de Santa Cruz do Sul\/RS, e tamb\u00e9m proporcionar um suporte t\u00e9cnico para ampliar as atividades do Bolsa de Sementes. Estes s\u00e3o os objetivos propostos pelo Projeto Verde \u00e9 Vida, programa de sensibiliza\u00e7\u00e3o e [&hellip;]<\/p>\n","protected":false},"author":8,"featured_media":0,"comment_status":"closed","ping_status":"closed","sticky":false,"template":"","format":"standard","meta":{"footnotes":""},"categories":[11],"tags":[],"class_list":["post-166","post","type-post","status-publish","format-standard","hentry","category-noticias"],"acf":[],"_links":{"self":[{"href":"https:\/\/www.ufsm.br\/laboratorios\/silviculturaviveiro\/wp-json\/wp\/v2\/posts\/166","targetHints":{"allow":["GET"]}}],"collection":[{"href":"https:\/\/www.ufsm.br\/laboratorios\/silviculturaviveiro\/wp-json\/wp\/v2\/posts"}],"about":[{"href":"https:\/\/www.ufsm.br\/laboratorios\/silviculturaviveiro\/wp-json\/wp\/v2\/types\/post"}],"author":[{"embeddable":true,"href":"https:\/\/www.ufsm.br\/laboratorios\/silviculturaviveiro\/wp-json\/wp\/v2\/users\/8"}],"replies":[{"embeddable":true,"href":"https:\/\/www.ufsm.br\/laboratorios\/silviculturaviveiro\/wp-json\/wp\/v2\/comments?post=166"}],"version-history":[{"count":0,"href":"https:\/\/www.ufsm.br\/laboratorios\/silviculturaviveiro\/wp-json\/wp\/v2\/posts\/166\/revisions"}],"wp:attachment":[{"href":"https:\/\/www.ufsm.br\/laboratorios\/silviculturaviveiro\/wp-json\/wp\/v2\/media?parent=166"}],"wp:term":[{"taxonomy":"category","embeddable":true,"href":"https:\/\/www.ufsm.br\/laboratorios\/silviculturaviveiro\/wp-json\/wp\/v2\/categories?post=166"},{"taxonomy":"post_tag","embeddable":true,"href":"https:\/\/www.ufsm.br\/laboratorios\/silviculturaviveiro\/wp-json\/wp\/v2\/tags?post=166"}],"curies":[{"name":"wp","href":"https:\/\/api.w.org\/{rel}","templated":true}]}}