{"id":10014,"date":"2024-05-23T11:45:47","date_gmt":"2024-05-23T14:45:47","guid":{"rendered":"https:\/\/www.ufsm.br\/midias\/arco\/?p=10014"},"modified":"2024-05-23T11:45:50","modified_gmt":"2024-05-23T14:45:50","slug":"ep7-com-ciencia-quantica","status":"publish","type":"post","link":"https:\/\/www.ufsm.br\/midias\/arco\/ep7-com-ciencia-quantica","title":{"rendered":"Ep7: Com Ci\u00eancia Qu\u00e2ntica"},"content":{"rendered":"\t\t<div data-elementor-type=\"wp-post\" data-elementor-id=\"10014\" class=\"elementor elementor-10014\">\n\t\t\t\t\t\t<section class=\"elementor-section elementor-top-section elementor-element elementor-element-8357df4 elementor-section-boxed elementor-section-height-default elementor-section-height-default\" data-id=\"8357df4\" data-element_type=\"section\">\n\t\t\t\t\t\t<div class=\"elementor-container elementor-column-gap-default\">\n\t\t\t\t\t<div class=\"elementor-column elementor-col-100 elementor-top-column elementor-element elementor-element-78d77fda\" data-id=\"78d77fda\" data-element_type=\"column\">\n\t\t\t<div class=\"elementor-widget-wrap elementor-element-populated\">\n\t\t\t\t\t\t<div class=\"elementor-element elementor-element-476024c3 elementor-widget elementor-widget-text-editor\" data-id=\"476024c3\" data-element_type=\"widget\" data-widget_type=\"text-editor.default\">\n\t\t\t\t<div class=\"elementor-widget-container\">\n\t\t\t\t\t\t\t<!-- wp:tadv\/classic-paragraph \/-->\t\t\t\t\t\t<\/div>\n\t\t\t\t<\/div>\n\t\t\t\t\t<\/div>\n\t\t<\/div>\n\t\t\t\t\t<\/div>\n\t\t<\/section>\n\t\t\t\t<section class=\"elementor-section elementor-top-section elementor-element elementor-element-5dcf1882 elementor-section-boxed elementor-section-height-default elementor-section-height-default\" data-id=\"5dcf1882\" data-element_type=\"section\" data-settings=\"{&quot;background_background&quot;:&quot;classic&quot;}\">\n\t\t\t\t\t\t<div class=\"elementor-container elementor-column-gap-default\">\n\t\t\t\t\t<div class=\"elementor-column elementor-col-16 elementor-top-column elementor-element elementor-element-1b58f363\" data-id=\"1b58f363\" data-element_type=\"column\" data-settings=\"{&quot;background_background&quot;:&quot;classic&quot;}\">\n\t\t\t<div class=\"elementor-widget-wrap elementor-element-populated\">\n\t\t\t\t\t\t<div class=\"elementor-element elementor-element-3ef01723 elementor-widget elementor-widget-image\" data-id=\"3ef01723\" data-element_type=\"widget\" data-widget_type=\"image.default\">\n\t\t\t\t<div class=\"elementor-widget-container\">\n\t\t\t\t\t\t\t\t\t\t\t\t\t\t<a href=\"https:\/\/www.ufsm.br\/midias\/arco\/o-q-quantico\">\n\t\t\t\t\t\t\t<img fetchpriority=\"high\" decoding=\"async\" width=\"608\" height=\"181\" src=\"https:\/\/www.ufsm.br\/app\/uploads\/sites\/601\/2023\/12\/horizontal-azul-lupa-rosa.png\" class=\"attachment-large size-large wp-image-9897\" alt=\"\" srcset=\"https:\/\/www.ufsm.br\/app\/uploads\/sites\/601\/2023\/12\/horizontal-azul-lupa-rosa.png 608w, https:\/\/www.ufsm.br\/app\/uploads\/sites\/601\/2023\/12\/horizontal-azul-lupa-rosa-300x89.png 300w\" sizes=\"(max-width: 608px) 100vw, 608px\" \/>\t\t\t\t\t\t\t\t<\/a>\n\t\t\t\t\t\t\t\t\t\t\t\t\t<\/div>\n\t\t\t\t<\/div>\n\t\t\t\t\t<\/div>\n\t\t<\/div>\n\t\t\t\t<div class=\"elementor-column elementor-col-16 elementor-top-column elementor-element elementor-element-a77df48\" data-id=\"a77df48\" data-element_type=\"column\">\n\t\t\t<div class=\"elementor-widget-wrap\">\n\t\t\t\t\t\t\t<\/div>\n\t\t<\/div>\n\t\t\t\t<div class=\"elementor-column elementor-col-16 elementor-top-column elementor-element elementor-element-cf1a4bc\" data-id=\"cf1a4bc\" data-element_type=\"column\">\n\t\t\t<div class=\"elementor-widget-wrap elementor-element-populated\">\n\t\t\t\t\t\t<div class=\"elementor-element elementor-element-36e71702 elementor-align-justify elementor-widget elementor-widget-button\" data-id=\"36e71702\" data-element_type=\"widget\" data-widget_type=\"button.default\">\n\t\t\t\t<div class=\"elementor-widget-container\">\n\t\t\t\t\t\t\t<div class=\"elementor-button-wrapper\">\n\t\t\t\t\t<a class=\"elementor-button elementor-button-link elementor-size-sm elementor-animation-grow\" href=\"https:\/\/www.ufsm.br\/midias\/arco\/o-q-quantico\/sobre\">\n\t\t\t\t\t\t<span class=\"elementor-button-content-wrapper\">\n\t\t\t\t\t\t\t\t\t<span class=\"elementor-button-text\"><b>Sobre<\/b><\/span>\n\t\t\t\t\t<\/span>\n\t\t\t\t\t<\/a>\n\t\t\t\t<\/div>\n\t\t\t\t\t\t<\/div>\n\t\t\t\t<\/div>\n\t\t\t\t\t<\/div>\n\t\t<\/div>\n\t\t\t\t<div class=\"elementor-column elementor-col-16 elementor-top-column elementor-element elementor-element-4d41e419\" data-id=\"4d41e419\" data-element_type=\"column\">\n\t\t\t<div class=\"elementor-widget-wrap elementor-element-populated\">\n\t\t\t\t\t\t<div class=\"elementor-element elementor-element-623858e9 elementor-align-justify elementor-widget elementor-widget-button\" data-id=\"623858e9\" data-element_type=\"widget\" data-widget_type=\"button.default\">\n\t\t\t\t<div class=\"elementor-widget-container\">\n\t\t\t\t\t\t\t<div class=\"elementor-button-wrapper\">\n\t\t\t\t\t<a class=\"elementor-button elementor-button-link elementor-size-sm elementor-animation-grow\" href=\"https:\/\/www.ufsm.br\/midias\/arco\/o-q-quantico\/episodios\">\n\t\t\t\t\t\t<span class=\"elementor-button-content-wrapper\">\n\t\t\t\t\t\t\t\t\t<span class=\"elementor-button-text\"><b>Epis\u00f3dios<\/b><\/span>\n\t\t\t\t\t<\/span>\n\t\t\t\t\t<\/a>\n\t\t\t\t<\/div>\n\t\t\t\t\t\t<\/div>\n\t\t\t\t<\/div>\n\t\t\t\t\t<\/div>\n\t\t<\/div>\n\t\t\t\t<div class=\"elementor-column elementor-col-16 elementor-top-column elementor-element elementor-element-25df3837\" data-id=\"25df3837\" data-element_type=\"column\">\n\t\t\t<div class=\"elementor-widget-wrap elementor-element-populated\">\n\t\t\t\t\t\t<div class=\"elementor-element elementor-element-74adb01e elementor-align-justify elementor-widget elementor-widget-button\" data-id=\"74adb01e\" data-element_type=\"widget\" data-widget_type=\"button.default\">\n\t\t\t\t<div class=\"elementor-widget-container\">\n\t\t\t\t\t\t\t<div class=\"elementor-button-wrapper\">\n\t\t\t\t\t<a class=\"elementor-button elementor-button-link elementor-size-sm elementor-animation-grow\" href=\"https:\/\/www.ufsm.br\/midias\/arco\/o-q-quantico\/entrevistados\">\n\t\t\t\t\t\t<span class=\"elementor-button-content-wrapper\">\n\t\t\t\t\t\t\t\t\t<span class=\"elementor-button-text\"><b>Entrevistados<\/b><\/span>\n\t\t\t\t\t<\/span>\n\t\t\t\t\t<\/a>\n\t\t\t\t<\/div>\n\t\t\t\t\t\t<\/div>\n\t\t\t\t<\/div>\n\t\t\t\t\t<\/div>\n\t\t<\/div>\n\t\t\t\t<div class=\"elementor-column elementor-col-16 elementor-top-column elementor-element elementor-element-5856fda3\" data-id=\"5856fda3\" data-element_type=\"column\">\n\t\t\t<div class=\"elementor-widget-wrap elementor-element-populated\">\n\t\t\t\t\t\t<div class=\"elementor-element elementor-element-8574b72 elementor-align-justify elementor-widget elementor-widget-button\" data-id=\"8574b72\" data-element_type=\"widget\" data-widget_type=\"button.default\">\n\t\t\t\t<div class=\"elementor-widget-container\">\n\t\t\t\t\t\t\t<div class=\"elementor-button-wrapper\">\n\t\t\t\t\t<a class=\"elementor-button elementor-button-link elementor-size-sm elementor-animation-grow\" href=\"https:\/\/www.ufsm.br\/midias\/arco\/o-q-quantico\/quem-somos\">\n\t\t\t\t\t\t<span class=\"elementor-button-content-wrapper\">\n\t\t\t\t\t\t\t\t\t<span class=\"elementor-button-text\"><B>Quem somos<\/b><\/span>\n\t\t\t\t\t<\/span>\n\t\t\t\t\t<\/a>\n\t\t\t\t<\/div>\n\t\t\t\t\t\t<\/div>\n\t\t\t\t<\/div>\n\t\t\t\t\t<\/div>\n\t\t<\/div>\n\t\t\t\t\t<\/div>\n\t\t<\/section>\n\t\t\t\t<section class=\"elementor-section elementor-top-section elementor-element elementor-element-4352dab7 elementor-section-full_width elementor-section-height-default elementor-section-height-default\" data-id=\"4352dab7\" data-element_type=\"section\" data-settings=\"{&quot;background_background&quot;:&quot;classic&quot;}\">\n\t\t\t\t\t\t\t<div class=\"elementor-background-overlay\"><\/div>\n\t\t\t\t\t\t\t<div class=\"elementor-container elementor-column-gap-default\">\n\t\t\t\t\t<div class=\"elementor-column elementor-col-50 elementor-top-column elementor-element elementor-element-37d10af8\" data-id=\"37d10af8\" data-element_type=\"column\">\n\t\t\t<div class=\"elementor-widget-wrap elementor-element-populated\">\n\t\t\t\t\t\t<div class=\"elementor-element elementor-element-4575666e elementor-widget elementor-widget-heading\" data-id=\"4575666e\" data-element_type=\"widget\" data-widget_type=\"heading.default\">\n\t\t\t\t<div class=\"elementor-widget-container\">\n\t\t\t<h2 class=\"elementor-heading-title elementor-size-default\">Ep7: Com ci\u00eancia qu\u00e2ntica<\/h2>\t\t<\/div>\n\t\t\t\t<\/div>\n\t\t\t\t<div class=\"elementor-element elementor-element-3d857096 elementor-widget elementor-widget-text-editor\" data-id=\"3d857096\" data-element_type=\"widget\" data-widget_type=\"text-editor.default\">\n\t\t\t\t<div class=\"elementor-widget-container\">\n\t\t\t\t\t\t\t<p dir=\"ltr\" style=\"line-height: 1.38;margin-top: 0pt;margin-bottom: 0pt\">De onde surgiu essa associa\u00e7\u00e3o entre consci\u00eancia e teoria qu\u00e2ntica, que aparece tanto em conte\u00fados pseudocient\u00edficos? Encerramos a temporada falando sobre mentaliza\u00e7\u00e3o, experimentos que envolvem a for\u00e7a do pensamento, reducionismo e a diferen\u00e7a entre charlat\u00f5es qu\u00e2nticos profissionais e amadores.<\/p><p dir=\"ltr\" style=\"line-height: 1.38;margin-top: 0pt;margin-bottom: 0pt\"><span style=\"font-size: 11pt;font-family: Arial,sans-serif;color: #000000;background-color: transparent;font-weight: 400;font-style: normal;font-variant: normal;text-decoration: none;vertical-align: baseline\">\u00a0<\/span><\/p>\t\t\t\t\t\t<\/div>\n\t\t\t\t<\/div>\n\t\t\t\t<div class=\"elementor-element elementor-element-74e911a5 elementor-widget elementor-widget-button\" data-id=\"74e911a5\" data-element_type=\"widget\" data-widget_type=\"button.default\">\n\t\t\t\t<div class=\"elementor-widget-container\">\n\t\t\t\t\t\t\t<div class=\"elementor-button-wrapper\">\n\t\t\t\t\t<a class=\"elementor-button elementor-button-link elementor-size-xs\" href=\"https:\/\/open.spotify.com\/episode\/1BcU55WB5FZOXVPCJTCbBs?si=pfsXbUnjQhmSQwUeL4xGGQ\" target=\"_blank\">\n\t\t\t\t\t\t<span class=\"elementor-button-content-wrapper\">\n\t\t\t\t\t\t\t\t\t<span class=\"elementor-button-text\">Ou\u00e7a aqui no Spotify\ud83c\udfa7<\/span>\n\t\t\t\t\t<\/span>\n\t\t\t\t\t<\/a>\n\t\t\t\t<\/div>\n\t\t\t\t\t\t<\/div>\n\t\t\t\t<\/div>\n\t\t\t\t<div class=\"elementor-element elementor-element-1cdfb72c elementor-widget elementor-widget-button\" data-id=\"1cdfb72c\" data-element_type=\"widget\" data-widget_type=\"button.default\">\n\t\t\t\t<div class=\"elementor-widget-container\">\n\t\t\t\t\t\t\t<div class=\"elementor-button-wrapper\">\n\t\t\t\t\t<a class=\"elementor-button elementor-button-link elementor-size-xs\" href=\"https:\/\/youtu.be\/dEZwakDwDpc?feature=shared\" target=\"_blank\">\n\t\t\t\t\t\t<span class=\"elementor-button-content-wrapper\">\n\t\t\t\t\t\t\t\t\t<span class=\"elementor-button-text\">Ou\u00e7a aqui no YouTube\ud83c\udfa7<\/span>\n\t\t\t\t\t<\/span>\n\t\t\t\t\t<\/a>\n\t\t\t\t<\/div>\n\t\t\t\t\t\t<\/div>\n\t\t\t\t<\/div>\n\t\t\t\t<div class=\"elementor-element elementor-element-3ddbda44 elementor-widget elementor-widget-text-editor\" data-id=\"3ddbda44\" data-element_type=\"widget\" data-widget_type=\"text-editor.default\">\n\t\t\t\t<div class=\"elementor-widget-container\">\n\t\t\t\t\t\t\t<p><span style=\"color: #000000;font-size: 16px\">Acesse a <a href=\"https:\/\/www.ufsm.br\/app\/uploads\/sites\/601\/2024\/05\/Ep07_Transcricao.pdf\">transcri\u00e7\u00e3o<\/a> do epis\u00f3dio e a <a href=\"https:\/\/www.ufsm.br\/app\/uploads\/sites\/601\/2024\/05\/Ep07_English.pdf\" target=\"_blank\" rel=\"noopener\">tradu\u00e7\u00e3o<\/a>\u00a0para o ingl\u00eas.<\/span><\/p>\t\t\t\t\t\t<\/div>\n\t\t\t\t<\/div>\n\t\t\t\t\t<\/div>\n\t\t<\/div>\n\t\t\t\t<div class=\"elementor-column elementor-col-50 elementor-top-column elementor-element elementor-element-336e5fd2\" data-id=\"336e5fd2\" data-element_type=\"column\">\n\t\t\t<div class=\"elementor-widget-wrap elementor-element-populated\">\n\t\t\t\t\t\t<div class=\"elementor-element elementor-element-1b5645d5 elementor-widget elementor-widget-image\" data-id=\"1b5645d5\" data-element_type=\"widget\" data-widget_type=\"image.default\">\n\t\t\t\t<div class=\"elementor-widget-container\">\n\t\t\t\t\t\t\t\t\t\t\t\t\t<img decoding=\"async\" width=\"1024\" height=\"1024\" src=\"https:\/\/www.ufsm.br\/app\/uploads\/sites\/601\/2024\/05\/Ep-7-1024x1024.jpg\" class=\"attachment-large size-large wp-image-10013\" alt=\"\" srcset=\"https:\/\/www.ufsm.br\/app\/uploads\/sites\/601\/2024\/05\/Ep-7-1024x1024.jpg 1024w, https:\/\/www.ufsm.br\/app\/uploads\/sites\/601\/2024\/05\/Ep-7-300x300.jpg 300w, https:\/\/www.ufsm.br\/app\/uploads\/sites\/601\/2024\/05\/Ep-7-150x150.jpg 150w, https:\/\/www.ufsm.br\/app\/uploads\/sites\/601\/2024\/05\/Ep-7-768x768.jpg 768w, https:\/\/www.ufsm.br\/app\/uploads\/sites\/601\/2024\/05\/Ep-7.jpg 1080w\" sizes=\"(max-width: 1024px) 100vw, 1024px\" \/>\t\t\t\t\t\t\t\t\t\t\t\t\t<\/div>\n\t\t\t\t<\/div>\n\t\t\t\t\t<\/div>\n\t\t<\/div>\n\t\t\t\t\t<\/div>\n\t\t<\/section>\n\t\t\t\t<section class=\"elementor-section elementor-top-section elementor-element elementor-element-4929d527 elementor-section-boxed elementor-section-height-default elementor-section-height-default\" data-id=\"4929d527\" data-element_type=\"section\">\n\t\t\t\t\t\t<div class=\"elementor-container elementor-column-gap-default\">\n\t\t\t\t\t<div class=\"elementor-column elementor-col-100 elementor-top-column elementor-element elementor-element-7501e747\" data-id=\"7501e747\" data-element_type=\"column\">\n\t\t\t<div class=\"elementor-widget-wrap elementor-element-populated\">\n\t\t\t\t\t\t<div class=\"elementor-element elementor-element-1273d32c elementor-widget elementor-widget-text-editor\" data-id=\"1273d32c\" data-element_type=\"widget\" data-widget_type=\"text-editor.default\">\n\t\t\t\t<div class=\"elementor-widget-container\">\n\t\t\t\t\t\t\t<p><span style=\"font-weight: 400\">No primeiro bloco, a gente conta alguns dos poss\u00edveis motivos dessa associa\u00e7\u00e3o entre f\u00edsica qu\u00e2ntica e a ideia de que \u201co nosso pensamento constr\u00f3i a nossa realidade\u201d. No segundo bloco, a gente discute experimentos que se prop\u00f5em a investigar essas conex\u00f5es. E no bloco tr\u00eas, a gente encerra o epis\u00f3dio e a temporada com algumas conclus\u00f5es sobre esse panorama da pseudoci\u00eancia qu\u00e2ntica que a gente vem tra\u00e7ando aqui.\u00a0<\/span><\/p><p dir=\"ltr\" style=\"line-height: 1.38;margin-top: 0pt;margin-bottom: 0pt\"><span style=\"background-color: transparent;color: #000000;font-family: Arial, sans-serif;font-size: 11pt;font-style: italic;text-align: var(--bs-body-text-align)\">\u00a0<\/span><\/p><p><span style=\"font-weight: 400\">No bloco 1, o Osvaldo Pessoa Jr. nos guia pela linha de racioc\u00ednio pseudocient\u00edfica que tenta argumentar que o nosso pensamento constr\u00f3i a realidade. A gente deixa aqui um link para o artigo de um estudo que argumenta que a escala de tempo da decoer\u00eancia qu\u00e2ntica \u00e9 muito menor que as escalas de tempo relevantes para os processos neurais. O que mostra a implausibilidade de haverem fen\u00f4menos qu\u00e2nticos no c\u00e9rebro. <\/span><a href=\"https:\/\/journals.aps.org\/pre\/abstract\/10.1103\/PhysRevE.61.4194\"><i><span style=\"font-weight: 400\">M. Tegmark, Importance of quantum decoherence in brain processes, Phys. Rev. E 61, 4194 (2000)<\/span><\/i><\/a><span style=\"font-weight: 400\">.<\/span><\/p><p dir=\"ltr\" style=\"line-height: 1.38;margin-top: 0pt;margin-bottom: 0pt\"><span style=\"background-color: transparent;color: #000000;font-family: Arial, sans-serif;font-size: 11pt;font-style: italic;text-align: var(--bs-body-text-align)\">\u00a0<\/span><\/p><p><span style=\"font-weight: 400\">No bloco 2, a gente conta o caso do f\u00edsico Gabriel Guerrer que tentou reproduzir um experimento que dizia comprovar a influ\u00eancia da mente sobre sistemas qu\u00e2nticos. Nesse <\/span><a href=\"https:\/\/www.youtube.com\/watch?v=_9I7-kBu9J4&amp;ab_channel=GabrielGuerrer\"><span style=\"font-weight: 400\">link<\/span><\/a><span style=\"font-weight: 400\">, voc\u00ea encontra a palestra em que o Gabriel Guerrer anuncia os resultados do seu experimento, em que n\u00e3o foi poss\u00edvel observar nenhuma diferen\u00e7a no comportamento dos\u00a0 f\u00f3tons na presen\u00e7a de pessoas.<\/span><\/p><p dir=\"ltr\" style=\"line-height: 1.38;margin-top: 0pt;margin-bottom: 0pt\"><span style=\"background-color: transparent;color: #000000;font-family: Arial, sans-serif;font-size: 11pt;font-style: italic;text-align: var(--bs-body-text-align)\"><br \/><br \/><br \/><\/span><\/p><p dir=\"ltr\" style=\"line-height: 1.38;margin-top: 0pt;margin-bottom: 0pt\"><strong><span style=\"font-size: 11pt;font-family: Arial, sans-serif;color: #000000;background-color: transparent;font-style: normal;font-variant: normal;text-decoration: none;vertical-align: baseline\">Cr\u00e9ditos do epis\u00f3dio:<\/span><\/strong><\/p><p dir=\"ltr\" style=\"line-height: 1.38;margin-top: 0pt;margin-bottom: 0pt\"><span style=\"font-size: 11pt;font-family: Arial,sans-serif;color: #000000;background-color: transparent;font-weight: 400;font-style: italic;font-variant: normal;text-decoration: none;vertical-align: baseline\"><b style=\"font-weight: normal\">\u00a0<\/b><\/span><span style=\"background-color: transparent;color: #000000;font-family: Arial, sans-serif;font-size: 11pt;font-style: italic;text-align: var(--bs-body-text-align)\">\u00a0<\/span><\/p><p dir=\"ltr\" style=\"line-height: 1.38;margin-top: 0pt;margin-bottom: 0pt\"><span style=\"font-size: 11pt;font-family: Arial,sans-serif;color: #000000;background-color: transparent;font-weight: 400;font-style: normal;font-variant: normal;text-decoration: none;vertical-align: baseline\">Idealiza\u00e7\u00e3o: Leonardo Guerini e Gl\u00e1ucia Murta<\/span><\/p><p dir=\"ltr\" style=\"line-height: 1.38;margin-top: 0pt;margin-bottom: 0pt\"><span style=\"font-size: 11pt;font-family: Arial,sans-serif;color: #000000;background-color: transparent;font-weight: 400;font-style: normal;font-variant: normal;text-decoration: none;vertical-align: baseline\">Produ\u00e7\u00e3o: Gl\u00e1ucia Murta, Leonardo Guerini, Luciane Treulieb, Samara Wobeto e Vitor Zuccolo<\/span><\/p><p dir=\"ltr\" style=\"line-height: 1.38;margin-top: 0pt;margin-bottom: 0pt\"><span style=\"font-size: 11pt;font-family: Arial,sans-serif;color: #000000;background-color: transparent;font-weight: 400;font-style: normal;font-variant: normal;text-decoration: none;vertical-align: baseline\">Apresenta\u00e7\u00e3o: Glaucia Murta, Leonardo Guerini e Luciane Treulieb.<\/span><\/p><p dir=\"ltr\" style=\"line-height: 1.38;margin-top: 0pt;margin-bottom: 0pt\"><span style=\"font-size: 11pt;font-family: Arial,sans-serif;color: #000000;background-color: transparent;font-weight: 400;font-style: normal;font-variant: normal;text-decoration: none;vertical-align: baseline\">Roteiro do epis\u00f3dio: Leonardo Guerini, com contribui\u00e7\u00f5es da Gl\u00e1ucia Murta, Luciane Treulieb e Samara Wobeto<\/span><\/p><p dir=\"ltr\" style=\"line-height: 1.38;margin-top: 0pt;margin-bottom: 0pt\"><span style=\"font-size: 11pt;font-family: Arial,sans-serif;color: #000000;background-color: transparent;font-weight: 400;font-style: normal;font-variant: normal;text-decoration: none;vertical-align: baseline\">Consultoria de roteiro: equipe do podcast Ci\u00eancia Suja\u00a0<\/span><\/p><p dir=\"ltr\" style=\"line-height: 1.38;margin-top: 0pt;margin-bottom: 0pt\"><span style=\"font-size: 11pt;font-family: Arial,sans-serif;color: #000000;background-color: transparent;font-weight: 400;font-style: normal;font-variant: normal;text-decoration: none;vertical-align: baseline\">Edi\u00e7\u00e3o de som: Leonardo Guerini<\/span><\/p><p dir=\"ltr\" style=\"line-height: 1.38;margin-top: 0pt;margin-bottom: 0pt\"><span style=\"font-size: 11pt;font-family: Arial,sans-serif;color: #000000;background-color: transparent;font-weight: 400;font-style: normal;font-variant: normal;text-decoration: none;vertical-align: baseline\">Suporte de grava\u00e7\u00e3o: Pablo Ruan<\/span><\/p><p dir=\"ltr\" style=\"line-height: 1.38;margin-top: 0pt;margin-bottom: 0pt\"><span style=\"font-size: 11pt;font-family: Arial,sans-serif;color: #000000;background-color: transparent;font-weight: 400;font-style: normal;font-variant: normal;text-decoration: none;vertical-align: baseline\">Mixagem: Felipe Barbosa<\/span><\/p><p dir=\"ltr\" style=\"line-height: 1.38;margin-top: 0pt;margin-bottom: 0pt\"><span style=\"font-size: 11pt;font-family: Arial,sans-serif;color: #000000;background-color: transparent;font-weight: 400;font-style: normal;font-variant: normal;text-decoration: none;vertical-align: baseline\">M\u00fasica original: Pedro Leal David<\/span><\/p><p dir=\"ltr\" style=\"line-height: 1.38;margin-top: 0pt;margin-bottom: 0pt\"><span style=\"font-size: 11pt;font-family: Arial,sans-serif;color: #000000;background-color: transparent;font-weight: 400;font-style: normal;font-variant: normal;text-decoration: none;vertical-align: baseline\">Identidade visual e as ilustra\u00e7\u00f5es de capa: Augusto Zambonato<\/span><\/p><p dir=\"ltr\" style=\"line-height: 1.38;margin-top: 0pt;margin-bottom: 0pt\"><span style=\"font-size: 11pt;font-family: Arial,sans-serif;color: #000000;background-color: transparent;font-weight: 400;font-style: normal;font-variant: normal;text-decoration: none;vertical-align: baseline\">M\u00eddias sociais: Milene Eichelberger<\/span><\/p><p dir=\"ltr\" style=\"line-height: 1.38;margin-top: 0pt;margin-bottom: 0pt\"><span style=\"font-size: 11pt;font-family: Arial,sans-serif;color: #000000;background-color: transparent;font-weight: 400;font-style: normal;font-variant: normal;text-decoration: none;vertical-align: baseline\">Site: Daniel M. De Carli<\/span><\/p><p dir=\"ltr\" style=\"line-height: 1.38;margin-top: 0pt;margin-bottom: 0pt\"><span style=\"font-size: 11pt;font-family: Arial,sans-serif;color: #000000;background-color: transparent;font-weight: 400;font-style: normal;font-variant: normal;text-decoration: none;vertical-align: baseline\">\u00a0<\/span><\/p><p dir=\"ltr\" style=\"line-height: 1.38;margin-top: 0pt;margin-bottom: 0pt\"><span style=\"font-size: 11pt;font-family: Arial,sans-serif;color: #000000;background-color: transparent;font-weight: 400;font-style: normal;font-variant: normal;text-decoration: none;vertical-align: baseline\"><span id=\"docs-internal-guid-c26f84ed-7fff-ec3e-5e2c-e3bd79367597\"><span style=\"font-size: 11pt;font-family: Arial, sans-serif;color: #000000;background-color: transparent;vertical-align: baseline\">O Q Qu\u00e2ntico \u00e9 produzido dentro de universidades p\u00fablicas. Contamos com o apoio de diversos funcion\u00e1rios das nossas institui\u00e7\u00f5es que contribu\u00edram para que o podcast chegasse ao seu formato final. Agradecemos o apoio financeiro do Conselho Nacional de Desenvolvimento Cient\u00edfico e Tecnol\u00f3gico (CNPq) e do cluster de excel\u00eancia \u201cMatter and Light for Quantum Computing\u201d (ML4Q) da Alemanha. E o suporte e infraestrutura da Heinrich-Heine-Universit\u00e4t D\u00fcsseldorf e das r\u00e1dios da Universidade Federal de Santa Maria.<\/span><\/span><br \/><\/span><\/p><p dir=\"ltr\" style=\"line-height: 1.38;margin-top: 0pt;margin-bottom: 0pt\"><span style=\"font-size: 11pt;font-family: Arial,sans-serif;color: #000000;background-color: transparent;font-weight: 400;font-style: italic;font-variant: normal;text-decoration: none;vertical-align: baseline\">\u00a0<\/span><\/p><p dir=\"ltr\" style=\"line-height: 1.38;margin-top: 0pt;margin-bottom: 0pt\">\u00a0<\/p>\t\t\t\t\t\t<\/div>\n\t\t\t\t<\/div>\n\t\t\t\t\t<\/div>\n\t\t<\/div>\n\t\t\t\t\t<\/div>\n\t\t<\/section>\n\t\t\t\t<\/div>\n\t\t","protected":false},"excerpt":{"rendered":"<p>Sobre Epis\u00f3dios Entrevistados Quem somos Ep7: Com ci\u00eancia qu\u00e2ntica De onde surgiu essa associa\u00e7\u00e3o entre consci\u00eancia e teoria qu\u00e2ntica, que aparece tanto em conte\u00fados pseudocient\u00edficos? Encerramos a temporada falando sobre mentaliza\u00e7\u00e3o, experimentos que envolvem a for\u00e7a do pensamento, reducionismo e a diferen\u00e7a entre charlat\u00f5es qu\u00e2nticos profissionais e amadores. \u00a0 Ou\u00e7a aqui no Spotify\ud83c\udfa7 Ou\u00e7a aqui [&hellip;]<\/p>\n","protected":false},"author":88,"featured_media":10013,"comment_status":"closed","ping_status":"closed","sticky":false,"template":"","format":"standard","meta":{"footnotes":""},"categories":[5715],"tags":[5731],"class_list":["post-10014","post","type-post","status-publish","format-standard","has-post-thumbnail","hentry","category-o-q-quantico","tag-teoria-quantica"],"acf":[],"_links":{"self":[{"href":"https:\/\/www.ufsm.br\/midias\/arco\/wp-json\/wp\/v2\/posts\/10014","targetHints":{"allow":["GET"]}}],"collection":[{"href":"https:\/\/www.ufsm.br\/midias\/arco\/wp-json\/wp\/v2\/posts"}],"about":[{"href":"https:\/\/www.ufsm.br\/midias\/arco\/wp-json\/wp\/v2\/types\/post"}],"author":[{"embeddable":true,"href":"https:\/\/www.ufsm.br\/midias\/arco\/wp-json\/wp\/v2\/users\/88"}],"replies":[{"embeddable":true,"href":"https:\/\/www.ufsm.br\/midias\/arco\/wp-json\/wp\/v2\/comments?post=10014"}],"version-history":[{"count":0,"href":"https:\/\/www.ufsm.br\/midias\/arco\/wp-json\/wp\/v2\/posts\/10014\/revisions"}],"wp:featuredmedia":[{"embeddable":true,"href":"https:\/\/www.ufsm.br\/midias\/arco\/wp-json\/wp\/v2\/media\/10013"}],"wp:attachment":[{"href":"https:\/\/www.ufsm.br\/midias\/arco\/wp-json\/wp\/v2\/media?parent=10014"}],"wp:term":[{"taxonomy":"category","embeddable":true,"href":"https:\/\/www.ufsm.br\/midias\/arco\/wp-json\/wp\/v2\/categories?post=10014"},{"taxonomy":"post_tag","embeddable":true,"href":"https:\/\/www.ufsm.br\/midias\/arco\/wp-json\/wp\/v2\/tags?post=10014"}],"curies":[{"name":"wp","href":"https:\/\/api.w.org\/{rel}","templated":true}]}}