{"id":1675,"date":"2016-06-07T17:57:59","date_gmt":"2016-06-07T20:57:59","guid":{"rendered":"http:\/\/coral.ufsm.br\/arco\/sitenovo\/?p=1675"},"modified":"2021-02-11T15:05:19","modified_gmt":"2021-02-11T18:05:19","slug":"6a-edicao","status":"publish","type":"post","link":"https:\/\/www.ufsm.br\/midias\/arco\/6a-edicao","title":{"rendered":"6\u00aa Edi\u00e7\u00e3o"},"content":{"rendered":"\t\t<div data-elementor-type=\"wp-post\" data-elementor-id=\"1675\" class=\"elementor elementor-1675\">\n\t\t\t\t\t\t<section class=\"elementor-section elementor-top-section elementor-element elementor-element-1ee8820 elementor-section-boxed elementor-section-height-default elementor-section-height-default\" data-id=\"1ee8820\" data-element_type=\"section\" data-settings=\"{&quot;background_background&quot;:&quot;classic&quot;}\">\n\t\t\t\t\t\t<div class=\"elementor-container elementor-column-gap-default\">\n\t\t\t\t\t<div class=\"elementor-column elementor-col-50 elementor-top-column elementor-element elementor-element-c07b9c8\" data-id=\"c07b9c8\" data-element_type=\"column\" data-settings=\"{&quot;background_background&quot;:&quot;classic&quot;}\">\n\t\t\t<div class=\"elementor-widget-wrap elementor-element-populated\">\n\t\t\t\t\t\t<div class=\"elementor-element elementor-element-896d38b elementor-widget elementor-widget-spacer\" data-id=\"896d38b\" data-element_type=\"widget\" data-widget_type=\"spacer.default\">\n\t\t\t\t<div class=\"elementor-widget-container\">\n\t\t\t\t\t<div class=\"elementor-spacer\">\n\t\t\t<div class=\"elementor-spacer-inner\"><\/div>\n\t\t<\/div>\n\t\t\t\t<\/div>\n\t\t\t\t<\/div>\n\t\t\t\t\t<\/div>\n\t\t<\/div>\n\t\t\t\t<div class=\"elementor-column elementor-col-50 elementor-top-column elementor-element elementor-element-f5c99a5\" data-id=\"f5c99a5\" data-element_type=\"column\">\n\t\t\t<div class=\"elementor-widget-wrap elementor-element-populated\">\n\t\t\t\t\t\t<div class=\"elementor-element elementor-element-236e459 elementor-widget elementor-widget-text-editor\" data-id=\"236e459\" data-element_type=\"widget\" data-widget_type=\"text-editor.default\">\n\t\t\t\t<div class=\"elementor-widget-container\">\n\t\t\t\t\t\t\t<p><img fetchpriority=\"high\" decoding=\"async\" class=\"alignnone size-medium wp-image-1565\" src=\"https:\/\/www.ufsm.br\/app\/uploads\/sites\/601\/2017\/08\/6\u00aa-edicao-capa-222x300.jpg\" alt=\"\" width=\"222\" height=\"300\" srcset=\"https:\/\/www.ufsm.br\/app\/uploads\/sites\/601\/2017\/08\/6\u00aa-edicao-capa-222x300.jpg 222w, https:\/\/www.ufsm.br\/app\/uploads\/sites\/601\/2017\/08\/6\u00aa-edicao-capa.jpg 733w\" sizes=\"(max-width: 222px) 100vw, 222px\" \/><\/p><p><span style=\"font-size: 24px\"><b>Este espa\u00e7o tamb\u00e9m \u00e9 meu<\/b><\/span><\/p><p>Na UFSM, a\u00e7\u00f5es e pesquisas destacam diversidade sexual e de g\u00eanero<\/p><p style=\"width: 915px\"><a href=\"https:\/\/www.ufsm.br\/midias\/arco\/expediente-6\/\">EXPEDIENTE<\/a><\/p><p style=\"width: 915px\"><a href=\"https:\/\/www.ufsm.br\/midias\/arco\/carta-da-editora-6\/\">CARTA DA EDITORA<\/a><\/p><p style=\"width: 915px\"><a href=\"https:\/\/www.ufsm.br\/midias\/arco\/carta-do-leitor-5\/\">CARTA DO LEITOR<\/a><\/p><p style=\"width: 915px\"><a href=\"https:\/\/issuu.com\/revistaarco\/docs\/arco_6_issuu\" target=\"_blank\" rel=\"noopener noreferrer\">LEIA NO ISSUU<\/a><\/p>\t\t\t\t\t\t<\/div>\n\t\t\t\t<\/div>\n\t\t\t\t\t<\/div>\n\t\t<\/div>\n\t\t\t\t\t<\/div>\n\t\t<\/section>\n\t\t\t\t<section class=\"elementor-section elementor-top-section elementor-element elementor-element-88140c6 elementor-section-boxed elementor-section-height-default elementor-section-height-default\" data-id=\"88140c6\" data-element_type=\"section\">\n\t\t\t\t\t\t<div class=\"elementor-container elementor-column-gap-default\">\n\t\t\t\t\t<div class=\"elementor-column elementor-col-100 elementor-top-column elementor-element elementor-element-321f684\" data-id=\"321f684\" data-element_type=\"column\">\n\t\t\t<div class=\"elementor-widget-wrap elementor-element-populated\">\n\t\t\t\t\t\t<div class=\"elementor-element elementor-element-e7c9e6b elementor-widget elementor-widget-wp-widget-ufsm_noticias_widget\" data-id=\"e7c9e6b\" data-element_type=\"widget\" data-widget_type=\"wp-widget-ufsm_noticias_widget.default\">\n\t\t\t\t<div class=\"elementor-widget-container\">\n\t\t\t<div class='widget-noticias-inside'>\n                        <div class=\"row\">\n                                    <div class=\"col-12 col-lg-4 pb-4\">\n                                            <div class=\"noticias-widget-wrap\" style=\"height: 180px; overflow: hidden;\">\n                            <a title=\"\" href=\"https:\/\/www.ufsm.br\/midias\/arco\/pioneirismo-na-medicina\">\n                                <span class=\"visually-hidden\">\n                                    Pioneirismo na medicina                                <\/span>\n                                <div class=\"noticias-widget-thumbs h-100\">\n                                    <img decoding=\"async\" class=\"object-fit-cover h-100 w-100\" alt=\"\" srcset=\"https:\/\/www.ufsm.br\/app\/uploads\/sites\/601\/2017\/08\/6\u00aa-edic\u0327a\u0303o-16-recordac\u0327o\u0303es-medicina-300x196.png 300w, https:\/\/www.ufsm.br\/app\/uploads\/sites\/601\/2017\/08\/6\u00aa-edic\u0327a\u0303o-16-recordac\u0327o\u0303es-medicina-768x501.png 768w, https:\/\/www.ufsm.br\/app\/uploads\/sites\/601\/2017\/08\/6\u00aa-edic\u0327a\u0303o-16-recordac\u0327o\u0303es-medicina-1024x668.png 1024w, https:\/\/www.ufsm.br\/app\/uploads\/sites\/601\/2017\/08\/6\u00aa-edic\u0327a\u0303o-16-recordac\u0327o\u0303es-medicina.png 1440w\" src=\"https:\/\/www.ufsm.br\/app\/uploads\/sites\/601\/2017\/08\/6\u00aa-edic\u0327a\u0303o-16-recordac\u0327o\u0303es-medicina-1024x668.png\"><\/img>\n                                <\/div>\n                            <\/a>\n                        <\/div>\n                                        \n                                            <span class='categoria-publicacao-widget'>\n                            Recorda\u00e7\u00f5es                        <\/span>\n                        <br>\n                                        \n                    \n                    <a class=\"noticias-widget-title d-block  m-0 \"  title=\"Pioneirismo na medicina\" href=\"https:\/\/www.ufsm.br\/midias\/arco\/pioneirismo-na-medicina\">\n                                                Pioneirismo na medicina                    <\/a>\n                    \n                    \n                                        \n                                        \n                                        <\/div>\n                                    <div class=\"col-12 col-lg-4 pb-4\">\n                                            <div class=\"noticias-widget-wrap\" style=\"height: 180px; overflow: hidden;\">\n                            <a title=\"\" href=\"https:\/\/www.ufsm.br\/midias\/arco\/montevideu\">\n                                <span class=\"visually-hidden\">\n                                    Montevid\u00e9u                                <\/span>\n                                <div class=\"noticias-widget-thumbs h-100\">\n                                    <img decoding=\"async\" class=\"object-fit-cover h-100 w-100\" alt=\"\" srcset=\"https:\/\/www.ufsm.br\/app\/uploads\/sites\/601\/2017\/08\/6\u00aa-edic\u0327a\u0303o-17-escritos-montevide\u0301u-300x196.png 300w, https:\/\/www.ufsm.br\/app\/uploads\/sites\/601\/2017\/08\/6\u00aa-edic\u0327a\u0303o-17-escritos-montevide\u0301u-768x501.png 768w, https:\/\/www.ufsm.br\/app\/uploads\/sites\/601\/2017\/08\/6\u00aa-edic\u0327a\u0303o-17-escritos-montevide\u0301u-1024x668.png 1024w, https:\/\/www.ufsm.br\/app\/uploads\/sites\/601\/2017\/08\/6\u00aa-edic\u0327a\u0303o-17-escritos-montevide\u0301u.png 1440w\" src=\"https:\/\/www.ufsm.br\/app\/uploads\/sites\/601\/2017\/08\/6\u00aa-edic\u0327a\u0303o-17-escritos-montevide\u0301u-1024x668.png\"><\/img>\n                                <\/div>\n                            <\/a>\n                        <\/div>\n                                        \n                                            <span class='categoria-publicacao-widget'>\n                            Escritos                        <\/span>\n                        <br>\n                                        \n                    \n                    <a class=\"noticias-widget-title d-block  m-0 \"  title=\"Montevid\u00e9u\" href=\"https:\/\/www.ufsm.br\/midias\/arco\/montevideu\">\n                                                Montevid\u00e9u                    <\/a>\n                    \n                    \n                                        \n                                        \n                                        <\/div>\n                                    <div class=\"col-12 col-lg-4 pb-4\">\n                                            <div class=\"noticias-widget-wrap\" style=\"height: 180px; overflow: hidden;\">\n                            <a title=\"\" href=\"https:\/\/www.ufsm.br\/midias\/arco\/retratos-poeticos\">\n                                <span class=\"visually-hidden\">\n                                    Retratos Po\u00e9ticos                                <\/span>\n                                <div class=\"noticias-widget-thumbs h-100\">\n                                    <img decoding=\"async\" class=\"object-fit-cover h-100 w-100\" alt=\"\" srcset=\"https:\/\/www.ufsm.br\/app\/uploads\/sites\/601\/2017\/08\/6\u00aa-edic\u0327a\u0303o-15-ensaio-retratos-poe\u0301ticos-300x196.png 300w, https:\/\/www.ufsm.br\/app\/uploads\/sites\/601\/2017\/08\/6\u00aa-edic\u0327a\u0303o-15-ensaio-retratos-poe\u0301ticos-768x502.png 768w, https:\/\/www.ufsm.br\/app\/uploads\/sites\/601\/2017\/08\/6\u00aa-edic\u0327a\u0303o-15-ensaio-retratos-poe\u0301ticos-1024x669.png 1024w, https:\/\/www.ufsm.br\/app\/uploads\/sites\/601\/2017\/08\/6\u00aa-edic\u0327a\u0303o-15-ensaio-retratos-poe\u0301ticos.png 1440w\" src=\"https:\/\/www.ufsm.br\/app\/uploads\/sites\/601\/2017\/08\/6\u00aa-edic\u0327a\u0303o-15-ensaio-retratos-poe\u0301ticos-1024x669.png\"><\/img>\n                                <\/div>\n                            <\/a>\n                        <\/div>\n                                        \n                                            <span class='categoria-publicacao-widget'>\n                            Ensaio                        <\/span>\n                        <br>\n                                        \n                    \n                    <a class=\"noticias-widget-title d-block  m-0 \"  title=\"Retratos Po\u00e9ticos\" href=\"https:\/\/www.ufsm.br\/midias\/arco\/retratos-poeticos\">\n                                                Retratos Po\u00e9ticos                    <\/a>\n                    \n                    \n                                        \n                                        \n                                        <\/div>\n                            <\/div>\n                    <div class=\"row\">\n                                    <div class=\"col-12 col-lg-4 pb-4\">\n                                            <div class=\"noticias-widget-wrap\" style=\"height: 180px; overflow: hidden;\">\n                            <a title=\"\" href=\"https:\/\/www.ufsm.br\/midias\/arco\/para-entender-a-economia\">\n                                <span class=\"visually-hidden\">\n                                    Para entender a economia                                <\/span>\n                                <div class=\"noticias-widget-thumbs h-100\">\n                                    <img decoding=\"async\" class=\"object-fit-cover h-100 w-100\" alt=\"\" srcset=\"https:\/\/www.ufsm.br\/app\/uploads\/sites\/601\/2017\/08\/6\u00aa-edic\u0327a\u0303o-14-editora-ufsm-economia-300x196.jpg 300w, https:\/\/www.ufsm.br\/app\/uploads\/sites\/601\/2017\/08\/6\u00aa-edic\u0327a\u0303o-14-editora-ufsm-economia.jpg 426w\" src=\"https:\/\/www.ufsm.br\/app\/uploads\/sites\/601\/2017\/08\/6\u00aa-edic\u0327a\u0303o-14-editora-ufsm-economia.jpg\"><\/img>\n                                <\/div>\n                            <\/a>\n                        <\/div>\n                                        \n                                            <span class='categoria-publicacao-widget'>\n                            Editora UFSM                        <\/span>\n                        <br>\n                                        \n                    \n                    <a class=\"noticias-widget-title d-block  m-0 \"  title=\"Para entender a economia\" href=\"https:\/\/www.ufsm.br\/midias\/arco\/para-entender-a-economia\">\n                                                Para entender a economia                    <\/a>\n                    \n                    \n                                        \n                                        \n                                        <\/div>\n                                    <div class=\"col-12 col-lg-4 pb-4\">\n                                            <div class=\"noticias-widget-wrap\" style=\"height: 180px; overflow: hidden;\">\n                            <a title=\"\" href=\"https:\/\/www.ufsm.br\/midias\/arco\/o-impacto-das-aguas\">\n                                <span class=\"visually-hidden\">\n                                    O impacto das \u00e1guas                                <\/span>\n                                <div class=\"noticias-widget-thumbs h-100\">\n                                    <img decoding=\"async\" class=\"object-fit-cover h-100 w-100\" alt=\"\" srcset=\"https:\/\/www.ufsm.br\/app\/uploads\/sites\/601\/2017\/08\/6\u00aa-edic\u0327a\u0303o-13-clima-o-impacto-das-a\u0301guas-300x196.png 300w, https:\/\/www.ufsm.br\/app\/uploads\/sites\/601\/2017\/08\/6\u00aa-edic\u0327a\u0303o-13-clima-o-impacto-das-a\u0301guas-768x501.png 768w, https:\/\/www.ufsm.br\/app\/uploads\/sites\/601\/2017\/08\/6\u00aa-edic\u0327a\u0303o-13-clima-o-impacto-das-a\u0301guas-1024x668.png 1024w, https:\/\/www.ufsm.br\/app\/uploads\/sites\/601\/2017\/08\/6\u00aa-edic\u0327a\u0303o-13-clima-o-impacto-das-a\u0301guas.png 1440w\" src=\"https:\/\/www.ufsm.br\/app\/uploads\/sites\/601\/2017\/08\/6\u00aa-edic\u0327a\u0303o-13-clima-o-impacto-das-a\u0301guas-1024x668.png\"><\/img>\n                                <\/div>\n                            <\/a>\n                        <\/div>\n                                        \n                                            <span class='categoria-publicacao-widget'>\n                            Ambiente, Clima                        <\/span>\n                        <br>\n                                        \n                    \n                    <a class=\"noticias-widget-title d-block  m-0 \"  title=\"O impacto das \u00e1guas\" href=\"https:\/\/www.ufsm.br\/midias\/arco\/o-impacto-das-aguas\">\n                                                O impacto das \u00e1guas                    <\/a>\n                    \n                    \n                                        \n                                        \n                                        <\/div>\n                                    <div class=\"col-12 col-lg-4 pb-4\">\n                                            <div class=\"noticias-widget-wrap\" style=\"height: 180px; overflow: hidden;\">\n                            <a title=\"\" href=\"https:\/\/www.ufsm.br\/midias\/arco\/o-espaco-tambem-e-deles\">\n                                <span class=\"visually-hidden\">\n                                    O espa\u00e7o tamb\u00e9m \u00e9 deles                                <\/span>\n                                <div class=\"noticias-widget-thumbs h-100\">\n                                    <img decoding=\"async\" class=\"object-fit-cover h-100 w-100\" alt=\"\" srcset=\"https:\/\/www.ufsm.br\/app\/uploads\/sites\/601\/2017\/08\/6\u00aa-edic\u0327a\u0303o-12-dossie\u0302-o-espac\u0327o-tambe\u0301m-e\u0301-deles-300x196.jpg 300w, https:\/\/www.ufsm.br\/app\/uploads\/sites\/601\/2017\/08\/6\u00aa-edic\u0327a\u0303o-12-dossie\u0302-o-espac\u0327o-tambe\u0301m-e\u0301-deles-768x501.jpg 768w, https:\/\/www.ufsm.br\/app\/uploads\/sites\/601\/2017\/08\/6\u00aa-edic\u0327a\u0303o-12-dossie\u0302-o-espac\u0327o-tambe\u0301m-e\u0301-deles-1024x668.jpg 1024w, https:\/\/www.ufsm.br\/app\/uploads\/sites\/601\/2017\/08\/6\u00aa-edic\u0327a\u0303o-12-dossie\u0302-o-espac\u0327o-tambe\u0301m-e\u0301-deles.jpg 1440w\" src=\"https:\/\/www.ufsm.br\/app\/uploads\/sites\/601\/2017\/08\/6\u00aa-edic\u0327a\u0303o-12-dossie\u0302-o-espac\u0327o-tambe\u0301m-e\u0301-deles-1024x668.jpg\"><\/img>\n                                <\/div>\n                            <\/a>\n                        <\/div>\n                                        \n                                            <span class='categoria-publicacao-widget'>\n                            Dossi\u00ea Diversidade                        <\/span>\n                        <br>\n                                        \n                    \n                    <a class=\"noticias-widget-title d-block  m-0 \"  title=\"O espa\u00e7o tamb\u00e9m \u00e9 deles\" href=\"https:\/\/www.ufsm.br\/midias\/arco\/o-espaco-tambem-e-deles\">\n                                                O espa\u00e7o tamb\u00e9m \u00e9 deles                    <\/a>\n                    \n                    \n                                        \n                                        \n                                        <\/div>\n                            <\/div>\n                    <div class=\"row\">\n                                    <div class=\"col-12 col-lg-4 pb-4\">\n                                            <div class=\"noticias-widget-wrap\" style=\"height: 180px; overflow: hidden;\">\n                            <a title=\"\" href=\"https:\/\/www.ufsm.br\/midias\/arco\/eu-me-chamo-joe\">\n                                <span class=\"visually-hidden\">\n                                    Eu me chamo Joe                                <\/span>\n                                <div class=\"noticias-widget-thumbs h-100\">\n                                    <img decoding=\"async\" class=\"object-fit-cover h-100 w-100\" alt=\"\" srcset=\"https:\/\/www.ufsm.br\/app\/uploads\/sites\/601\/2017\/08\/6\u00aa-edic\u0327a\u0303o-11-dossie\u0302-eu-me-chamo-joe-300x196.jpg 300w, https:\/\/www.ufsm.br\/app\/uploads\/sites\/601\/2017\/08\/6\u00aa-edic\u0327a\u0303o-11-dossie\u0302-eu-me-chamo-joe-768x501.jpg 768w, https:\/\/www.ufsm.br\/app\/uploads\/sites\/601\/2017\/08\/6\u00aa-edic\u0327a\u0303o-11-dossie\u0302-eu-me-chamo-joe-1024x668.jpg 1024w, https:\/\/www.ufsm.br\/app\/uploads\/sites\/601\/2017\/08\/6\u00aa-edic\u0327a\u0303o-11-dossie\u0302-eu-me-chamo-joe.jpg 1440w\" src=\"https:\/\/www.ufsm.br\/app\/uploads\/sites\/601\/2017\/08\/6\u00aa-edic\u0327a\u0303o-11-dossie\u0302-eu-me-chamo-joe-1024x668.jpg\"><\/img>\n                                <\/div>\n                            <\/a>\n                        <\/div>\n                                        \n                                            <span class='categoria-publicacao-widget'>\n                            Dossi\u00ea Diversidade                        <\/span>\n                        <br>\n                                        \n                    \n                    <a class=\"noticias-widget-title d-block  m-0 \"  title=\"Eu me chamo Joe\" href=\"https:\/\/www.ufsm.br\/midias\/arco\/eu-me-chamo-joe\">\n                                                Eu me chamo Joe                    <\/a>\n                    \n                    \n                                        \n                                        \n                                        <\/div>\n                                    <div class=\"col-12 col-lg-4 pb-4\">\n                                            <div class=\"noticias-widget-wrap\" style=\"height: 180px; overflow: hidden;\">\n                            <a title=\"\" href=\"https:\/\/www.ufsm.br\/midias\/arco\/alem-do-armario-a-sexualidade-vivida-sem-reservas\">\n                                <span class=\"visually-hidden\">\n                                    Al\u00e9m do arm\u00e1rio: a sexualidade vivida sem reservas                                <\/span>\n                                <div class=\"noticias-widget-thumbs h-100\">\n                                    <img decoding=\"async\" class=\"object-fit-cover h-100 w-100\" alt=\"\" srcset=\"https:\/\/www.ufsm.br\/app\/uploads\/sites\/601\/2017\/08\/6\u00aa-edic\u0327a\u0303o-10-dossie\u0302-ale\u0301m-do-arma\u0301rio-300x196.png 300w, https:\/\/www.ufsm.br\/app\/uploads\/sites\/601\/2017\/08\/6\u00aa-edic\u0327a\u0303o-10-dossie\u0302-ale\u0301m-do-arma\u0301rio-768x501.png 768w, https:\/\/www.ufsm.br\/app\/uploads\/sites\/601\/2017\/08\/6\u00aa-edic\u0327a\u0303o-10-dossie\u0302-ale\u0301m-do-arma\u0301rio-1024x668.png 1024w, https:\/\/www.ufsm.br\/app\/uploads\/sites\/601\/2017\/08\/6\u00aa-edic\u0327a\u0303o-10-dossie\u0302-ale\u0301m-do-arma\u0301rio.png 1440w\" src=\"https:\/\/www.ufsm.br\/app\/uploads\/sites\/601\/2017\/08\/6\u00aa-edic\u0327a\u0303o-10-dossie\u0302-ale\u0301m-do-arma\u0301rio-1024x668.png\"><\/img>\n                                <\/div>\n                            <\/a>\n                        <\/div>\n                                        \n                                            <span class='categoria-publicacao-widget'>\n                            Dossi\u00ea Diversidade                        <\/span>\n                        <br>\n                                        \n                    \n                    <a class=\"noticias-widget-title d-block  m-0 \"  title=\"Al\u00e9m do arm\u00e1rio: a sexualidade vivida sem reservas\" href=\"https:\/\/www.ufsm.br\/midias\/arco\/alem-do-armario-a-sexualidade-vivida-sem-reservas\">\n                                                Al\u00e9m do arm\u00e1rio: a sexualidade vivida sem reservas                    <\/a>\n                    \n                    \n                                        \n                                        \n                                        <\/div>\n                                    <div class=\"col-12 col-lg-4 pb-4\">\n                                            <div class=\"noticias-widget-wrap\" style=\"height: 180px; overflow: hidden;\">\n                            <a title=\"\" href=\"https:\/\/www.ufsm.br\/midias\/arco\/protagonismo-na-pesquisa-com-fungos\">\n                                <span class=\"visually-hidden\">\n                                    Protagonismo na pesquisa com fungos                                <\/span>\n                                <div class=\"noticias-widget-thumbs h-100\">\n                                    <img decoding=\"async\" class=\"object-fit-cover h-100 w-100\" alt=\"\" srcset=\"https:\/\/www.ufsm.br\/app\/uploads\/sites\/601\/2017\/08\/6\u00aa-edic\u0327a\u0303o-8-sau\u0301de-fungos-300x196.png 300w, https:\/\/www.ufsm.br\/app\/uploads\/sites\/601\/2017\/08\/6\u00aa-edic\u0327a\u0303o-8-sau\u0301de-fungos-768x501.png 768w, https:\/\/www.ufsm.br\/app\/uploads\/sites\/601\/2017\/08\/6\u00aa-edic\u0327a\u0303o-8-sau\u0301de-fungos-1024x668.png 1024w, https:\/\/www.ufsm.br\/app\/uploads\/sites\/601\/2017\/08\/6\u00aa-edic\u0327a\u0303o-8-sau\u0301de-fungos.png 1440w\" src=\"https:\/\/www.ufsm.br\/app\/uploads\/sites\/601\/2017\/08\/6\u00aa-edic\u0327a\u0303o-8-sau\u0301de-fungos-1024x668.png\"><\/img>\n                                <\/div>\n                            <\/a>\n                        <\/div>\n                                        \n                                            <span class='categoria-publicacao-widget'>\n                            Sa\u00fade                        <\/span>\n                        <br>\n                                        \n                    \n                    <a class=\"noticias-widget-title d-block  m-0 \"  title=\"Protagonismo na pesquisa com fungos\" href=\"https:\/\/www.ufsm.br\/midias\/arco\/protagonismo-na-pesquisa-com-fungos\">\n                                                Protagonismo na pesquisa com fungos                    <\/a>\n                    \n                    \n                                        \n                                        \n                                        <\/div>\n                            <\/div>\n                    <div class=\"row\">\n                                    <div class=\"col-12 col-lg-4 pb-4\">\n                                            <div class=\"noticias-widget-wrap\" style=\"height: 180px; overflow: hidden;\">\n                            <a title=\"\" href=\"https:\/\/www.ufsm.br\/midias\/arco\/ilhados-em-prol-da-ciencia\">\n                                <span class=\"visually-hidden\">\n                                    Ilhados em prol da ci\u00eancia                                <\/span>\n                                <div class=\"noticias-widget-thumbs h-100\">\n                                    <img decoding=\"async\" class=\"object-fit-cover h-100 w-100\" alt=\"\" srcset=\"https:\/\/www.ufsm.br\/app\/uploads\/sites\/601\/2017\/08\/6\u00aa-edic\u0327a\u0303o-7-dia\u0301rio-de-campo-ilhados-300x196.png 300w, https:\/\/www.ufsm.br\/app\/uploads\/sites\/601\/2017\/08\/6\u00aa-edic\u0327a\u0303o-7-dia\u0301rio-de-campo-ilhados-768x501.png 768w, https:\/\/www.ufsm.br\/app\/uploads\/sites\/601\/2017\/08\/6\u00aa-edic\u0327a\u0303o-7-dia\u0301rio-de-campo-ilhados-1024x668.png 1024w, https:\/\/www.ufsm.br\/app\/uploads\/sites\/601\/2017\/08\/6\u00aa-edic\u0327a\u0303o-7-dia\u0301rio-de-campo-ilhados.png 1440w\" src=\"https:\/\/www.ufsm.br\/app\/uploads\/sites\/601\/2017\/08\/6\u00aa-edic\u0327a\u0303o-7-dia\u0301rio-de-campo-ilhados-1024x668.png\"><\/img>\n                                <\/div>\n                            <\/a>\n                        <\/div>\n                                        \n                                            <span class='categoria-publicacao-widget'>\n                            Di\u00e1rio de Campo                        <\/span>\n                        <br>\n                                        \n                    \n                    <a class=\"noticias-widget-title d-block  m-0 \"  title=\"Ilhados em prol da ci\u00eancia\" href=\"https:\/\/www.ufsm.br\/midias\/arco\/ilhados-em-prol-da-ciencia\">\n                                                Ilhados em prol da ci\u00eancia                    <\/a>\n                    \n                    \n                                        \n                                        \n                                        <\/div>\n                                    <div class=\"col-12 col-lg-4 pb-4\">\n                                            <div class=\"noticias-widget-wrap\" style=\"height: 180px; overflow: hidden;\">\n                            <a title=\"\" href=\"https:\/\/www.ufsm.br\/midias\/arco\/sob-duas-rodas\">\n                                <span class=\"visually-hidden\">\n                                    Sob duas rodas                                <\/span>\n                                <div class=\"noticias-widget-thumbs h-100\">\n                                    <img decoding=\"async\" class=\"object-fit-cover h-100 w-100\" alt=\"\" srcset=\"https:\/\/www.ufsm.br\/app\/uploads\/sites\/601\/2017\/08\/6\u00aa-edic\u0327a\u0303o-6-como-surgiu-sob-duas-rodas-300x196.jpg 300w, https:\/\/www.ufsm.br\/app\/uploads\/sites\/601\/2017\/08\/6\u00aa-edic\u0327a\u0303o-6-como-surgiu-sob-duas-rodas-768x501.jpg 768w, https:\/\/www.ufsm.br\/app\/uploads\/sites\/601\/2017\/08\/6\u00aa-edic\u0327a\u0303o-6-como-surgiu-sob-duas-rodas-1024x668.jpg 1024w, https:\/\/www.ufsm.br\/app\/uploads\/sites\/601\/2017\/08\/6\u00aa-edic\u0327a\u0303o-6-como-surgiu-sob-duas-rodas.jpg 1440w\" src=\"https:\/\/www.ufsm.br\/app\/uploads\/sites\/601\/2017\/08\/6\u00aa-edic\u0327a\u0303o-6-como-surgiu-sob-duas-rodas-1024x668.jpg\"><\/img>\n                                <\/div>\n                            <\/a>\n                        <\/div>\n                                        \n                                            <span class='categoria-publicacao-widget'>\n                            Como Surgiu                        <\/span>\n                        <br>\n                                        \n                    \n                    <a class=\"noticias-widget-title d-block  m-0 \"  title=\"Sob duas rodas\" href=\"https:\/\/www.ufsm.br\/midias\/arco\/sob-duas-rodas\">\n                                                Sob duas rodas                    <\/a>\n                    \n                    \n                                        \n                                        \n                                        <\/div>\n                                    <div class=\"col-12 col-lg-4 pb-4\">\n                                            <div class=\"noticias-widget-wrap\" style=\"height: 180px; overflow: hidden;\">\n                            <a title=\"\" href=\"https:\/\/www.ufsm.br\/midias\/arco\/viva-o-campus\">\n                                <span class=\"visually-hidden\">\n                                    Viva o Campus                                <\/span>\n                                <div class=\"noticias-widget-thumbs h-100\">\n                                    <img decoding=\"async\" class=\"object-fit-cover h-100 w-100\" alt=\"\" srcset=\"https:\/\/www.ufsm.br\/app\/uploads\/sites\/601\/2017\/08\/6\u00aa-edic\u0327a\u0303o-5-sociedade-viva-o-campus-300x196.png 300w, https:\/\/www.ufsm.br\/app\/uploads\/sites\/601\/2017\/08\/6\u00aa-edic\u0327a\u0303o-5-sociedade-viva-o-campus-768x501.png 768w, https:\/\/www.ufsm.br\/app\/uploads\/sites\/601\/2017\/08\/6\u00aa-edic\u0327a\u0303o-5-sociedade-viva-o-campus-1024x668.png 1024w, https:\/\/www.ufsm.br\/app\/uploads\/sites\/601\/2017\/08\/6\u00aa-edic\u0327a\u0303o-5-sociedade-viva-o-campus.png 1440w\" src=\"https:\/\/www.ufsm.br\/app\/uploads\/sites\/601\/2017\/08\/6\u00aa-edic\u0327a\u0303o-5-sociedade-viva-o-campus-1024x668.png\"><\/img>\n                                <\/div>\n                            <\/a>\n                        <\/div>\n                                        \n                                            <span class='categoria-publicacao-widget'>\n                            Sociedade                        <\/span>\n                        <br>\n                                        \n                    \n                    <a class=\"noticias-widget-title d-block  m-0 \"  title=\"Viva o Campus\" href=\"https:\/\/www.ufsm.br\/midias\/arco\/viva-o-campus\">\n                                                Viva o Campus                    <\/a>\n                    \n                    \n                                        \n                                        \n                                        <\/div>\n                            <\/div>\n                    <div class=\"row\">\n                                    <div class=\"col-12 col-lg-4 pb-4\">\n                                            <div class=\"noticias-widget-wrap\" style=\"height: 180px; overflow: hidden;\">\n                            <a title=\"\" href=\"https:\/\/www.ufsm.br\/midias\/arco\/o-bebedouro-do-futuro\">\n                                <span class=\"visually-hidden\">\n                                    O bebedouro do futuro                                <\/span>\n                                <div class=\"noticias-widget-thumbs h-100\">\n                                    <img decoding=\"async\" class=\"object-fit-cover h-100 w-100\" alt=\"\" srcset=\"https:\/\/www.ufsm.br\/app\/uploads\/sites\/601\/2017\/08\/6\u00aa-edic\u0327a\u0303o-4-nossas-invenc\u0327o\u0303es-bebedouro-300x195.jpg 300w, https:\/\/www.ufsm.br\/app\/uploads\/sites\/601\/2017\/08\/6\u00aa-edic\u0327a\u0303o-4-nossas-invenc\u0327o\u0303es-bebedouro.jpg 548w\" src=\"https:\/\/www.ufsm.br\/app\/uploads\/sites\/601\/2017\/08\/6\u00aa-edic\u0327a\u0303o-4-nossas-invenc\u0327o\u0303es-bebedouro.jpg\"><\/img>\n                                <\/div>\n                            <\/a>\n                        <\/div>\n                                        \n                                            <span class='categoria-publicacao-widget'>\n                            Nossas Inven\u00e7\u00f5es                        <\/span>\n                        <br>\n                                        \n                    \n                    <a class=\"noticias-widget-title d-block  m-0 \"  title=\"O bebedouro do futuro\" href=\"https:\/\/www.ufsm.br\/midias\/arco\/o-bebedouro-do-futuro\">\n                                                O bebedouro do futuro                    <\/a>\n                    \n                    \n                                        \n                                        \n                                        <\/div>\n                                    <div class=\"col-12 col-lg-4 pb-4\">\n                                            <div class=\"noticias-widget-wrap\" style=\"height: 180px; overflow: hidden;\">\n                            <a title=\"\" href=\"https:\/\/www.ufsm.br\/midias\/arco\/voce-sabia-e-verdade-que-2\">\n                                <span class=\"visually-hidden\">\n                                    Voc\u00ea sabia? \u00c9 verdade que&#8230;?                                <\/span>\n                                <div class=\"noticias-widget-thumbs h-100\">\n                                    <img decoding=\"async\" class=\"object-fit-cover h-100 w-100\" alt=\"\" srcset=\"https:\/\/www.ufsm.br\/app\/uploads\/sites\/601\/2017\/08\/6\u00aa-edic\u0327a\u0303o-3-curiosidades-planeta\u0301rio-300x196.jpg 300w, https:\/\/www.ufsm.br\/app\/uploads\/sites\/601\/2017\/08\/6\u00aa-edic\u0327a\u0303o-3-curiosidades-planeta\u0301rio-768x501.jpg 768w, https:\/\/www.ufsm.br\/app\/uploads\/sites\/601\/2017\/08\/6\u00aa-edic\u0327a\u0303o-3-curiosidades-planeta\u0301rio.jpg 991w\" src=\"https:\/\/www.ufsm.br\/app\/uploads\/sites\/601\/2017\/08\/6\u00aa-edic\u0327a\u0303o-3-curiosidades-planeta\u0301rio.jpg\"><\/img>\n                                <\/div>\n                            <\/a>\n                        <\/div>\n                                        \n                                            <span class='categoria-publicacao-widget'>\n                            6\u00b0 Edi\u00e7\u00e3o, Curiosidades                        <\/span>\n                        <br>\n                                        \n                    \n                    <a class=\"noticias-widget-title d-block  m-0 \"  title=\"Voc\u00ea sabia? \u00c9 verdade que&#8230;?\" href=\"https:\/\/www.ufsm.br\/midias\/arco\/voce-sabia-e-verdade-que-2\">\n                                                Voc\u00ea sabia? \u00c9 verdade que&#8230;?                    <\/a>\n                    \n                    \n                                        \n                                        \n                                        <\/div>\n                                    <div class=\"col-12 col-lg-4 pb-4\">\n                                            <div class=\"noticias-widget-wrap\" style=\"height: 180px; overflow: hidden;\">\n                            <a title=\"\" href=\"https:\/\/www.ufsm.br\/midias\/arco\/carta-do-leitor-5\">\n                                <span class=\"visually-hidden\">\n                                    Carta do Leitor                                <\/span>\n                                <div class=\"noticias-widget-thumbs h-100\">\n                                    <img decoding=\"async\" class=\"object-fit-cover h-100 w-100\" alt=\"\" srcset=\"https:\/\/www.ufsm.br\/app\/uploads\/sites\/601\/2017\/08\/6\u00aa-edic\u0327a\u0303o-2-carta-do-leitor-300x196.png 300w, https:\/\/www.ufsm.br\/app\/uploads\/sites\/601\/2017\/08\/6\u00aa-edic\u0327a\u0303o-2-carta-do-leitor-768x501.png 768w, https:\/\/www.ufsm.br\/app\/uploads\/sites\/601\/2017\/08\/6\u00aa-edic\u0327a\u0303o-2-carta-do-leitor-1024x668.png 1024w, https:\/\/www.ufsm.br\/app\/uploads\/sites\/601\/2017\/08\/6\u00aa-edic\u0327a\u0303o-2-carta-do-leitor.png 1440w\" src=\"https:\/\/www.ufsm.br\/app\/uploads\/sites\/601\/2017\/08\/6\u00aa-edic\u0327a\u0303o-2-carta-do-leitor-1024x668.png\"><\/img>\n                                <\/div>\n                            <\/a>\n                        <\/div>\n                                        \n                                            <span class='categoria-publicacao-widget'>\n                            Carta do Leitor                        <\/span>\n                        <br>\n                                        \n                    \n                    <a class=\"noticias-widget-title d-block  m-0 \"  title=\"Carta do Leitor\" href=\"https:\/\/www.ufsm.br\/midias\/arco\/carta-do-leitor-5\">\n                                                Carta do Leitor                    <\/a>\n                    \n                    \n                                        \n                                        \n                                        <\/div>\n                            <\/div>\n                    <div class=\"row\">\n                                    <div class=\"col-12 col-lg-4 pb-4\">\n                                            <div class=\"noticias-widget-wrap\" style=\"height: 180px; overflow: hidden;\">\n                            <a title=\"\" href=\"https:\/\/www.ufsm.br\/midias\/arco\/carta-da-editora-6\">\n                                <span class=\"visually-hidden\">\n                                    Carta da Editora                                <\/span>\n                                <div class=\"noticias-widget-thumbs h-100\">\n                                    <img decoding=\"async\" class=\"object-fit-cover h-100 w-100\" alt=\"\" srcset=\"https:\/\/www.ufsm.br\/app\/uploads\/sites\/601\/2017\/08\/6\u00aa-edic\u0327a\u0303o-1-carta-da-editora-300x196.png 300w, https:\/\/www.ufsm.br\/app\/uploads\/sites\/601\/2017\/08\/6\u00aa-edic\u0327a\u0303o-1-carta-da-editora-768x501.png 768w, https:\/\/www.ufsm.br\/app\/uploads\/sites\/601\/2017\/08\/6\u00aa-edic\u0327a\u0303o-1-carta-da-editora-1024x668.png 1024w, https:\/\/www.ufsm.br\/app\/uploads\/sites\/601\/2017\/08\/6\u00aa-edic\u0327a\u0303o-1-carta-da-editora.png 1440w\" src=\"https:\/\/www.ufsm.br\/app\/uploads\/sites\/601\/2017\/08\/6\u00aa-edic\u0327a\u0303o-1-carta-da-editora-1024x668.png\"><\/img>\n                                <\/div>\n                            <\/a>\n                        <\/div>\n                                        \n                                            <span class='categoria-publicacao-widget'>\n                            Carta da Editora                        <\/span>\n                        <br>\n                                        \n                    \n                    <a class=\"noticias-widget-title d-block  m-0 \"  title=\"Carta da Editora\" href=\"https:\/\/www.ufsm.br\/midias\/arco\/carta-da-editora-6\">\n                                                Carta da Editora                    <\/a>\n                    \n                    \n                                        \n                                        \n                                        <\/div>\n                                    <div class=\"col-12 col-lg-4 pb-4\">\n                                            <div class=\"noticias-widget-wrap\" style=\"height: 180px; overflow: hidden;\">\n                            <a title=\"\" href=\"https:\/\/www.ufsm.br\/midias\/arco\/expediente-6\">\n                                <span class=\"visually-hidden\">\n                                    Expediente                                <\/span>\n                                <div class=\"noticias-widget-thumbs h-100\">\n                                    <img decoding=\"async\" class=\"object-fit-cover h-100 w-100\" alt=\"\" srcset=\"https:\/\/www.ufsm.br\/app\/uploads\/sites\/601\/2017\/08\/6-EDICAO-300x202.jpg 300w, https:\/\/www.ufsm.br\/app\/uploads\/sites\/601\/2017\/08\/6-EDICAO-768x518.jpg 768w, https:\/\/www.ufsm.br\/app\/uploads\/sites\/601\/2017\/08\/6-EDICAO-1024x691.jpg 1024w, https:\/\/www.ufsm.br\/app\/uploads\/sites\/601\/2017\/08\/6-EDICAO-272x182.jpg 272w, https:\/\/www.ufsm.br\/app\/uploads\/sites\/601\/2017\/08\/6-EDICAO.jpg 2040w\" src=\"https:\/\/www.ufsm.br\/app\/uploads\/sites\/601\/2017\/08\/6-EDICAO-1024x691.jpg\"><\/img>\n                                <\/div>\n                            <\/a>\n                        <\/div>\n                                        \n                                            <span class='categoria-publicacao-widget'>\n                            Expediente                        <\/span>\n                        <br>\n                                        \n                    \n                    <a class=\"noticias-widget-title d-block  m-0 \"  title=\"Expediente\" href=\"https:\/\/www.ufsm.br\/midias\/arco\/expediente-6\">\n                                                Expediente                    <\/a>\n                    \n                    \n                                        \n                                        \n                                        <\/div>\n                                    <div class=\"col-12 col-lg-4 pb-4\">\n                                            <div class=\"noticias-widget-wrap\" style=\"height: 180px; overflow: hidden;\">\n                            <a title=\"\" href=\"https:\/\/www.ufsm.br\/midias\/arco\/6a-edicao\">\n                                <span class=\"visually-hidden\">\n                                    6\u00aa Edi\u00e7\u00e3o                                <\/span>\n                                <div class=\"noticias-widget-thumbs h-100\">\n                                    <img decoding=\"async\" class=\"object-fit-cover h-100 w-100\" alt=\"\" srcset=\"https:\/\/www.ufsm.br\/app\/uploads\/sites\/601\/2017\/08\/6\u00aa-edicao-capa-222x300.jpg 222w, https:\/\/www.ufsm.br\/app\/uploads\/sites\/601\/2017\/08\/6\u00aa-edicao-capa.jpg 733w\" src=\"https:\/\/www.ufsm.br\/app\/uploads\/sites\/601\/2017\/08\/6\u00aa-edicao-capa.jpg\"><\/img>\n                                <\/div>\n                            <\/a>\n                        <\/div>\n                                        \n                                            <span class='categoria-publicacao-widget'>\n                            6\u00b0 Edi\u00e7\u00e3o, Arco afora                        <\/span>\n                        <br>\n                                        \n                    \n                    <a class=\"noticias-widget-title d-block  m-0 \"  title=\"6\u00aa Edi\u00e7\u00e3o\" href=\"https:\/\/www.ufsm.br\/midias\/arco\/6a-edicao\">\n                                                6\u00aa Edi\u00e7\u00e3o                    <\/a>\n                    \n                    \n                                        \n                                        \n                                        <\/div>\n                            <\/div>\n            <\/div>\n\t\t<\/div>\n\t\t\t\t<\/div>\n\t\t\t\t\t<\/div>\n\t\t<\/div>\n\t\t\t\t\t<\/div>\n\t\t<\/section>\n\t\t\t\t<\/div>\n\t\t","protected":false},"excerpt":{"rendered":"<p>Junho\/Setembro de 2016<\/p>\n","protected":false},"author":26,"featured_media":1565,"comment_status":"open","ping_status":"open","sticky":false,"template":"","format":"aside","meta":{"footnotes":""},"categories":[1556,1890],"tags":[],"class_list":["post-1675","post","type-post","status-publish","format-aside","has-post-thumbnail","hentry","category-6-edicao","category-arco-afora","post_format-post-format-aside"],"acf":[],"_links":{"self":[{"href":"https:\/\/www.ufsm.br\/midias\/arco\/wp-json\/wp\/v2\/posts\/1675","targetHints":{"allow":["GET"]}}],"collection":[{"href":"https:\/\/www.ufsm.br\/midias\/arco\/wp-json\/wp\/v2\/posts"}],"about":[{"href":"https:\/\/www.ufsm.br\/midias\/arco\/wp-json\/wp\/v2\/types\/post"}],"author":[{"embeddable":true,"href":"https:\/\/www.ufsm.br\/midias\/arco\/wp-json\/wp\/v2\/users\/26"}],"replies":[{"embeddable":true,"href":"https:\/\/www.ufsm.br\/midias\/arco\/wp-json\/wp\/v2\/comments?post=1675"}],"version-history":[{"count":0,"href":"https:\/\/www.ufsm.br\/midias\/arco\/wp-json\/wp\/v2\/posts\/1675\/revisions"}],"wp:featuredmedia":[{"embeddable":true,"href":"https:\/\/www.ufsm.br\/midias\/arco\/wp-json\/wp\/v2\/media\/1565"}],"wp:attachment":[{"href":"https:\/\/www.ufsm.br\/midias\/arco\/wp-json\/wp\/v2\/media?parent=1675"}],"wp:term":[{"taxonomy":"category","embeddable":true,"href":"https:\/\/www.ufsm.br\/midias\/arco\/wp-json\/wp\/v2\/categories?post=1675"},{"taxonomy":"post_tag","embeddable":true,"href":"https:\/\/www.ufsm.br\/midias\/arco\/wp-json\/wp\/v2\/tags?post=1675"}],"curies":[{"name":"wp","href":"https:\/\/api.w.org\/{rel}","templated":true}]}}