{"id":1714,"date":"2021-01-04T14:17:00","date_gmt":"2021-01-04T17:17:00","guid":{"rendered":"http:\/\/coral.ufsm.br\/arco\/sitenovo\/?p=1714"},"modified":"2021-01-04T16:32:48","modified_gmt":"2021-01-04T19:32:48","slug":"fases","status":"publish","type":"post","link":"https:\/\/www.ufsm.br\/midias\/arco\/fases","title":{"rendered":"Fases"},"content":{"rendered":"\t\t<div data-elementor-type=\"wp-post\" data-elementor-id=\"1714\" class=\"elementor elementor-1714\">\n\t\t\t\t\t\t<section class=\"elementor-section elementor-top-section elementor-element elementor-element-6373011e elementor-section-boxed elementor-section-height-default elementor-section-height-default\" data-id=\"6373011e\" data-element_type=\"section\">\n\t\t\t\t\t\t<div class=\"elementor-container elementor-column-gap-default\">\n\t\t\t\t\t<div class=\"elementor-column elementor-col-100 elementor-top-column elementor-element elementor-element-26163a79\" data-id=\"26163a79\" data-element_type=\"column\">\n\t\t\t<div class=\"elementor-widget-wrap elementor-element-populated\">\n\t\t\t\t\t\t<div class=\"elementor-element elementor-element-21c55508 elementor-widget elementor-widget-text-editor\" data-id=\"21c55508\" data-element_type=\"widget\" data-widget_type=\"text-editor.default\">\n\t\t\t\t<div class=\"elementor-widget-container\">\n\t\t\t\t\t\t\t<div id=\"subtitulo_noticia\">\u00a0<\/div><div id=\"container_dados\"><div class=\"texto_noticia\"><p>Essa \u00e9 minha foto, revelada\u00a0depois da primeira sa\u00edda fotogr\u00e1fica.<br \/><br \/><img fetchpriority=\"high\" decoding=\"async\" class=\"alignnone size-full wp-image-6355 aligncenter\" src=\"https:\/\/www.ufsm.br\/app\/uploads\/sites\/601\/2021\/01\/recordacoes-1-1.jpg\" alt=\"\" width=\"623\" height=\"705\" srcset=\"https:\/\/www.ufsm.br\/app\/uploads\/sites\/601\/2021\/01\/recordacoes-1-1.jpg 623w, https:\/\/www.ufsm.br\/app\/uploads\/sites\/601\/2021\/01\/recordacoes-1-1-265x300.jpg 265w\" sizes=\"(max-width: 623px) 100vw, 623px\" \/><\/p><p>Tinha me perdido do grupo, fiz a aula sozinho.<\/p><p>Aula do professor Paulo Kuhlmann.<\/p><p>\u2013 \u00d3 professor, fiz essa&#8230;<\/p><p>\u2013 Essa \u00e9 sua primeira foto? Parab\u00e9ns, eu n\u00e3o gosto muito de fotos de crian\u00e7as, mas essa t\u00e1 muito boa. Voc\u00ea vai ser um grande fot\u00f3grafo.<\/p><p>Entrei empolgado no quarto escuro e fiz a amplia\u00e7\u00e3o do indiozinho, irm\u00e3ozinho da menina da foto.<\/p><p><img decoding=\"async\" class=\"size-full wp-image-6356 aligncenter\" src=\"https:\/\/www.ufsm.br\/app\/uploads\/sites\/601\/2021\/01\/recordacoes-2-1.jpg\" alt=\"\" width=\"514\" height=\"599\" srcset=\"https:\/\/www.ufsm.br\/app\/uploads\/sites\/601\/2021\/01\/recordacoes-2-1.jpg 514w, https:\/\/www.ufsm.br\/app\/uploads\/sites\/601\/2021\/01\/recordacoes-2-1-257x300.jpg 257w\" sizes=\"(max-width: 514px) 100vw, 514px\" \/><\/p><p>\u2013 E a\u00ed, professor?<\/p><p>\u2013 Retiro o que eu disse, essa t\u00e1 uma droga!<\/p><p>***<\/p><p>Depois de muito tempo, 4 anos, minha monografia. Paulo era o orientador, e ele foi supremo, virou mais que um orientador, era um amigo que me emprestava livros. Vendo que eu tremia muito antes de apresentar o trabalho, Paulo me tirou para fora da sala e fez uma previs\u00e3o:<\/p><p>\u2013 Fica tranquilo, tua nota j\u00e1 t\u00e1 dada, e tu vai para S\u00e3o Paulo.<\/p><p>Enquanto apresentava minha monografia, era alvejado pelos professores, principalmente por um que, nas suas considera\u00e7\u00f5es finais, falou que com trabalhos assim eu n\u00e3o teria o carro do ano, nem a mulher da minha vida, muito menos ganharia dinheiro. Nem como lambe-lambe numa esquina em Porto Alegre.<\/p><p>O Paulo e a Nara (esposa dele e tamb\u00e9m professora do Centro de Artes e Letras) me fizeram acreditar no meu trabalho, e n\u00e3o desistir dele nunca.<\/p><p>Me deram uma nota 9 e eliminamos mais uma etapa.<\/p><p>***<\/p><p>Agora eu viria para S\u00e3o Paulo.<\/p><p>Uma vez, voltei para Santa Maria para entregar meu relat\u00f3rio de est\u00e1gio.<\/p><p>Por\u00e9m, no relat\u00f3rio de est\u00e1gio de um rapaz de 22 anos, rec\u00e9m-chegado em S\u00e3o Paulo, tinha muita raiva e indigna\u00e7\u00e3o, e, num pequeno espa\u00e7o destinado a cr\u00edticas, eu fui feroz. Nesse dia, no fim da noite, recebo uma liga\u00e7\u00e3o do professor Paulo:<\/p><p>\u2013 Ricardo, bem legal seu relat\u00f3rio, mas tem uma parte que tu fala de um professor, ego\u00edsta, que n\u00e3o empresta as chaves do est\u00fadio e fica regulando o uso das coisas. Fala que os professores t\u00eam que sair mais da universidade e entrar mais em contato com os que est\u00e3o fora.Voc\u00ea est\u00e1 falando de mim?<\/p><p>Nesse dia, do outro lado da linha, me veio a imagem da gente conversando no laborat\u00f3rio e o Paulo me falando de dois nomes, Marcio Simch e Reinaldo C\u00f3ser, importantes fot\u00f3grafos, e que ele j\u00e1 havia falado com o Reinaldo sobre mim e come\u00e7ado a abrir as portas dessa cidade que ainda me metia medo.<\/p><p>\u2013 N\u00e3o, Paulo, n\u00e3o \u00e9 de ti. (E n\u00e3o era mesmo!).<\/p><p>Obrigado professor, obrigado pelas aulas, obrigado pelo excelente timing nas piadas, por confiar a chave do laborat\u00f3rio de foto at\u00e9 nos fins de semana. Pelo seu cora\u00e7\u00e3o!<\/p><p>\u2013 N\u00e3o se assustem, esse \u00e9 o Ricardo, ele dorme por aqui agora.<\/p><p>***<\/p><p>Na minha formatura, eu ganhei um abra\u00e7o desse lindo casal, dessa dupla t\u00e3o querida. A professora Nara fez uma confiss\u00e3o ao p\u00e9 do meu ouvido:<\/p><p>\u2013 N\u00e3o sei se tu vais ganhar muito dinheiro, se vais ter o carro dos teus sonhos, mas a mulher da tua vida tu j\u00e1 encontraste e est\u00e1s indo morar com ela. O resto vem, tu tens um belo trabalho.<\/p><p>***<\/p><p>Pois \u00e9, hoje estou em S\u00e3o Paulo, sem carro \u2013 o que mais de 10 anos depois da apresenta\u00e7\u00e3o da monografia \u00e9 outro status. Dinheiro, ganho o que pague as contas. A mulher da minha vida ainda tenho e me deu uma filha linda, e n\u00e3o existe foto que eu fa\u00e7a que seja mais valiosa do que essa menina.<\/p><p>Portanto, meus queridos professores, obrigado pelo melhor ensinamento.<\/p><p>Amar o que faz. Amar em casa, amar a casa, o trabalho, amar a vida.<\/p><p>E quando a vida mudar de fase, amar as mais belas lembran\u00e7as dela.<\/p><h5>\u00a0<\/h5><h5>*Ricardo Toscani \u00e9 formado em Desenho Industrial na UFSM, e trabalha como fot\u00f3grafo em S\u00e3o Paulo<\/h5><\/div><\/div>\t\t\t\t\t\t<\/div>\n\t\t\t\t<\/div>\n\t\t\t\t\t<\/div>\n\t\t<\/div>\n\t\t\t\t\t<\/div>\n\t\t<\/section>\n\t\t\t\t<\/div>\n\t\t","protected":false},"excerpt":{"rendered":"<p>Por Ricardo Toscani*<\/p>\n","protected":false},"author":88,"featured_media":1527,"comment_status":"closed","ping_status":"closed","sticky":false,"template":"","format":"standard","meta":{"footnotes":""},"categories":[1798],"tags":[2162,268,60],"class_list":["post-1714","post","type-post","status-publish","format-standard","has-post-thumbnail","hentry","category-recordacoes-4-edicao","tag-destaque-ufsm","tag-fotografia","tag-recordacoes"],"acf":[],"_links":{"self":[{"href":"https:\/\/www.ufsm.br\/midias\/arco\/wp-json\/wp\/v2\/posts\/1714","targetHints":{"allow":["GET"]}}],"collection":[{"href":"https:\/\/www.ufsm.br\/midias\/arco\/wp-json\/wp\/v2\/posts"}],"about":[{"href":"https:\/\/www.ufsm.br\/midias\/arco\/wp-json\/wp\/v2\/types\/post"}],"author":[{"embeddable":true,"href":"https:\/\/www.ufsm.br\/midias\/arco\/wp-json\/wp\/v2\/users\/88"}],"replies":[{"embeddable":true,"href":"https:\/\/www.ufsm.br\/midias\/arco\/wp-json\/wp\/v2\/comments?post=1714"}],"version-history":[{"count":0,"href":"https:\/\/www.ufsm.br\/midias\/arco\/wp-json\/wp\/v2\/posts\/1714\/revisions"}],"wp:featuredmedia":[{"embeddable":true,"href":"https:\/\/www.ufsm.br\/midias\/arco\/wp-json\/wp\/v2\/media\/1527"}],"wp:attachment":[{"href":"https:\/\/www.ufsm.br\/midias\/arco\/wp-json\/wp\/v2\/media?parent=1714"}],"wp:term":[{"taxonomy":"category","embeddable":true,"href":"https:\/\/www.ufsm.br\/midias\/arco\/wp-json\/wp\/v2\/categories?post=1714"},{"taxonomy":"post_tag","embeddable":true,"href":"https:\/\/www.ufsm.br\/midias\/arco\/wp-json\/wp\/v2\/tags?post=1714"}],"curies":[{"name":"wp","href":"https:\/\/api.w.org\/{rel}","templated":true}]}}